{"id":34995,"date":"2023-09-15T16:05:19","date_gmt":"2023-09-15T19:05:19","guid":{"rendered":"https:\/\/radiorevelacionfm.cl\/?p=34995"},"modified":"2023-09-15T16:05:19","modified_gmt":"2023-09-15T19:05:19","slug":"programa-mujeres-con-energia-continua-fortaleciendo-a-emprendedoras-de-la-region","status":"publish","type":"post","link":"https:\/\/radiorevelacionfm.cl\/?p=34995","title":{"rendered":"Programa Mujeres con Energ\u00eda contin\u00faa fortaleciendo a emprendedoras de la regi\u00f3n"},"content":{"rendered":"<div class=\"flex_column av_one_full  flex_column_div av-zero-column-padding first  avia-builder-el-0  el_before_av_one_full  avia-builder-el-first  \" style='border-radius:0px; '><div  class='avia-image-container  av-styling-    avia-builder-el-1  avia-builder-el-no-sibling  avia-align-center '  itemprop=\"image\" itemscope=\"itemscope\" itemtype=\"https:\/\/schema.org\/ImageObject\"  ><div class='avia-image-container-inner'><div class='avia-image-overlay-wrap'><img decoding=\"async\" class='wp-image-34996 avia-img-lazy-loading-not-34996 avia_image' src=\"https:\/\/radiorevelacionfm.cl\/wp-content\/uploads\/2023\/09\/cafe-tero1_optimized.jpeg\" alt='' title='cafe-tero1_optimized' height=\"695\" width=\"840\"  itemprop=\"thumbnailUrl\" srcset=\"https:\/\/radiorevelacionfm.cl\/wp-content\/uploads\/2023\/09\/cafe-tero1_optimized.jpeg 840w, https:\/\/radiorevelacionfm.cl\/wp-content\/uploads\/2023\/09\/cafe-tero1_optimized-300x248.jpeg 300w, https:\/\/radiorevelacionfm.cl\/wp-content\/uploads\/2023\/09\/cafe-tero1_optimized-768x635.jpeg 768w, https:\/\/radiorevelacionfm.cl\/wp-content\/uploads\/2023\/09\/cafe-tero1_optimized-705x583.jpeg 705w, https:\/\/radiorevelacionfm.cl\/wp-content\/uploads\/2023\/09\/cafe-tero1_optimized-450x372.jpeg 450w, https:\/\/radiorevelacionfm.cl\/wp-content\/uploads\/2023\/09\/cafe-tero1_optimized-600x496.jpeg 600w\" sizes=\"(max-width: 840px) 100vw, 840px\" \/><\/div><\/div><\/div><\/div><div class=\"flex_column av_one_full  flex_column_div av-zero-column-padding first  avia-builder-el-2  el_after_av_one_full  el_before_av_one_full  column-top-margin\" style='border-radius:0px; '><section class=\"av_textblock_section \"  itemscope=\"itemscope\" itemtype=\"https:\/\/schema.org\/BlogPosting\" itemprop=\"blogPost\" ><div class='avia_textblock  '   itemprop=\"text\" ><p style=\"text-align: center;\"><strong><span style=\"font-size: 18pt;\">Programa Mujeres con Energ\u00eda contin\u00faa fortaleciendo a emprendedoras de la regi\u00f3n<\/span><\/strong><\/p>\n<div id=\"gtx-trans\" style=\"position: absolute; left: -50px; top: 4.31534px;\">\n<div class=\"gtx-trans-icon\"><\/div>\n<\/div>\n<\/div><\/section><\/div><div class=\"flex_column av_one_full  flex_column_div av-zero-column-padding first  avia-builder-el-4  el_after_av_one_full  el_before_av_hr  column-top-margin\" style='border-radius:0px; '><section class=\"av_textblock_section \"  itemscope=\"itemscope\" itemtype=\"https:\/\/schema.org\/BlogPosting\" itemprop=\"blogPost\" ><div class='avia_textblock  '   itemprop=\"text\" ><p style=\"text-align: justify;\">En un esfuerzo conjunto por promover y fortalecer el emprendimiento femenino desde Chait\u00e9n hasta Villa O\u2019Higgins, Edelaysen junto a Grupo Saesa han dado vida a la academia de \u201cMujeres con Energ\u00eda\u201d, la cual arranc\u00f3 hace algunas semanas con el objetivo de promover el \u00e9xito de las mujeres de la zona en una amplia gama de conceptos claves para su desarrollo.<\/p>\n<p style=\"text-align: justify;\">Patricio Raimilla, el jefe de Servicio al Cliente de Edelaysen, subraya la importancia de esta iniciativa: \u00abLa Academia de Mujeres con Energ\u00eda es un claro ejemplo de nuestro compromiso con la comunidad y el desarrollo regional. En Edelaysen nos sentimos orgullosos de colaborar para brindar a las mujeres emprendedoras las herramientas y los conocimientos necesarios para alcanzar el \u00e9xito en un entorno en constante cambio\u00bb.<\/p>\n<p style=\"text-align: justify;\">La academia de \u201cMujeres con Energ\u00eda\u201d, representa un faro de oportunidad para aquellas mujeres que buscan consolidar y expandir sus emprendimientos. A trav\u00e9s de una colaboraci\u00f3n s\u00f3lida con este objetivo, se ha establecido esta academia que permite fomentar el aprendizaje, crecimiento y la formaci\u00f3n de valiosas conexiones dentro de la comunidad empresarial.<\/p>\n<p style=\"text-align: justify;\">En tal sentido 15 son las participantes que Edelaysen seleccion\u00f3 en esta nueva versi\u00f3n, donde las emprendedoras han adquirido conocimientos sobre como capitalizar las oportunidades en cada una de sus \u00e1reas, contribuyendo as\u00ed al desarrollo sostenible de cada comuna y localidad a la que representan.<\/p>\n<p style=\"text-align: justify;\">Mar\u00eda Constanza Cuevas, emprendedora de la comuna de Cochrane y due\u00f1a de la cafeter\u00eda \u201cCaf\u00e9-Tero\u201d destac\u00f3 que: \u201cEs una experiencia que requiri\u00f3 m\u00e1s tiempo de lo que pensaba, pero igual est\u00e1 bien porque la verdad en un mes y medio siempre se puede llegar a empapar s\u00faper bien de los temas, adem\u00e1s de generar redes igual con las otras chicas. Lo que m\u00e1s rescato es el tema de tantos ejemplos, porque se habl\u00f3 de muchos temas y es bonito ejemplificar y entender la base de los m\u00f3dulos, que luego se convierte eso en clase en vivo, pero lo m\u00e1s importante creo que es conocer los ejemplos de otras personas que est\u00e1n haciendo lo mismo y poder tambi\u00e9n motivarse con eso\u201d.<\/p>\n<p style=\"text-align: justify;\">Dentro de los pr\u00f3ximos d\u00edas, Edelaysen dar\u00e1 a conocer los nombres de aquellas emprendedoras que obtengan las mejores calificaciones del periodo de aprendizaje, incentivadas por un premio econ\u00f3mico de libre disposici\u00f3n para cada una de las ganadoras.<\/p>\n<\/div><\/section><\/div><div  style='height:50px' class='hr hr-invisible   avia-builder-el-6  el_after_av_one_full  el_before_av_social_share '><span class='hr-inner ' ><span class='hr-inner-style'><\/span><\/span><\/div><\/p>\n<div  class='av-social-sharing-box  avia-builder-el-7  el_after_av_hr  el_before_av_hr  '><div class='av-share-box'><h5 class='av-share-link-description av-no-toc '>Compartir esta noticia<\/h5><ul class='av-share-box-list noLightbox'><li class='av-share-link av-social-link-facebook' ><a target=\"_blank\" aria-label=\"Compartir en Facebook\" href='https:\/\/www.facebook.com\/sharer.php?u=https:\/\/radiorevelacionfm.cl\/?p=34995&#038;t=Programa%20Mujeres%20con%20Energ%C3%ADa%20contin%C3%BAa%20fortaleciendo%20a%20emprendedoras%20de%20la%20regi%C3%B3n' aria-hidden='false' data-av_icon='\ue8f3' data-av_iconfont='entypo-fontello' title='' data-avia-related-tooltip='Compartir en Facebook' rel=\"noopener\"><span class='avia_hidden_link_text'>Compartir en Facebook<\/span><\/a><\/li><li class='av-share-link av-social-link-twitter' ><a target=\"_blank\" aria-label=\"Compartir en Twitter\" href='https:\/\/twitter.com\/share?text=Programa%20Mujeres%20con%20Energ%C3%ADa%20contin%C3%BAa%20fortaleciendo%20a%20emprendedoras%20de%20la%20regi%C3%B3n&#038;url=https:\/\/radiorevelacionfm.cl\/?p=34995' aria-hidden='false' data-av_icon='\ue8f1' data-av_iconfont='entypo-fontello' title='' data-avia-related-tooltip='Compartir en Twitter' rel=\"noopener\"><span class='avia_hidden_link_text'>Compartir en Twitter<\/span><\/a><\/li><li class='av-share-link av-social-link-whatsapp' ><a target=\"_blank\" aria-label=\"Compartir en Whatsapp\" href='https:\/\/api.whatsapp.com\/send?text=https:\/\/radiorevelacionfm.cl\/?p=34995' aria-hidden='false' data-av_icon='\uf232' data-av_iconfont='entypo-fontello' title='' data-avia-related-tooltip='Compartir en Whatsapp' rel=\"noopener\"><span class='avia_hidden_link_text'>Compartir en Whatsapp<\/span><\/a><\/li><li class='av-share-link av-social-link-linkedin' ><a target=\"_blank\" aria-label=\"Compartir en LinkedIn\" href='https:\/\/linkedin.com\/shareArticle?mini=true&#038;title=Programa%20Mujeres%20con%20Energ%C3%ADa%20contin%C3%BAa%20fortaleciendo%20a%20emprendedoras%20de%20la%20regi%C3%B3n&#038;url=https:\/\/radiorevelacionfm.cl\/?p=34995' aria-hidden='false' data-av_icon='\ue8fc' data-av_iconfont='entypo-fontello' title='' data-avia-related-tooltip='Compartir en LinkedIn' rel=\"noopener\"><span class='avia_hidden_link_text'>Compartir en LinkedIn<\/span><\/a><\/li><li class='av-share-link av-social-link-mail' ><a  aria-label=\"Compartir por correo\" href='mailto:?subject=Programa%20Mujeres%20con%20Energ%C3%ADa%20contin%C3%BAa%20fortaleciendo%20a%20emprendedoras%20de%20la%20regi%C3%B3n&#038;body=https:\/\/radiorevelacionfm.cl\/?p=34995' aria-hidden='false' data-av_icon='\ue805' data-av_iconfont='entypo-fontello' title='' data-avia-related-tooltip='Compartir por correo'><span class='avia_hidden_link_text'>Compartir por correo<\/span><\/a><\/li><\/ul><\/div><\/div>\n<div  style='height:50px' class='hr hr-invisible   avia-builder-el-8  el_after_av_social_share  el_before_av_comments_list '><span class='hr-inner ' ><span class='hr-inner-style'><\/span><\/span><\/div>\n<div  class='av-buildercomment  av-blog-meta-html-info-disabled av-blog-meta-tag-disabled  '><\/div>\n","protected":false},"excerpt":{"rendered":"","protected":false},"author":1,"featured_media":34996,"comment_status":"open","ping_status":"open","sticky":false,"template":"","format":"standard","meta":{"footnotes":""},"categories":[38],"tags":[],"class_list":["post-34995","post","type-post","status-publish","format-standard","has-post-thumbnail","hentry","category-regional"],"jetpack_featured_media_url":"https:\/\/radiorevelacionfm.cl\/wp-content\/uploads\/2023\/09\/cafe-tero1_optimized.jpeg","_links":{"self":[{"href":"https:\/\/radiorevelacionfm.cl\/index.php?rest_route=\/wp\/v2\/posts\/34995","targetHints":{"allow":["GET"]}}],"collection":[{"href":"https:\/\/radiorevelacionfm.cl\/index.php?rest_route=\/wp\/v2\/posts"}],"about":[{"href":"https:\/\/radiorevelacionfm.cl\/index.php?rest_route=\/wp\/v2\/types\/post"}],"author":[{"embeddable":true,"href":"https:\/\/radiorevelacionfm.cl\/index.php?rest_route=\/wp\/v2\/users\/1"}],"replies":[{"embeddable":true,"href":"https:\/\/radiorevelacionfm.cl\/index.php?rest_route=%2Fwp%2Fv2%2Fcomments&post=34995"}],"version-history":[{"count":1,"href":"https:\/\/radiorevelacionfm.cl\/index.php?rest_route=\/wp\/v2\/posts\/34995\/revisions"}],"predecessor-version":[{"id":34997,"href":"https:\/\/radiorevelacionfm.cl\/index.php?rest_route=\/wp\/v2\/posts\/34995\/revisions\/34997"}],"wp:featuredmedia":[{"embeddable":true,"href":"https:\/\/radiorevelacionfm.cl\/index.php?rest_route=\/wp\/v2\/media\/34996"}],"wp:attachment":[{"href":"https:\/\/radiorevelacionfm.cl\/index.php?rest_route=%2Fwp%2Fv2%2Fmedia&parent=34995"}],"wp:term":[{"taxonomy":"category","embeddable":true,"href":"https:\/\/radiorevelacionfm.cl\/index.php?rest_route=%2Fwp%2Fv2%2Fcategories&post=34995"},{"taxonomy":"post_tag","embeddable":true,"href":"https:\/\/radiorevelacionfm.cl\/index.php?rest_route=%2Fwp%2Fv2%2Ftags&post=34995"}],"curies":[{"name":"wp","href":"https:\/\/api.w.org\/{rel}","templated":true}]}}