{"id":34992,"date":"2023-09-14T18:04:02","date_gmt":"2023-09-14T21:04:02","guid":{"rendered":"https:\/\/radiorevelacionfm.cl\/?p=34992"},"modified":"2023-09-14T18:04:02","modified_gmt":"2023-09-14T21:04:02","slug":"olvido-oncologico-senado-aprobo-de-forma-unanime-el-proyecto-de-ley-patrocinado-por-ximena-ordenes","status":"publish","type":"post","link":"https:\/\/radiorevelacionfm.cl\/?p=34992","title":{"rendered":"Olvido Oncol\u00f3gico: Senado aprob\u00f3 de forma un\u00e1nime el proyecto de ley patrocinado por Ximena \u00d3rdenes"},"content":{"rendered":"<div class=\"flex_column av_one_full  flex_column_div av-zero-column-padding first  avia-builder-el-0  el_before_av_one_full  avia-builder-el-first  \" style='border-radius:0px; '><div  class='avia-image-container  av-styling-    avia-builder-el-1  avia-builder-el-no-sibling  avia-align-center '  itemprop=\"image\" itemscope=\"itemscope\" itemtype=\"https:\/\/schema.org\/ImageObject\"  ><div class='avia-image-container-inner'><div class='avia-image-overlay-wrap'><img decoding=\"async\" class='wp-image-34993 avia-img-lazy-loading-not-34993 avia_image' src=\"https:\/\/radiorevelacionfm.cl\/wp-content\/uploads\/2023\/09\/Foto-1-2-1-1.jpeg\" alt='' title='Foto #1 (2) (1) (1)' height=\"600\" width=\"911\"  itemprop=\"thumbnailUrl\" srcset=\"https:\/\/radiorevelacionfm.cl\/wp-content\/uploads\/2023\/09\/Foto-1-2-1-1.jpeg 911w, https:\/\/radiorevelacionfm.cl\/wp-content\/uploads\/2023\/09\/Foto-1-2-1-1-300x198.jpeg 300w, https:\/\/radiorevelacionfm.cl\/wp-content\/uploads\/2023\/09\/Foto-1-2-1-1-768x506.jpeg 768w, https:\/\/radiorevelacionfm.cl\/wp-content\/uploads\/2023\/09\/Foto-1-2-1-1-705x464.jpeg 705w, https:\/\/radiorevelacionfm.cl\/wp-content\/uploads\/2023\/09\/Foto-1-2-1-1-450x296.jpeg 450w, https:\/\/radiorevelacionfm.cl\/wp-content\/uploads\/2023\/09\/Foto-1-2-1-1-600x395.jpeg 600w\" sizes=\"(max-width: 911px) 100vw, 911px\" \/><\/div><\/div><\/div><\/div><div class=\"flex_column av_one_full  flex_column_div av-zero-column-padding first  avia-builder-el-2  el_after_av_one_full  el_before_av_one_full  column-top-margin\" style='border-radius:0px; '><section class=\"av_textblock_section \"  itemscope=\"itemscope\" itemtype=\"https:\/\/schema.org\/BlogPosting\" itemprop=\"blogPost\" ><div class='avia_textblock  '   itemprop=\"text\" ><p style=\"text-align: center;\"><strong><span style=\"font-size: 18pt;\">Olvido Oncol\u00f3gico: Senado aprob\u00f3 de forma un\u00e1nime el proyecto de ley patrocinado por Ximena \u00d3rdenes<\/span><\/strong><\/p>\n<div id=\"gtx-trans\" style=\"position: absolute; left: -50px; top: 4.31534px;\">\n<div class=\"gtx-trans-icon\"><\/div>\n<\/div>\n<\/div><\/section><\/div><div class=\"flex_column av_one_full  flex_column_div av-zero-column-padding first  avia-builder-el-4  el_after_av_one_full  el_before_av_hr  column-top-margin\" style='border-radius:0px; '><section class=\"av_textblock_section \"  itemscope=\"itemscope\" itemtype=\"https:\/\/schema.org\/BlogPosting\" itemprop=\"blogPost\" ><div class='avia_textblock  '   itemprop=\"text\" ><p style=\"text-align: justify;\">El proyecto que inici\u00f3 su tramitaci\u00f3n durante el mes de agosto lleg\u00f3 a sala con amplio respaldo. Durante el debate, las y los senadores mostraron su apoyo a la iniciativa que busca consagrar el derecho al olvido oncol\u00f3gico, aprobando un\u00e1nimemente la idea, que fue despachada a la c\u00e1mara de diputadas y diputados. Esta, tiene el objetivo de ir en contra de la discriminaci\u00f3n a los pacientes oncol\u00f3gicos recuperados, modificando la Ley del C\u00e1ncer.<\/p>\n<p style=\"text-align: justify;\">La senadora por la regi\u00f3n de Ays\u00e9n, Ximena Ordenes, quien integra la Comisi\u00f3n de Salud del Senado y una de las patrocinantes del proyecto junto a los senadores Mat\u00edas Walker -autor-, Juan Luis Castro, Francisco Chahu\u00e1n y Sergio Gahona, valor\u00f3 la iniciativa. <u>\u201cEs la principal causa de muerte en nuestro pa\u00eds y la modificaci\u00f3n de la Ley de C\u00e1ncer, donde se reconoce el olvido oncol\u00f3gico, es un requisito fundamental para seguir consolidando el proceso legislativo\u201d<\/u>, sostuvo la parlamentaria.<\/p>\n<p style=\"text-align: justify;\"><u>\u201cLo que se pretende es que aquellas personas que han vivido con c\u00e1ncer no sigan arrastrando un estigma que les est\u00e1 afectando no solo en sus condiciones de salud, que ya son fuente de inseguridad e incertidumbre para ellos y sus familias, sino que se les garantice que cuando ingresen a solicitar algunos servicios o productos en el mercado financiero o el sector crediticio, no sufran una nueva discriminaci\u00f3n<\/u>\u201d, se\u00f1al\u00f3 \u00d3rdenes en el punto de prensa previo a la votaci\u00f3n en sala.<\/p>\n<p style=\"text-align: justify;\">En el esp\u00edritu del proyecto se establece que \u201ctranscurrido el plazo de 5 a\u00f1os, ning\u00fan asegurador podr\u00e1 considerar la existencia de antecedentes oncol\u00f3gicos\u201d, para diferentes efectos. Adem\u00e1s, tiene por objetivo dejar nulas \u201caquellas cl\u00e1usulas, estipulaciones, condiciones onerosas, exclusiones, restricciones o discriminaciones de cualquier otro modo destinadas a quien haya sufrido una patolog\u00eda oncol\u00f3gica antes de la fecha de suscripci\u00f3n del contrato o negocio jur\u00eddico\u201d. Esto cuando hayan transcurrido los cinco a\u00f1os desde la finalizaci\u00f3n del tratamiento sin reca\u00edda.<\/p>\n<p style=\"text-align: justify;\"><strong>Discriminaci\u00f3n y abuso en contra de pacientes<\/strong><\/p>\n<p style=\"text-align: justify;\">\u201cHay mucha gente que ha estado durante a\u00f1os tratando de salir adelante con un cr\u00e9dito y por esta enfermedad no se lo han dado\u201d, se\u00f1al\u00f3 Mar\u00eda Osses, quien fue diagnosticada con c\u00e1ncer de mamas en grado dos el a\u00f1o 2005, teniendo que irse de la regi\u00f3n para seguir un tratamiento que le permiti\u00f3 recuperarse tras a\u00f1os de cuidados.<\/p>\n<p style=\"text-align: justify;\">Mar\u00eda destac\u00f3 el proyecto, evidenciando que producto de su enfermedad le fue imposible conseguir un seguro de vida. \u201cLo primero que hicieron fue cerrarme las puertas, ya que yo les dije que era una paciente de c\u00e1ncer y me dijeron que no, que a esas personas no les daban seguros de vida\u201d,\u00a0 cont\u00f3, sosteniendo que espera que esta iniciativa se logre aprobar en la c\u00e1mara de diputados. \u201cCreo que es super buena esta idea. Quiero darle las gracias a la senadora, la se\u00f1ora Ximena \u00d3rdenes, porque ella est\u00e1 haciendo que este proyecto salga adelante, ya que ella lo present\u00f3. Ya fue aprobado en una parte y ahora falta la otra y ojal\u00e1 que salga todo bien\u201d, manifest\u00f3 Osses.<\/p>\n<p style=\"text-align: justify;\">Del mismo modo, durante el debate, los congresistas hicieron alusi\u00f3n a la realidad que viven miles de pacientes de c\u00e1ncer, que pese a tener la enfermedad en remisi\u00f3n, deben aceptar cl\u00e1usulas abusivas para acceder a productos financieros que les son esenciales, vi\u00e9ndose discriminados. Adem\u00e1s, reflexionaron sobre los problemas en salud, tanto en el sistema p\u00fablico, como privado, criticando la implementaci\u00f3n de la Ley Nacional de C\u00e1ncer, particularmente en regiones.<\/p>\n<p style=\"text-align: justify;\">Durante su intervenci\u00f3n en sala, la senadora Ximena \u00d3rdenes repar\u00f3 en la existencia de una moci\u00f3n posterior que surgi\u00f3 en la c\u00e1mara baja, que pese a tener la misma inspiraci\u00f3n, gener\u00f3 tensiones sobre el proyecto. <u>\u201cEsta situaci\u00f3n no es nueva. Espero que se respete el proyecto de ley que se ingresa m\u00e1s tempranamente. Este es un criterio que deber\u00edamos revisar en los reglamentos y evitar a futuro la tensi\u00f3n que esto provoca. Ac\u00e1 lo importante es el proyecto y tengo confianza que lo sacaremos adelante\u201d<\/u>, se\u00f1al\u00f3, antes de emitir su voto. De este modo y con un respaldo de 36 votos a favor, la Sala del Senado deriv\u00f3 la propuesta para que sea revisada en la C\u00e1mara Baja.<\/p>\n<\/div><\/section><\/div><div  style='height:50px' class='hr hr-invisible   avia-builder-el-6  el_after_av_one_full  el_before_av_social_share '><span class='hr-inner ' ><span class='hr-inner-style'><\/span><\/span><\/div><\/p>\n<div  class='av-social-sharing-box  avia-builder-el-7  el_after_av_hr  el_before_av_hr  '><div class='av-share-box'><h5 class='av-share-link-description av-no-toc '>Compartir esta noticia<\/h5><ul class='av-share-box-list noLightbox'><li class='av-share-link av-social-link-facebook' ><a target=\"_blank\" aria-label=\"Compartir en Facebook\" href='https:\/\/www.facebook.com\/sharer.php?u=https:\/\/radiorevelacionfm.cl\/?p=34992&#038;t=Olvido%20Oncol%C3%B3gico%3A%20Senado%20aprob%C3%B3%20de%20forma%20un%C3%A1nime%20el%20proyecto%20de%20ley%20patrocinado%20por%20Ximena%20%C3%93rdenes' aria-hidden='false' data-av_icon='\ue8f3' data-av_iconfont='entypo-fontello' title='' data-avia-related-tooltip='Compartir en Facebook' rel=\"noopener\"><span class='avia_hidden_link_text'>Compartir en Facebook<\/span><\/a><\/li><li class='av-share-link av-social-link-twitter' ><a target=\"_blank\" aria-label=\"Compartir en Twitter\" href='https:\/\/twitter.com\/share?text=Olvido%20Oncol%C3%B3gico%3A%20Senado%20aprob%C3%B3%20de%20forma%20un%C3%A1nime%20el%20proyecto%20de%20ley%20patrocinado%20por%20Ximena%20%C3%93rdenes&#038;url=https:\/\/radiorevelacionfm.cl\/?p=34992' aria-hidden='false' data-av_icon='\ue8f1' data-av_iconfont='entypo-fontello' title='' data-avia-related-tooltip='Compartir en Twitter' rel=\"noopener\"><span class='avia_hidden_link_text'>Compartir en Twitter<\/span><\/a><\/li><li class='av-share-link av-social-link-whatsapp' ><a target=\"_blank\" aria-label=\"Compartir en Whatsapp\" href='https:\/\/api.whatsapp.com\/send?text=https:\/\/radiorevelacionfm.cl\/?p=34992' aria-hidden='false' data-av_icon='\uf232' data-av_iconfont='entypo-fontello' title='' data-avia-related-tooltip='Compartir en Whatsapp' rel=\"noopener\"><span class='avia_hidden_link_text'>Compartir en Whatsapp<\/span><\/a><\/li><li class='av-share-link av-social-link-linkedin' ><a target=\"_blank\" aria-label=\"Compartir en LinkedIn\" href='https:\/\/linkedin.com\/shareArticle?mini=true&#038;title=Olvido%20Oncol%C3%B3gico%3A%20Senado%20aprob%C3%B3%20de%20forma%20un%C3%A1nime%20el%20proyecto%20de%20ley%20patrocinado%20por%20Ximena%20%C3%93rdenes&#038;url=https:\/\/radiorevelacionfm.cl\/?p=34992' aria-hidden='false' data-av_icon='\ue8fc' data-av_iconfont='entypo-fontello' title='' data-avia-related-tooltip='Compartir en LinkedIn' rel=\"noopener\"><span class='avia_hidden_link_text'>Compartir en LinkedIn<\/span><\/a><\/li><li class='av-share-link av-social-link-mail' ><a  aria-label=\"Compartir por correo\" href='mailto:?subject=Olvido%20Oncol%C3%B3gico%3A%20Senado%20aprob%C3%B3%20de%20forma%20un%C3%A1nime%20el%20proyecto%20de%20ley%20patrocinado%20por%20Ximena%20%C3%93rdenes&#038;body=https:\/\/radiorevelacionfm.cl\/?p=34992' aria-hidden='false' data-av_icon='\ue805' data-av_iconfont='entypo-fontello' title='' data-avia-related-tooltip='Compartir por correo'><span class='avia_hidden_link_text'>Compartir por correo<\/span><\/a><\/li><\/ul><\/div><\/div>\n<div  style='height:50px' class='hr hr-invisible   avia-builder-el-8  el_after_av_social_share  el_before_av_comments_list '><span class='hr-inner ' ><span class='hr-inner-style'><\/span><\/span><\/div>\n<div  class='av-buildercomment  av-blog-meta-html-info-disabled av-blog-meta-tag-disabled  '><\/div>\n","protected":false},"excerpt":{"rendered":"","protected":false},"author":1,"featured_media":34993,"comment_status":"open","ping_status":"open","sticky":false,"template":"","format":"standard","meta":{"footnotes":""},"categories":[35],"tags":[],"class_list":["post-34992","post","type-post","status-publish","format-standard","has-post-thumbnail","hentry","category-politica"],"jetpack_featured_media_url":"https:\/\/radiorevelacionfm.cl\/wp-content\/uploads\/2023\/09\/Foto-1-2-1-1.jpeg","_links":{"self":[{"href":"https:\/\/radiorevelacionfm.cl\/index.php?rest_route=\/wp\/v2\/posts\/34992","targetHints":{"allow":["GET"]}}],"collection":[{"href":"https:\/\/radiorevelacionfm.cl\/index.php?rest_route=\/wp\/v2\/posts"}],"about":[{"href":"https:\/\/radiorevelacionfm.cl\/index.php?rest_route=\/wp\/v2\/types\/post"}],"author":[{"embeddable":true,"href":"https:\/\/radiorevelacionfm.cl\/index.php?rest_route=\/wp\/v2\/users\/1"}],"replies":[{"embeddable":true,"href":"https:\/\/radiorevelacionfm.cl\/index.php?rest_route=%2Fwp%2Fv2%2Fcomments&post=34992"}],"version-history":[{"count":1,"href":"https:\/\/radiorevelacionfm.cl\/index.php?rest_route=\/wp\/v2\/posts\/34992\/revisions"}],"predecessor-version":[{"id":34994,"href":"https:\/\/radiorevelacionfm.cl\/index.php?rest_route=\/wp\/v2\/posts\/34992\/revisions\/34994"}],"wp:featuredmedia":[{"embeddable":true,"href":"https:\/\/radiorevelacionfm.cl\/index.php?rest_route=\/wp\/v2\/media\/34993"}],"wp:attachment":[{"href":"https:\/\/radiorevelacionfm.cl\/index.php?rest_route=%2Fwp%2Fv2%2Fmedia&parent=34992"}],"wp:term":[{"taxonomy":"category","embeddable":true,"href":"https:\/\/radiorevelacionfm.cl\/index.php?rest_route=%2Fwp%2Fv2%2Fcategories&post=34992"},{"taxonomy":"post_tag","embeddable":true,"href":"https:\/\/radiorevelacionfm.cl\/index.php?rest_route=%2Fwp%2Fv2%2Ftags&post=34992"}],"curies":[{"name":"wp","href":"https:\/\/api.w.org\/{rel}","templated":true}]}}