{"id":34989,"date":"2023-09-13T19:41:20","date_gmt":"2023-09-13T22:41:20","guid":{"rendered":"https:\/\/radiorevelacionfm.cl\/?p=34989"},"modified":"2023-09-13T19:41:20","modified_gmt":"2023-09-13T22:41:20","slug":"gran-convocatoria-logro-la-fonda-organizada-por-la-oficina-local-de-la-ninez-en-aysen","status":"publish","type":"post","link":"https:\/\/radiorevelacionfm.cl\/?p=34989","title":{"rendered":"Gran convocatoria logr\u00f3 la fonda organizada por la Oficina Local de la Ni\u00f1ez en Ays\u00e9n"},"content":{"rendered":"<div class=\"flex_column av_one_full  flex_column_div av-zero-column-padding first  avia-builder-el-0  el_before_av_one_full  avia-builder-el-first  \" style='border-radius:0px; '><div  class='avia-image-container  av-styling-    avia-builder-el-1  avia-builder-el-no-sibling  avia-align-center '  itemprop=\"image\" itemscope=\"itemscope\" itemtype=\"https:\/\/schema.org\/ImageObject\"  ><div class='avia-image-container-inner'><div class='avia-image-overlay-wrap'><img decoding=\"async\" class='wp-image-34990 avia-img-lazy-loading-not-34990 avia_image' src=\"https:\/\/radiorevelacionfm.cl\/wp-content\/uploads\/2023\/09\/FONDA-NINEZ-10-1-1.jpg\" alt='' title='FONDA NI\u00d1EZ 10 (1) (1)' height=\"600\" width=\"900\"  itemprop=\"thumbnailUrl\" srcset=\"https:\/\/radiorevelacionfm.cl\/wp-content\/uploads\/2023\/09\/FONDA-NINEZ-10-1-1.jpg 900w, https:\/\/radiorevelacionfm.cl\/wp-content\/uploads\/2023\/09\/FONDA-NINEZ-10-1-1-300x200.jpg 300w, https:\/\/radiorevelacionfm.cl\/wp-content\/uploads\/2023\/09\/FONDA-NINEZ-10-1-1-768x512.jpg 768w, https:\/\/radiorevelacionfm.cl\/wp-content\/uploads\/2023\/09\/FONDA-NINEZ-10-1-1-705x470.jpg 705w, https:\/\/radiorevelacionfm.cl\/wp-content\/uploads\/2023\/09\/FONDA-NINEZ-10-1-1-450x300.jpg 450w, https:\/\/radiorevelacionfm.cl\/wp-content\/uploads\/2023\/09\/FONDA-NINEZ-10-1-1-600x400.jpg 600w\" sizes=\"(max-width: 900px) 100vw, 900px\" \/><\/div><\/div><\/div><\/div><div class=\"flex_column av_one_full  flex_column_div av-zero-column-padding first  avia-builder-el-2  el_after_av_one_full  el_before_av_one_full  column-top-margin\" style='border-radius:0px; '><section class=\"av_textblock_section \"  itemscope=\"itemscope\" itemtype=\"https:\/\/schema.org\/BlogPosting\" itemprop=\"blogPost\" ><div class='avia_textblock  '   itemprop=\"text\" ><p style=\"text-align: center;\"><strong><span style=\"font-size: 18pt;\">Gran convocatoria logr\u00f3 la fonda organizada por la Oficina Local de la Ni\u00f1ez en Ays\u00e9n<\/span><\/strong><\/p>\n<div id=\"gtx-trans\" style=\"position: absolute; left: -50px; top: 4.31534px;\">\n<div class=\"gtx-trans-icon\"><\/div>\n<\/div>\n<\/div><\/section><\/div><div class=\"flex_column av_one_full  flex_column_div av-zero-column-padding first  avia-builder-el-4  el_after_av_one_full  el_before_av_hr  column-top-margin\" style='border-radius:0px; '><section class=\"av_textblock_section \"  itemscope=\"itemscope\" itemtype=\"https:\/\/schema.org\/BlogPosting\" itemprop=\"blogPost\" ><div class='avia_textblock  '   itemprop=\"text\" ><p style=\"text-align: justify;\">En dependencias del gimnasio de la escuela Ays\u00e9n, la Oficina Local de la Ni\u00f1ez desarroll\u00f3 por segundo a\u00f1o consecutivo la Fonda de los Derechos, instancia que re\u00fane a estudiantes de distintos establecimientos educacionales, tanto municipales como particulares subvencionados.<\/p>\n<p style=\"text-align: justify;\">En la jornada hubo m\u00fasica, baile, juegos y comidas t\u00edpicas, todo con el fin de celebrar las Fiestas Patrias con \u00e9nfasis en los derechos de los ni\u00f1os, ni\u00f1as y adolescentes. Tambi\u00e9n estuvieron en la actividad, la oficina de integraci\u00f3n comunitaria de Carabineros, programa Senda Previene, EPI Crianza, escuela lenguaje Kalem, escuela Ays\u00e9n, escuela Gabriela Mistral y escuela Despertar.<\/p>\n<p style=\"text-align: justify;\">\u201cEstamos muy contentos porque los ni\u00f1os disfrutan mucho de este tipo de actividades, ah\u00ed est\u00e1n con sus juegos t\u00edpicos, tambi\u00e9n incorporada la orquesta infantil, adem\u00e1s, los n\u00fameros de cada establecimiento educacional. Creo que ha sido un tremendo acierto lo que hemos estado haciendo por segundo a\u00f1o consecutivo, por lo tanto, felicitar al equipo de la OLN, las diferentes unidades de Dideco, que han estado trabajando firmemente para que esto sea un \u00e9xito\u201d, mencion\u00f3 el Alcalde Julio Uribe Alvarado.<\/p>\n<p style=\"text-align: justify;\">La encargada de la Oficina Local de la Ni\u00f1ez, Evelyn Anabalon, puso en valor el desarrollo de la actividad recreativa que va de la mano con relevar los derechos de los ni\u00f1os, ni\u00f1as y adolescentes.<\/p>\n<p style=\"text-align: justify;\">\u201cHemos hecho un trabajo con una coordinaci\u00f3n anterior con los colegios, para que puedan traer delegaciones de ni\u00f1os, ni\u00f1as y adolescentes, la idea era que puedan integrarse todos los establecimientos a esta actividad. Muy importante adem\u00e1s que, esta actividad se enmarca en el componente del \u00e1rea de promoci\u00f3n territorial que tiene la oficina local de la ni\u00f1ez, con el fin de prevenir situaciones de riesgo, no exponer a los ni\u00f1os a factores de riesgo, sobre todo en estas Fiestas Patrias. Por lo cual, el llamado que se hace es, al autocuidado, a un cuidado responsable de los adultos hacia los ni\u00f1os, sobre todo potenciar el amor, el cari\u00f1o y el respeto\u201d.<\/p>\n<p style=\"text-align: justify;\">La directora del jard\u00edn infantil \u201cGotitas de Lluvia\u201d, Francisca Mendoza Arias, dijo que, es muy importante que los ni\u00f1os y ni\u00f1as puedan disfrutar de instancias como la \u201cFonda de los Derechos\u201d.<\/p>\n<p style=\"text-align: justify;\">\u201cPara nosotros es s\u00faper importante poder participar y es tambi\u00e9n importante poder relevar la ni\u00f1ez, o sea que, los ni\u00f1os puedan disfrutar de estos espacios de esparcimiento, celebrando Fiestas Patrias y los ni\u00f1os estaban muy contentos, de hecho, no se quer\u00edan ir, pero s\u00faper contenta. Este es el segundo a\u00f1o que se realiza, es el primer a\u00f1o en que podemos participar, pero ha estado s\u00faper entretenido y esperamos que m\u00e1s redes se puedan sumar\u201d.<\/p>\n<p style=\"text-align: justify;\">Durante la actividad los ni\u00f1os tambi\u00e9n disfrutaron de preparaciones t\u00edpicas de Fiestas Patrias como anticuchos y mote con huesillos.<\/p>\n<\/div><\/section><\/div><div  style='height:50px' class='hr hr-invisible   avia-builder-el-6  el_after_av_one_full  el_before_av_social_share '><span class='hr-inner ' ><span class='hr-inner-style'><\/span><\/span><\/div><\/p>\n<div  class='av-social-sharing-box  avia-builder-el-7  el_after_av_hr  el_before_av_hr  '><div class='av-share-box'><h5 class='av-share-link-description av-no-toc '>Compartir esta noticia<\/h5><ul class='av-share-box-list noLightbox'><li class='av-share-link av-social-link-facebook' ><a target=\"_blank\" aria-label=\"Compartir en Facebook\" href='https:\/\/www.facebook.com\/sharer.php?u=https:\/\/radiorevelacionfm.cl\/?p=34989&#038;t=Gran%20convocatoria%20logr%C3%B3%20la%20fonda%20organizada%20por%20la%20Oficina%20Local%20de%20la%20Ni%C3%B1ez%20en%20Ays%C3%A9n' aria-hidden='false' data-av_icon='\ue8f3' data-av_iconfont='entypo-fontello' title='' data-avia-related-tooltip='Compartir en Facebook' rel=\"noopener\"><span class='avia_hidden_link_text'>Compartir en Facebook<\/span><\/a><\/li><li class='av-share-link av-social-link-twitter' ><a target=\"_blank\" aria-label=\"Compartir en Twitter\" href='https:\/\/twitter.com\/share?text=Gran%20convocatoria%20logr%C3%B3%20la%20fonda%20organizada%20por%20la%20Oficina%20Local%20de%20la%20Ni%C3%B1ez%20en%20Ays%C3%A9n&#038;url=https:\/\/radiorevelacionfm.cl\/?p=34989' aria-hidden='false' data-av_icon='\ue8f1' data-av_iconfont='entypo-fontello' title='' data-avia-related-tooltip='Compartir en Twitter' rel=\"noopener\"><span class='avia_hidden_link_text'>Compartir en Twitter<\/span><\/a><\/li><li class='av-share-link av-social-link-whatsapp' ><a target=\"_blank\" aria-label=\"Compartir en Whatsapp\" href='https:\/\/api.whatsapp.com\/send?text=https:\/\/radiorevelacionfm.cl\/?p=34989' aria-hidden='false' data-av_icon='\uf232' data-av_iconfont='entypo-fontello' title='' data-avia-related-tooltip='Compartir en Whatsapp' rel=\"noopener\"><span class='avia_hidden_link_text'>Compartir en Whatsapp<\/span><\/a><\/li><li class='av-share-link av-social-link-linkedin' ><a target=\"_blank\" aria-label=\"Compartir en LinkedIn\" href='https:\/\/linkedin.com\/shareArticle?mini=true&#038;title=Gran%20convocatoria%20logr%C3%B3%20la%20fonda%20organizada%20por%20la%20Oficina%20Local%20de%20la%20Ni%C3%B1ez%20en%20Ays%C3%A9n&#038;url=https:\/\/radiorevelacionfm.cl\/?p=34989' aria-hidden='false' data-av_icon='\ue8fc' data-av_iconfont='entypo-fontello' title='' data-avia-related-tooltip='Compartir en LinkedIn' rel=\"noopener\"><span class='avia_hidden_link_text'>Compartir en LinkedIn<\/span><\/a><\/li><li class='av-share-link av-social-link-mail' ><a  aria-label=\"Compartir por correo\" href='mailto:?subject=Gran%20convocatoria%20logr%C3%B3%20la%20fonda%20organizada%20por%20la%20Oficina%20Local%20de%20la%20Ni%C3%B1ez%20en%20Ays%C3%A9n&#038;body=https:\/\/radiorevelacionfm.cl\/?p=34989' aria-hidden='false' data-av_icon='\ue805' data-av_iconfont='entypo-fontello' title='' data-avia-related-tooltip='Compartir por correo'><span class='avia_hidden_link_text'>Compartir por correo<\/span><\/a><\/li><\/ul><\/div><\/div>\n<div  style='height:50px' class='hr hr-invisible   avia-builder-el-8  el_after_av_social_share  el_before_av_comments_list '><span class='hr-inner ' ><span class='hr-inner-style'><\/span><\/span><\/div>\n<div  class='av-buildercomment  av-blog-meta-html-info-disabled av-blog-meta-tag-disabled  '><\/div>\n","protected":false},"excerpt":{"rendered":"","protected":false},"author":1,"featured_media":34990,"comment_status":"open","ping_status":"open","sticky":false,"template":"","format":"standard","meta":{"footnotes":""},"categories":[38],"tags":[],"class_list":["post-34989","post","type-post","status-publish","format-standard","has-post-thumbnail","hentry","category-regional"],"jetpack_featured_media_url":"https:\/\/radiorevelacionfm.cl\/wp-content\/uploads\/2023\/09\/FONDA-NINEZ-10-1-1.jpg","_links":{"self":[{"href":"https:\/\/radiorevelacionfm.cl\/index.php?rest_route=\/wp\/v2\/posts\/34989","targetHints":{"allow":["GET"]}}],"collection":[{"href":"https:\/\/radiorevelacionfm.cl\/index.php?rest_route=\/wp\/v2\/posts"}],"about":[{"href":"https:\/\/radiorevelacionfm.cl\/index.php?rest_route=\/wp\/v2\/types\/post"}],"author":[{"embeddable":true,"href":"https:\/\/radiorevelacionfm.cl\/index.php?rest_route=\/wp\/v2\/users\/1"}],"replies":[{"embeddable":true,"href":"https:\/\/radiorevelacionfm.cl\/index.php?rest_route=%2Fwp%2Fv2%2Fcomments&post=34989"}],"version-history":[{"count":1,"href":"https:\/\/radiorevelacionfm.cl\/index.php?rest_route=\/wp\/v2\/posts\/34989\/revisions"}],"predecessor-version":[{"id":34991,"href":"https:\/\/radiorevelacionfm.cl\/index.php?rest_route=\/wp\/v2\/posts\/34989\/revisions\/34991"}],"wp:featuredmedia":[{"embeddable":true,"href":"https:\/\/radiorevelacionfm.cl\/index.php?rest_route=\/wp\/v2\/media\/34990"}],"wp:attachment":[{"href":"https:\/\/radiorevelacionfm.cl\/index.php?rest_route=%2Fwp%2Fv2%2Fmedia&parent=34989"}],"wp:term":[{"taxonomy":"category","embeddable":true,"href":"https:\/\/radiorevelacionfm.cl\/index.php?rest_route=%2Fwp%2Fv2%2Fcategories&post=34989"},{"taxonomy":"post_tag","embeddable":true,"href":"https:\/\/radiorevelacionfm.cl\/index.php?rest_route=%2Fwp%2Fv2%2Ftags&post=34989"}],"curies":[{"name":"wp","href":"https:\/\/api.w.org\/{rel}","templated":true}]}}