{"id":34986,"date":"2023-09-13T18:05:23","date_gmt":"2023-09-13T21:05:23","guid":{"rendered":"https:\/\/radiorevelacionfm.cl\/?p=34986"},"modified":"2023-09-26T15:22:43","modified_gmt":"2023-09-26T18:22:43","slug":"vinculacion-con-la-comunidad-los-trabajadores-y-labor-gremial-marcaron-la-asamblea-general-de-socios-de-la-cchc","status":"publish","type":"post","link":"https:\/\/radiorevelacionfm.cl\/?p=34986","title":{"rendered":"Vinculaci\u00f3n con la comunidad, los trabajadores y labor gremial marcaron la Asamblea General de Socios de la CChC"},"content":{"rendered":"<div class=\"flex_column av_one_full  flex_column_div av-zero-column-padding first  avia-builder-el-0  el_before_av_one_full  avia-builder-el-first  \" style='border-radius:0px; '><div  class='avia-image-container  av-styling-    avia-builder-el-1  avia-builder-el-no-sibling  avia-align-center '  itemprop=\"image\" itemscope=\"itemscope\" itemtype=\"https:\/\/schema.org\/ImageObject\"  ><div class='avia-image-container-inner'><div class='avia-image-overlay-wrap'><img decoding=\"async\" class='wp-image-34987 avia-img-lazy-loading-not-34987 avia_image' src=\"https:\/\/radiorevelacionfm.cl\/wp-content\/uploads\/2023\/09\/Asamblea-General-CChC-2023-1-1.jpeg\" alt='' title='Asamblea General CChC 2023 (1) (1)' height=\"600\" width=\"1064\"  itemprop=\"thumbnailUrl\" srcset=\"https:\/\/radiorevelacionfm.cl\/wp-content\/uploads\/2023\/09\/Asamblea-General-CChC-2023-1-1.jpeg 1064w, https:\/\/radiorevelacionfm.cl\/wp-content\/uploads\/2023\/09\/Asamblea-General-CChC-2023-1-1-300x169.jpeg 300w, https:\/\/radiorevelacionfm.cl\/wp-content\/uploads\/2023\/09\/Asamblea-General-CChC-2023-1-1-1030x581.jpeg 1030w, https:\/\/radiorevelacionfm.cl\/wp-content\/uploads\/2023\/09\/Asamblea-General-CChC-2023-1-1-768x433.jpeg 768w, https:\/\/radiorevelacionfm.cl\/wp-content\/uploads\/2023\/09\/Asamblea-General-CChC-2023-1-1-705x398.jpeg 705w, https:\/\/radiorevelacionfm.cl\/wp-content\/uploads\/2023\/09\/Asamblea-General-CChC-2023-1-1-450x254.jpeg 450w, https:\/\/radiorevelacionfm.cl\/wp-content\/uploads\/2023\/09\/Asamblea-General-CChC-2023-1-1-600x338.jpeg 600w\" sizes=\"(max-width: 1064px) 100vw, 1064px\" \/><\/div><\/div><\/div><\/div><div class=\"flex_column av_one_full  flex_column_div av-zero-column-padding first  avia-builder-el-2  el_after_av_one_full  el_before_av_one_full  column-top-margin\" style='border-radius:0px; '><section class=\"av_textblock_section \"  itemscope=\"itemscope\" itemtype=\"https:\/\/schema.org\/BlogPosting\" itemprop=\"blogPost\" ><div class='avia_textblock  '   itemprop=\"text\" ><p style=\"text-align: center;\"><span style=\"font-size: 18pt;\"><b>Vinculaci\u00f3n con la comunidad, los trabajadores y labor gremial marcaron la Asamblea General de Socios de la CChC<\/b><\/span><\/p>\n<div id=\"gtx-trans\" style=\"position: absolute; left: -50px; top: 4.31534px;\">\n<div class=\"gtx-trans-icon\"><\/div>\n<\/div>\n<\/div><\/section><\/div><div class=\"flex_column av_one_full  flex_column_div av-zero-column-padding first  avia-builder-el-4  el_after_av_one_full  el_before_av_hr  column-top-margin\" style='border-radius:0px; '><section class=\"av_textblock_section \"  itemscope=\"itemscope\" itemtype=\"https:\/\/schema.org\/BlogPosting\" itemprop=\"blogPost\" ><div class='avia_textblock  '   itemprop=\"text\" ><p class=\"v1MsoNormal\" style=\"text-align: justify;\"><i>La Mesa Directiva Regional de la C\u00e1mara Chilena de la Construcci\u00f3n sede Coyhaique, rindi\u00f3 cuenta de la gesti\u00f3n realizada durante su primer a\u00f1o, con \u00e9nfasis en los ejes estrat\u00e9gicos impulsados en conjunto a sus asociados.<\/i><\/p>\n<p class=\"v1MsoNormal\" style=\"text-align: justify;\">En el marco de su Asamblea General de Socios, la Mesa Directiva Regional de la C\u00e1mara Chilena de la Construcci\u00f3n Sede Coyhaique, liderada por la presidenta, Alejandra Alert Rivas, rindi\u00f3 cuenta a sus asociados de su primer a\u00f1o de gesti\u00f3n. En la instancia, se destac\u00f3 el trabajo gremial que se desarrolla mediante sus diversos comit\u00e9s, comisiones y grupos de trabajo, adem\u00e1s de los hitos que han marcado la vinculaci\u00f3n del gremio con la comunidad, los trabajadores de la industria de la construcci\u00f3n y sus familias.<\/p>\n<p class=\"v1MsoNormal\" style=\"text-align: justify;\">Mediante una din\u00e1mica presentaci\u00f3n que se llev\u00f3 a cabo en dependencias de la CChC, la presidenta del gremio de la construcci\u00f3n, Alejandra Alert, junto al vicepresidente gremial, Claudio Sanhueza y el vicepresidente de Gesti\u00f3n, Marcelo Sol\u00eds, expusieron a sus socios y socias, los logros que se han alcanzado durante este primer a\u00f1o, los compromisos a seguir fortaleciendo y los desaf\u00edos que tiene la industria durante el presente periodo.<\/p>\n<p class=\"v1MsoNormal\" style=\"text-align: justify;\">En esa l\u00ednea, la mesa directiva regional de la CChC sede Coyhaique, enfatiz\u00f3 en el compromiso de sus asociados y la labor que realizan a trav\u00e9s de sus \u00f3rganos gremiales, que han permitido posicionar al gremio como un actor importante en el desarrollo de la Regi\u00f3n de Ays\u00e9n y en la vinculaci\u00f3n con la comunidad que se contin\u00faa impulsando, a trav\u00e9s de iniciativas como el Visi\u00f3n de Ciudad, su Programa de Econom\u00eda Circular y el \u00c1rea Social que genera diversas herramientas para las empresas que van en directo beneficio de los trabajadores de la industria de la construcci\u00f3n y sus familias.<\/p>\n<p class=\"v1MsoNormal\" style=\"text-align: justify;\">Respecto del trabajo que se ha realizado durante este primer a\u00f1o de gesti\u00f3n, la presidenta de la C\u00e1mara Chilena de la Construcci\u00f3n sede Coyhaique, Alejandra Alert Rivas, manifest\u00f3 que \u00abestamos muy agradecidos como mesa directiva, de la presencia de nuestros socios y su participaci\u00f3n en esta asamblea. Instancia en la que hemos ratificado nuestro compromiso, de mantener una atenta escucha y apoyo al trabajo que se lleva a cabo desde nuestros distintos Comit\u00e9s, Comisiones y Grupos de Trabajo Gremiales. Adem\u00e1s, de seguir fortaleciendo las iniciativas que nos permiten mantener un v\u00ednculo con nuestra comunidad, as\u00ed como tambi\u00e9n con las autoridades locales y regionales, los trabajadores y los gremios productivos\u00bb.<\/p>\n<p class=\"v1MsoNormal\" style=\"text-align: justify;\">\u00abPara nosotros cada espacio de encuentro, nos presenta no s\u00f3lo un desaf\u00edo sino tambi\u00e9n una oportunidad para crecer y mejorar como Asociaci\u00f3n Gremial. Por ello, seguiremos trabajando junto a nuestros socios en la b\u00fasqueda de soluciones ante las dificultades que contin\u00faa enfrentando nuestra industria en la regi\u00f3n, teniendo siempre presente nuestra misi\u00f3n, que es mejorar la calidad de vida de las personas, comprometidos con el desarrollo sostenible de nuestra actividad empresarial\u00bb, enfatiz\u00f3 Alejandra Alert.<\/p>\n<\/div><\/section><\/div><div  style='height:50px' class='hr hr-invisible   avia-builder-el-6  el_after_av_one_full  el_before_av_social_share '><span class='hr-inner ' ><span class='hr-inner-style'><\/span><\/span><\/div><\/p>\n<div  class='av-social-sharing-box  avia-builder-el-7  el_after_av_hr  el_before_av_hr  '><div class='av-share-box'><h5 class='av-share-link-description av-no-toc '>Compartir esta noticia<\/h5><ul class='av-share-box-list noLightbox'><li class='av-share-link av-social-link-facebook' ><a target=\"_blank\" aria-label=\"Compartir en Facebook\" href='https:\/\/www.facebook.com\/sharer.php?u=https:\/\/radiorevelacionfm.cl\/?p=34986&#038;t=Vinculaci%C3%B3n%20con%20la%20comunidad%2C%20los%20trabajadores%20y%20labor%20gremial%20marcaron%20la%20Asamblea%20General%20de%20Socios%20de%20la%20CChC' aria-hidden='false' data-av_icon='\ue8f3' data-av_iconfont='entypo-fontello' title='' data-avia-related-tooltip='Compartir en Facebook' rel=\"noopener\"><span class='avia_hidden_link_text'>Compartir en Facebook<\/span><\/a><\/li><li class='av-share-link av-social-link-twitter' ><a target=\"_blank\" aria-label=\"Compartir en Twitter\" href='https:\/\/twitter.com\/share?text=Vinculaci%C3%B3n%20con%20la%20comunidad%2C%20los%20trabajadores%20y%20labor%20gremial%20marcaron%20la%20Asamblea%20General%20de%20Socios%20de%20la%20CChC&#038;url=https:\/\/radiorevelacionfm.cl\/?p=34986' aria-hidden='false' data-av_icon='\ue8f1' data-av_iconfont='entypo-fontello' title='' data-avia-related-tooltip='Compartir en Twitter' rel=\"noopener\"><span class='avia_hidden_link_text'>Compartir en Twitter<\/span><\/a><\/li><li class='av-share-link av-social-link-whatsapp' ><a target=\"_blank\" aria-label=\"Compartir en Whatsapp\" href='https:\/\/api.whatsapp.com\/send?text=https:\/\/radiorevelacionfm.cl\/?p=34986' aria-hidden='false' data-av_icon='\uf232' data-av_iconfont='entypo-fontello' title='' data-avia-related-tooltip='Compartir en Whatsapp' rel=\"noopener\"><span class='avia_hidden_link_text'>Compartir en Whatsapp<\/span><\/a><\/li><li class='av-share-link av-social-link-linkedin' ><a target=\"_blank\" aria-label=\"Compartir en LinkedIn\" href='https:\/\/linkedin.com\/shareArticle?mini=true&#038;title=Vinculaci%C3%B3n%20con%20la%20comunidad%2C%20los%20trabajadores%20y%20labor%20gremial%20marcaron%20la%20Asamblea%20General%20de%20Socios%20de%20la%20CChC&#038;url=https:\/\/radiorevelacionfm.cl\/?p=34986' aria-hidden='false' data-av_icon='\ue8fc' data-av_iconfont='entypo-fontello' title='' data-avia-related-tooltip='Compartir en LinkedIn' rel=\"noopener\"><span class='avia_hidden_link_text'>Compartir en LinkedIn<\/span><\/a><\/li><li class='av-share-link av-social-link-mail' ><a  aria-label=\"Compartir por correo\" href='mailto:?subject=Vinculaci%C3%B3n%20con%20la%20comunidad%2C%20los%20trabajadores%20y%20labor%20gremial%20marcaron%20la%20Asamblea%20General%20de%20Socios%20de%20la%20CChC&#038;body=https:\/\/radiorevelacionfm.cl\/?p=34986' aria-hidden='false' data-av_icon='\ue805' data-av_iconfont='entypo-fontello' title='' data-avia-related-tooltip='Compartir por correo'><span class='avia_hidden_link_text'>Compartir por correo<\/span><\/a><\/li><\/ul><\/div><\/div>\n<div  style='height:50px' class='hr hr-invisible   avia-builder-el-8  el_after_av_social_share  el_before_av_comments_list '><span class='hr-inner ' ><span class='hr-inner-style'><\/span><\/span><\/div>\n<div  class='av-buildercomment  av-blog-meta-html-info-disabled av-blog-meta-tag-disabled  '><\/div>\n","protected":false},"excerpt":{"rendered":"","protected":false},"author":1,"featured_media":34987,"comment_status":"open","ping_status":"open","sticky":false,"template":"","format":"standard","meta":{"footnotes":""},"categories":[38],"tags":[],"class_list":["post-34986","post","type-post","status-publish","format-standard","has-post-thumbnail","hentry","category-regional"],"jetpack_featured_media_url":"https:\/\/radiorevelacionfm.cl\/wp-content\/uploads\/2023\/09\/Asamblea-General-CChC-2023-1-1.jpeg","_links":{"self":[{"href":"https:\/\/radiorevelacionfm.cl\/index.php?rest_route=\/wp\/v2\/posts\/34986","targetHints":{"allow":["GET"]}}],"collection":[{"href":"https:\/\/radiorevelacionfm.cl\/index.php?rest_route=\/wp\/v2\/posts"}],"about":[{"href":"https:\/\/radiorevelacionfm.cl\/index.php?rest_route=\/wp\/v2\/types\/post"}],"author":[{"embeddable":true,"href":"https:\/\/radiorevelacionfm.cl\/index.php?rest_route=\/wp\/v2\/users\/1"}],"replies":[{"embeddable":true,"href":"https:\/\/radiorevelacionfm.cl\/index.php?rest_route=%2Fwp%2Fv2%2Fcomments&post=34986"}],"version-history":[{"count":1,"href":"https:\/\/radiorevelacionfm.cl\/index.php?rest_route=\/wp\/v2\/posts\/34986\/revisions"}],"predecessor-version":[{"id":34988,"href":"https:\/\/radiorevelacionfm.cl\/index.php?rest_route=\/wp\/v2\/posts\/34986\/revisions\/34988"}],"wp:featuredmedia":[{"embeddable":true,"href":"https:\/\/radiorevelacionfm.cl\/index.php?rest_route=\/wp\/v2\/media\/34987"}],"wp:attachment":[{"href":"https:\/\/radiorevelacionfm.cl\/index.php?rest_route=%2Fwp%2Fv2%2Fmedia&parent=34986"}],"wp:term":[{"taxonomy":"category","embeddable":true,"href":"https:\/\/radiorevelacionfm.cl\/index.php?rest_route=%2Fwp%2Fv2%2Fcategories&post=34986"},{"taxonomy":"post_tag","embeddable":true,"href":"https:\/\/radiorevelacionfm.cl\/index.php?rest_route=%2Fwp%2Fv2%2Ftags&post=34986"}],"curies":[{"name":"wp","href":"https:\/\/api.w.org\/{rel}","templated":true}]}}