{"id":34973,"date":"2023-09-14T12:44:58","date_gmt":"2023-09-14T15:44:58","guid":{"rendered":"https:\/\/radiorevelacionfm.cl\/?p=34973"},"modified":"2023-09-14T12:44:58","modified_gmt":"2023-09-14T15:44:58","slug":"seremi-paulina-ruz-tenemos-mil-viviendas-en-construccion-para-cumplir-con-nuestro-plan-de-emergencia-habitacional","status":"publish","type":"post","link":"https:\/\/radiorevelacionfm.cl\/?p=34973","title":{"rendered":"Seremi Paulina Ruz: \u201cTenemos mil viviendas en construcci\u00f3n para cumplir con nuestro Plan de Emergencia Habitacional\u201d"},"content":{"rendered":"<div class=\"flex_column av_one_full  flex_column_div av-zero-column-padding first  avia-builder-el-0  el_before_av_one_full  avia-builder-el-first  \" style='border-radius:0px; '><div  class='avia-image-container  av-styling-    avia-builder-el-1  avia-builder-el-no-sibling  avia-align-center '  itemprop=\"image\" itemscope=\"itemscope\" itemtype=\"https:\/\/schema.org\/ImageObject\"  ><div class='avia-image-container-inner'><div class='avia-image-overlay-wrap'><img decoding=\"async\" class='wp-image-34974 avia-img-lazy-loading-not-34974 avia_image' src=\"https:\/\/radiorevelacionfm.cl\/wp-content\/uploads\/2023\/09\/entrega-de-vivienda-adulto-mayor-coyhaique-1_optimized.jpg\" alt='' title='entrega-de-vivienda-adulto-mayor-coyhaique-(1)_optimized' height=\"600\" width=\"800\"  itemprop=\"thumbnailUrl\" srcset=\"https:\/\/radiorevelacionfm.cl\/wp-content\/uploads\/2023\/09\/entrega-de-vivienda-adulto-mayor-coyhaique-1_optimized.jpg 800w, https:\/\/radiorevelacionfm.cl\/wp-content\/uploads\/2023\/09\/entrega-de-vivienda-adulto-mayor-coyhaique-1_optimized-300x225.jpg 300w, https:\/\/radiorevelacionfm.cl\/wp-content\/uploads\/2023\/09\/entrega-de-vivienda-adulto-mayor-coyhaique-1_optimized-768x576.jpg 768w, https:\/\/radiorevelacionfm.cl\/wp-content\/uploads\/2023\/09\/entrega-de-vivienda-adulto-mayor-coyhaique-1_optimized-705x529.jpg 705w, https:\/\/radiorevelacionfm.cl\/wp-content\/uploads\/2023\/09\/entrega-de-vivienda-adulto-mayor-coyhaique-1_optimized-450x338.jpg 450w, https:\/\/radiorevelacionfm.cl\/wp-content\/uploads\/2023\/09\/entrega-de-vivienda-adulto-mayor-coyhaique-1_optimized-600x450.jpg 600w\" sizes=\"(max-width: 800px) 100vw, 800px\" \/><\/div><\/div><\/div><\/div><div class=\"flex_column av_one_full  flex_column_div av-zero-column-padding first  avia-builder-el-2  el_after_av_one_full  el_before_av_one_full  column-top-margin\" style='border-radius:0px; '><section class=\"av_textblock_section \"  itemscope=\"itemscope\" itemtype=\"https:\/\/schema.org\/BlogPosting\" itemprop=\"blogPost\" ><div class='avia_textblock  '   itemprop=\"text\" ><p style=\"text-align: center;\"><span style=\"font-size: 18pt;\"><strong>Seremi Paulina Ruz: \u201cTenemos mil viviendas en construcci\u00f3n para cumplir con nuestro Plan de Emergencia Habitacional\u201d<\/strong><\/span><\/p>\n<div id=\"gtx-trans\" style=\"position: absolute; left: -50px; top: 4.31534px;\">\n<div class=\"gtx-trans-icon\"><\/div>\n<\/div>\n<\/div><\/section><\/div><div class=\"flex_column av_one_full  flex_column_div av-zero-column-padding first  avia-builder-el-4  el_after_av_one_full  el_before_av_hr  column-top-margin\" style='border-radius:0px; '><section class=\"av_textblock_section \"  itemscope=\"itemscope\" itemtype=\"https:\/\/schema.org\/BlogPosting\" itemprop=\"blogPost\" ><div class='avia_textblock  '   itemprop=\"text\" ><p style=\"text-align: justify;\">Un total de mil viviendas sociales se encuentran actualmente en ejecuci\u00f3n a trav\u00e9s de proyectos desarrollados en diferentes comunas de la regi\u00f3n de Ays\u00e9n, seg\u00fan detall\u00f3 este mi\u00e9rcoles la Secretaria Ministerial del ramo, Paulina Ruz Delf\u00edn, quien agreg\u00f3 que dicha cifra representa un 77, 2 por ciento de la meta regional que se ha trazado el Ministerio de Vivienda y Urbanismo en el marco del Plan de Emergencia Habitacional del Gobierno.<\/p>\n<p style=\"text-align: justify;\">En base a estos datos la autoridad sectorial anticip\u00f3 que el positivo registro seguir\u00e1 subiendo, ya que, s\u00f3lo en Puerto Ays\u00e9n, se entregar\u00e1n m\u00e1s de 300 soluciones habitacionales en los pr\u00f3ximos meses. \u201cNuestra meta dentro del Plan es alcanzar las mil 293 viviendas en estos 4 a\u00f1os. Ya tenemos 240 terminadas y entregadas, pero lo m\u00e1s importante a considerar es que hay casi mil viviendas en pleno proceso de construcci\u00f3n, las que permitir\u00e1n cambiar la vida a igual n\u00famero de familias en diferentes comunas. Como han dicho el Presidente Boric y el Ministro Montes, m\u00e1s que los n\u00fameros lo verdaderamente valioso en este proceso son las personas, es decir, el positivo cambio que ellas tendr\u00e1n en su calidad de vida y su futuro\u201d, precis\u00f3.<\/p>\n<p style=\"text-align: justify;\">Respecto de estos grandes desaf\u00edos, precis\u00f3 la Seremi que tanto los directivos como los funcionarios seguir\u00e1n centrados en desplegar todos sus esfuerzos y capacidades para garantizar que los proyectos se concreten en los tiempos establecidos y con la calidad de viviendas que nuestras familias se merecen. \u201cPara obtener estos avances y lograr nuestras metas debemos trabajar de la mano con los municipios, con las Entidades Patrocinantes, con las empresas constructoras, con nuestro Gobierno Regional, nuestra Delegaci\u00f3n Presidencial y nuestros parlamentarios, para que junto a los dirigentes y los mismos beneficiarios saquemos esta gran tarea adelante. Con ese objetivo estamos diversificando la forma de adquisici\u00f3n de vivienda, pensando por ejemplo en modelos de vivienda industrializada, pero tambi\u00e9n fortaleciendo el subsidio de Habitabilidad Rural, ver v\u00edas distintas como la ejecuci\u00f3n directa y tambi\u00e9n trabajar con los comit\u00e9s a trav\u00e9s del Fondo Solidario de Elecci\u00f3n de Viviendas\u201d, advirti\u00f3.<\/p>\n<p style=\"text-align: justify;\">Consultada sobre los grandes proyectos que se vienen, la Seremi destac\u00f3 las m\u00e1s de mil 200 viviendas y departamentos que se contempla entregar en la denominada Chacra G 1 de Coyhaique, la cual forma parte del Plan Urbano Habitacional que impulsa el Minvu en el sector conocido como la Escuela Agr\u00edcola. Los avances en esa materia indican que este a\u00f1o han trabajado fuertemente con los comit\u00e9s y las Entidades Patrocinantes en el desarrollo de los proyectos para las primeras viviendas, obras que en principio beneficiar\u00e1n a 237 familias que esperan con ansias ese hist\u00f3rico momento.<\/p>\n<p style=\"text-align: justify;\">\u00a0La Seremi Paulina Ruz plante\u00f3 tambi\u00e9n la necesidad de mantener los niveles de inversi\u00f3n y de construcci\u00f3n, con todos los beneficios que ello trae para la generaci\u00f3n de empleo y el incentivo a las econom\u00edas locales. \u201cLo importante es que estamos llegando a toda la regi\u00f3n de Ays\u00e9n, con este plan que es una pol\u00edtica p\u00fablica permanente para poder suplir el d\u00e9ficit que hay en materia de vivienda, pero adem\u00e1s de ello de poder comprometernos de manera fehaciente con las familias para poder llegar a lugares que antes no ten\u00edan proyectos habitacionales. Nosotros ahora estamos construyendo en Balmaceda, en Chacabuco, pr\u00f3ximamente tambi\u00e9n en La Junta y en Coyhaique con el primer barrio mapuche del pa\u00eds. Y esa es una muestra de que seguimos avanzando con ellos, pero tambi\u00e9n como un desaf\u00edo permanente que no se agota en el tiempo, con una pol\u00edtica de Estado y un inagotable compromiso con nuestra gente\u201d, afirm\u00f3.<\/p>\n<p style=\"text-align: justify;\">Finalmente, la autoridad sectorial hizo un llamado a seguir trabajando juntos desde todos los sectores involucrados en la gran tarea de sacar adelante el Plan de Emergencia Habitacional, iniciativa que se complementa con la importante labor que cumple el Ministerio de Vivienda en otras \u00e1reas relevantes, como por ejemplo los espacios p\u00fablicos, la pavimentaci\u00f3n y las diferentes obras de desarrollo urbano que requiere nuestra comunidad.<\/p>\n<p style=\"text-align: justify;\">.<\/p>\n<\/div><\/section><\/div><div  style='height:50px' class='hr hr-invisible   avia-builder-el-6  el_after_av_one_full  el_before_av_social_share '><span class='hr-inner ' ><span class='hr-inner-style'><\/span><\/span><\/div><\/p>\n<div  class='av-social-sharing-box  avia-builder-el-7  el_after_av_hr  el_before_av_hr  '><div class='av-share-box'><h5 class='av-share-link-description av-no-toc '>Compartir esta noticia<\/h5><ul class='av-share-box-list noLightbox'><li class='av-share-link av-social-link-facebook' ><a target=\"_blank\" aria-label=\"Compartir en Facebook\" href='https:\/\/www.facebook.com\/sharer.php?u=https:\/\/radiorevelacionfm.cl\/?p=34973&#038;t=Seremi%20Paulina%20Ruz%3A%20%E2%80%9CTenemos%20mil%20viviendas%20en%20construcci%C3%B3n%20para%20cumplir%20con%20nuestro%20Plan%20de%20Emergencia%20Habitacional%E2%80%9D' aria-hidden='false' data-av_icon='\ue8f3' data-av_iconfont='entypo-fontello' title='' data-avia-related-tooltip='Compartir en Facebook' rel=\"noopener\"><span class='avia_hidden_link_text'>Compartir en Facebook<\/span><\/a><\/li><li class='av-share-link av-social-link-twitter' ><a target=\"_blank\" aria-label=\"Compartir en Twitter\" href='https:\/\/twitter.com\/share?text=Seremi%20Paulina%20Ruz%3A%20%E2%80%9CTenemos%20mil%20viviendas%20en%20construcci%C3%B3n%20para%20cumplir%20con%20nuestro%20Plan%20de%20Emergencia%20Habitacional%E2%80%9D&#038;url=https:\/\/radiorevelacionfm.cl\/?p=34973' aria-hidden='false' data-av_icon='\ue8f1' data-av_iconfont='entypo-fontello' title='' data-avia-related-tooltip='Compartir en Twitter' rel=\"noopener\"><span class='avia_hidden_link_text'>Compartir en Twitter<\/span><\/a><\/li><li class='av-share-link av-social-link-whatsapp' ><a target=\"_blank\" aria-label=\"Compartir en Whatsapp\" href='https:\/\/api.whatsapp.com\/send?text=https:\/\/radiorevelacionfm.cl\/?p=34973' aria-hidden='false' data-av_icon='\uf232' data-av_iconfont='entypo-fontello' title='' data-avia-related-tooltip='Compartir en Whatsapp' rel=\"noopener\"><span class='avia_hidden_link_text'>Compartir en Whatsapp<\/span><\/a><\/li><li class='av-share-link av-social-link-linkedin' ><a target=\"_blank\" aria-label=\"Compartir en LinkedIn\" href='https:\/\/linkedin.com\/shareArticle?mini=true&#038;title=Seremi%20Paulina%20Ruz%3A%20%E2%80%9CTenemos%20mil%20viviendas%20en%20construcci%C3%B3n%20para%20cumplir%20con%20nuestro%20Plan%20de%20Emergencia%20Habitacional%E2%80%9D&#038;url=https:\/\/radiorevelacionfm.cl\/?p=34973' aria-hidden='false' data-av_icon='\ue8fc' data-av_iconfont='entypo-fontello' title='' data-avia-related-tooltip='Compartir en LinkedIn' rel=\"noopener\"><span class='avia_hidden_link_text'>Compartir en LinkedIn<\/span><\/a><\/li><li class='av-share-link av-social-link-mail' ><a  aria-label=\"Compartir por correo\" href='mailto:?subject=Seremi%20Paulina%20Ruz%3A%20%E2%80%9CTenemos%20mil%20viviendas%20en%20construcci%C3%B3n%20para%20cumplir%20con%20nuestro%20Plan%20de%20Emergencia%20Habitacional%E2%80%9D&#038;body=https:\/\/radiorevelacionfm.cl\/?p=34973' aria-hidden='false' data-av_icon='\ue805' data-av_iconfont='entypo-fontello' title='' data-avia-related-tooltip='Compartir por correo'><span class='avia_hidden_link_text'>Compartir por correo<\/span><\/a><\/li><\/ul><\/div><\/div>\n<div  style='height:50px' class='hr hr-invisible   avia-builder-el-8  el_after_av_social_share  el_before_av_comments_list '><span class='hr-inner ' ><span class='hr-inner-style'><\/span><\/span><\/div>\n<div  class='av-buildercomment  av-blog-meta-html-info-disabled av-blog-meta-tag-disabled  '><\/div>\n","protected":false},"excerpt":{"rendered":"","protected":false},"author":1,"featured_media":34974,"comment_status":"open","ping_status":"open","sticky":false,"template":"","format":"standard","meta":{"footnotes":""},"categories":[57],"tags":[],"class_list":["post-34973","post","type-post","status-publish","format-standard","has-post-thumbnail","hentry","category-vivienda"],"jetpack_featured_media_url":"https:\/\/radiorevelacionfm.cl\/wp-content\/uploads\/2023\/09\/entrega-de-vivienda-adulto-mayor-coyhaique-1_optimized.jpg","_links":{"self":[{"href":"https:\/\/radiorevelacionfm.cl\/index.php?rest_route=\/wp\/v2\/posts\/34973","targetHints":{"allow":["GET"]}}],"collection":[{"href":"https:\/\/radiorevelacionfm.cl\/index.php?rest_route=\/wp\/v2\/posts"}],"about":[{"href":"https:\/\/radiorevelacionfm.cl\/index.php?rest_route=\/wp\/v2\/types\/post"}],"author":[{"embeddable":true,"href":"https:\/\/radiorevelacionfm.cl\/index.php?rest_route=\/wp\/v2\/users\/1"}],"replies":[{"embeddable":true,"href":"https:\/\/radiorevelacionfm.cl\/index.php?rest_route=%2Fwp%2Fv2%2Fcomments&post=34973"}],"version-history":[{"count":1,"href":"https:\/\/radiorevelacionfm.cl\/index.php?rest_route=\/wp\/v2\/posts\/34973\/revisions"}],"predecessor-version":[{"id":34975,"href":"https:\/\/radiorevelacionfm.cl\/index.php?rest_route=\/wp\/v2\/posts\/34973\/revisions\/34975"}],"wp:featuredmedia":[{"embeddable":true,"href":"https:\/\/radiorevelacionfm.cl\/index.php?rest_route=\/wp\/v2\/media\/34974"}],"wp:attachment":[{"href":"https:\/\/radiorevelacionfm.cl\/index.php?rest_route=%2Fwp%2Fv2%2Fmedia&parent=34973"}],"wp:term":[{"taxonomy":"category","embeddable":true,"href":"https:\/\/radiorevelacionfm.cl\/index.php?rest_route=%2Fwp%2Fv2%2Fcategories&post=34973"},{"taxonomy":"post_tag","embeddable":true,"href":"https:\/\/radiorevelacionfm.cl\/index.php?rest_route=%2Fwp%2Fv2%2Ftags&post=34973"}],"curies":[{"name":"wp","href":"https:\/\/api.w.org\/{rel}","templated":true}]}}