{"id":34967,"date":"2023-09-14T10:34:46","date_gmt":"2023-09-14T13:34:46","guid":{"rendered":"https:\/\/radiorevelacionfm.cl\/?p=34967"},"modified":"2023-09-14T10:34:46","modified_gmt":"2023-09-14T13:34:46","slug":"con-banderines-que-resaltan-el-buen-convivir-estudiantes-invitan-a-sumarse-al-programa-a-convivir-se-aprende","status":"publish","type":"post","link":"https:\/\/radiorevelacionfm.cl\/?p=34967","title":{"rendered":"Con banderines que resaltan el buen convivir estudiantes invitan a sumarse al Programa \u00abA Convivir se aprende\u00bb"},"content":{"rendered":"<div class=\"flex_column av_one_full  flex_column_div av-zero-column-padding first  avia-builder-el-0  el_before_av_one_full  avia-builder-el-first  \" style='border-radius:0px; '><div  class='avia-image-container  av-styling-    avia-builder-el-1  avia-builder-el-no-sibling  avia-align-center '  itemprop=\"image\" itemscope=\"itemscope\" itemtype=\"https:\/\/schema.org\/ImageObject\"  ><div class='avia-image-container-inner'><div class='avia-image-overlay-wrap'><img decoding=\"async\" class='wp-image-34971 avia-img-lazy-loading-not-34971 avia_image' src=\"https:\/\/radiorevelacionfm.cl\/wp-content\/uploads\/2023\/09\/Estudiantes-2-1-1-1.jpg\" alt='' title='Estudiantes (2) (1) (1) (1)' height=\"600\" width=\"800\"  itemprop=\"thumbnailUrl\" srcset=\"https:\/\/radiorevelacionfm.cl\/wp-content\/uploads\/2023\/09\/Estudiantes-2-1-1-1.jpg 800w, https:\/\/radiorevelacionfm.cl\/wp-content\/uploads\/2023\/09\/Estudiantes-2-1-1-1-300x225.jpg 300w, https:\/\/radiorevelacionfm.cl\/wp-content\/uploads\/2023\/09\/Estudiantes-2-1-1-1-768x576.jpg 768w, https:\/\/radiorevelacionfm.cl\/wp-content\/uploads\/2023\/09\/Estudiantes-2-1-1-1-705x529.jpg 705w, https:\/\/radiorevelacionfm.cl\/wp-content\/uploads\/2023\/09\/Estudiantes-2-1-1-1-450x338.jpg 450w, https:\/\/radiorevelacionfm.cl\/wp-content\/uploads\/2023\/09\/Estudiantes-2-1-1-1-600x450.jpg 600w\" sizes=\"(max-width: 800px) 100vw, 800px\" \/><\/div><\/div><\/div><\/div><div class=\"flex_column av_one_full  flex_column_div av-zero-column-padding first  avia-builder-el-2  el_after_av_one_full  el_before_av_one_full  column-top-margin\" style='border-radius:0px; '><section class=\"av_textblock_section \"  itemscope=\"itemscope\" itemtype=\"https:\/\/schema.org\/BlogPosting\" itemprop=\"blogPost\" ><div class='avia_textblock  '   itemprop=\"text\" ><p style=\"text-align: center;\"><span style=\"font-size: 18pt;\"><b><span lang=\"ES\">Con banderines que resaltan el buen convivir estudiantes invitan a sumarse al Programa \u00abA Convivir se aprende\u00bb<\/span><\/b><\/span><\/p>\n<div id=\"gtx-trans\" style=\"position: absolute; left: -50px; top: 4.31534px;\">\n<div class=\"gtx-trans-icon\"><\/div>\n<\/div>\n<\/div><\/section><\/div><div class=\"flex_column av_one_full  flex_column_div av-zero-column-padding first  avia-builder-el-4  el_after_av_one_full  el_before_av_hr  column-top-margin\" style='border-radius:0px; '><section class=\"av_textblock_section \"  itemscope=\"itemscope\" itemtype=\"https:\/\/schema.org\/BlogPosting\" itemprop=\"blogPost\" ><div class='avia_textblock  '   itemprop=\"text\" ><p><em><span lang=\"ES\">La iniciativa se enmarca en el Plan de Reactivaci\u00f3n Educativa del MINEDUC.<\/span><\/em><\/p>\n<p class=\"v1MsoNormal\" style=\"text-align: justify;\"><span lang=\"ES\">\u00abNo pelear\u00bb, \u00abSer emp\u00e1tico\u00bb, \u00abapoyarse entre todos\u00bb \u00abEscuchar y respetar\u00bb, algunas de las frases de ni\u00f1os y ni\u00f1as de sexto a\u00f1o b\u00e1sico del Liceo de Ma\u00f1ihuales, quienes dialogaron en una jornada participativa, sobre futuro de la convivencia escolar,\u00a0 y c\u00f3mo les gustar\u00eda que se proyectase al interior de su unidad educativa.<\/span><\/p>\n<p class=\"v1MsoNormal\" style=\"text-align: justify;\"><span lang=\"ES\">Impresiones que fueron entregadas en un colorido bander\u00edn, como hito de Lanzamiento del programa \u00abA Convivir se aprende\u00bb, el cual estuvo encabezado por la Seremi de Educaci\u00f3n Isabel Garrido, la directora del establecimiento, Sandra Rubilar, la Coordinadora Regional del Programa y representante de la entidad ejecutora, Universidad de Magallanes y Ays\u00e9n, Romina Aranda, docentes, directivos del establecimientos, ni\u00f1os y ni\u00f1as.<\/span><\/p>\n<p class=\"v1MsoNormal\" style=\"text-align: justify;\"><span lang=\"ES\">El programa que inicia su continuidad 2023 \u2013 2025, es parte del Plan de Reactivaci\u00f3n Educativa impulsado por el Gobierno de Chile, que busca enfrentar y prevenir la violencia escolar, adem\u00e1s de promover la convivencia y el bienestar socioemocional de las unidades educativas, que se vieron afectadas por la Pandemia por Covid \u2013 19, donde estudiantes y docentes dejaron de socializar, fortalecer lazos de convivencia, y por ende se vieron mermadas sus habilidades socioemocionales; de tal manera que este retorno al aula para el Ministerio de Educaci\u00f3n, considera un acompa\u00f1amiento que permita abordar dichas brechas presentadas.<\/span><\/p>\n<p class=\"v1MsoNormal\" style=\"text-align: justify;\"><span lang=\"ES\">Cabe destacar que la Ley General de Educaci\u00f3n en Chile, sobre convivencia escolar establece a trav\u00e9s del Ministerio de Educaci\u00f3n la entrega de apoyos, orientaciones y competencias,\u00a0 para promover las condiciones necesarias que permitan gestionar un clima\u00a0 escolar saludable, prop\u00f3sito clave en el proceso formativo de los estudiantes, bajo los principios de calidad educativa, pertinencia territorial, diversidad e inclusi\u00f3n.<\/span><\/p>\n<p class=\"v1MsoNormal\" style=\"text-align: justify;\"><span lang=\"ES\">En este contexto, la Seremi de Educaci\u00f3n, Isabel Garrido indic\u00f3: \u00abDesde el Liceo de Ma\u00f1ihuales estamos re lanzando el Programa \u00abA convivir se aprende\u00bb, que es parte muy importante dele Plan de Reactivaci\u00f3n Educativa impulsado por el Presidente Boric. El Programa, busca generar competencias,\u00a0 dentro los\u00a0 equipos de las escuelas, para abordar situaciones de violencia escolar y mejorar la convivencia\u00bb.<\/span><\/p>\n<p class=\"v1MsoNormal\" style=\"text-align: justify;\"><span lang=\"ES\">As\u00ed tambi\u00e9n agreg\u00f3 que este Plan, el cual se comenz\u00f3 con cuarenta comunas a nivel nacional, alcanz\u00f3 exitosos resultados en su primera etapa, resultados que han determinado que este a\u00f1o y en el per\u00edodo 2003 \u2013 2025, se logre ampliar a 60 nuevas comunas a nivel nacional. En el caso de nuestra regi\u00f3n,\u00a0 se ver\u00e1n beneficiadas las comunas de Puerto Ays\u00e9n (que parti\u00f3 el a\u00f1o pasado), Cisnes, Chile Chico y Coyhaique. \u00bb La convivencia escolar es un aprendizaje m\u00e1s de todo los que se alcanzan en la\u00a0 escuela, y tenemos el convencimiento que nos permite ir avanzando a una sociedad m\u00e1s basada en el cari\u00f1o, en el respeto y en el el buen trato.\u00bb, enfatiz\u00f3 Garrido.<\/span><\/p>\n<p class=\"v1MsoNormal\" style=\"text-align: justify;\"><span lang=\"ES\">Por su parte, la directora del Liceo de Ma\u00f1ihuales, Sandra Rubilar, se\u00f1al\u00f3: \u00abPara nosotros es un plus en el sentido de poder trabajar una mejor convivencia\u00a0 y generar competencias para promover una mejor convivencia al interior de las aulas\u00bb, Indic\u00f3.<\/span><\/p>\n<p class=\"v1MsoNormal\" style=\"text-align: justify;\"><b><span lang=\"ES\">\u00abTrabajo intersectorial al servicio de las comunidades educativas de Ays\u00e9n\u00bb<\/span><\/b><\/p>\n<p class=\"v1MsoNormal\" style=\"text-align: justify;\"><span lang=\"ES\">La iniciativa, impulsada por el Ministerio de Educaci\u00f3n y ejecutada por la Universidad de Ays\u00e9n y Universidad de Magallanes, pone en valor el compromiso y saber de la academia en el abordaje de la convivencia escolar, desde una perspectiva intersectorial, para\u00a0 generar espacios de promoci\u00f3n, prevenci\u00f3n y focalizaci\u00f3n de comunidades educativas que requieren acompa\u00f1amiento.<\/span><\/p>\n<p class=\"v1MsoNormal\" style=\"text-align: justify;\"><span lang=\"ES\">En este contexto, Romina Aranda, Coordinadora Regional del programa se\u00f1al\u00f3: \u00abLa propuesta t\u00e9cnica se elabor\u00f3 desde un enfoque sociohist\u00f3rico y cultural que pone el acento en lo relacional y territorial, entendiendo la convivencia como un proceso y una pr\u00e1ctica social. Esperamos realizar un buen trabajo de colaboraci\u00f3n y articulaci\u00f3n con los establecimientos educativos, tanto en la dimensi\u00f3n formativa como en las redes territoriales y el acompa\u00f1amiento focalizado. Esto, recordando siempre, que todos los actores educativos son sujetos de derecho y que las comunidades educativas no s\u00f3lo tienen desaf\u00edos, sino que tambi\u00e9n valiosos recursos para compartir\u00bb.<\/span><\/p>\n<p class=\"v1MsoNormal\" style=\"text-align: justify;\"><span lang=\"ES\">Finalmente, este acompa\u00f1amiento que tendr\u00e1 una duraci\u00f3n de un poco m\u00e1s de dos a\u00f1os, pretende ser un respuesta integral y estrat\u00e9gica con foco en un mejor trato, mayor bienestar de los estudiantes, considerando los aspectos socioemocionales de convivencia, equidad de g\u00e9nero y salud mental de los establecimientos educacionales del pa\u00eds y especialmente,\u00a0 de nuestra regi\u00f3n de\u00a0 Ays\u00e9n, donde el compromiso ministerial se ha enfocado en trabajar desde temprana edad\u00a0 el desarrollo de habilidades socioemocionales, con perspectiva de futuro, considerando que en su momento, los ni\u00f1os y j\u00f3venes ser\u00e1n trabajadores, formar\u00e1n familias,\u00a0 y podr\u00e1n poner en pr\u00e1ctica todo lo aprendido durante este proceso, impactando positivamente a su entorno familiar y social.<\/span><\/p>\n<\/div><\/section><\/div><div  style='height:50px' class='hr hr-invisible   avia-builder-el-6  el_after_av_one_full  el_before_av_social_share '><span class='hr-inner ' ><span class='hr-inner-style'><\/span><\/span><\/div><\/p>\n<div  class='av-social-sharing-box  avia-builder-el-7  el_after_av_hr  el_before_av_hr  '><div class='av-share-box'><h5 class='av-share-link-description av-no-toc '>Compartir esta noticia<\/h5><ul class='av-share-box-list noLightbox'><li class='av-share-link av-social-link-facebook' ><a target=\"_blank\" aria-label=\"Compartir en Facebook\" href='https:\/\/www.facebook.com\/sharer.php?u=https:\/\/radiorevelacionfm.cl\/?p=34967&#038;t=Con%20banderines%20que%20resaltan%20el%20buen%20convivir%20estudiantes%20invitan%20a%20sumarse%20al%20Programa%20%C2%ABA%20Convivir%20se%20aprende%C2%BB' aria-hidden='false' data-av_icon='\ue8f3' data-av_iconfont='entypo-fontello' title='' data-avia-related-tooltip='Compartir en Facebook' rel=\"noopener\"><span class='avia_hidden_link_text'>Compartir en Facebook<\/span><\/a><\/li><li class='av-share-link av-social-link-twitter' ><a target=\"_blank\" aria-label=\"Compartir en Twitter\" href='https:\/\/twitter.com\/share?text=Con%20banderines%20que%20resaltan%20el%20buen%20convivir%20estudiantes%20invitan%20a%20sumarse%20al%20Programa%20%C2%ABA%20Convivir%20se%20aprende%C2%BB&#038;url=https:\/\/radiorevelacionfm.cl\/?p=34967' aria-hidden='false' data-av_icon='\ue8f1' data-av_iconfont='entypo-fontello' title='' data-avia-related-tooltip='Compartir en Twitter' rel=\"noopener\"><span class='avia_hidden_link_text'>Compartir en Twitter<\/span><\/a><\/li><li class='av-share-link av-social-link-whatsapp' ><a target=\"_blank\" aria-label=\"Compartir en Whatsapp\" href='https:\/\/api.whatsapp.com\/send?text=https:\/\/radiorevelacionfm.cl\/?p=34967' aria-hidden='false' data-av_icon='\uf232' data-av_iconfont='entypo-fontello' title='' data-avia-related-tooltip='Compartir en Whatsapp' rel=\"noopener\"><span class='avia_hidden_link_text'>Compartir en Whatsapp<\/span><\/a><\/li><li class='av-share-link av-social-link-linkedin' ><a target=\"_blank\" aria-label=\"Compartir en LinkedIn\" href='https:\/\/linkedin.com\/shareArticle?mini=true&#038;title=Con%20banderines%20que%20resaltan%20el%20buen%20convivir%20estudiantes%20invitan%20a%20sumarse%20al%20Programa%20%C2%ABA%20Convivir%20se%20aprende%C2%BB&#038;url=https:\/\/radiorevelacionfm.cl\/?p=34967' aria-hidden='false' data-av_icon='\ue8fc' data-av_iconfont='entypo-fontello' title='' data-avia-related-tooltip='Compartir en LinkedIn' rel=\"noopener\"><span class='avia_hidden_link_text'>Compartir en LinkedIn<\/span><\/a><\/li><li class='av-share-link av-social-link-mail' ><a  aria-label=\"Compartir por correo\" href='mailto:?subject=Con%20banderines%20que%20resaltan%20el%20buen%20convivir%20estudiantes%20invitan%20a%20sumarse%20al%20Programa%20%C2%ABA%20Convivir%20se%20aprende%C2%BB&#038;body=https:\/\/radiorevelacionfm.cl\/?p=34967' aria-hidden='false' data-av_icon='\ue805' data-av_iconfont='entypo-fontello' title='' data-avia-related-tooltip='Compartir por correo'><span class='avia_hidden_link_text'>Compartir por correo<\/span><\/a><\/li><\/ul><\/div><\/div>\n<div  style='height:50px' class='hr hr-invisible   avia-builder-el-8  el_after_av_social_share  el_before_av_comments_list '><span class='hr-inner ' ><span class='hr-inner-style'><\/span><\/span><\/div>\n<div  class='av-buildercomment  av-blog-meta-html-info-disabled av-blog-meta-tag-disabled  '><\/div>\n","protected":false},"excerpt":{"rendered":"","protected":false},"author":1,"featured_media":34971,"comment_status":"open","ping_status":"open","sticky":false,"template":"","format":"standard","meta":{"footnotes":""},"categories":[49],"tags":[],"class_list":["post-34967","post","type-post","status-publish","format-standard","has-post-thumbnail","hentry","category-educacion"],"jetpack_featured_media_url":"https:\/\/radiorevelacionfm.cl\/wp-content\/uploads\/2023\/09\/Estudiantes-2-1-1-1.jpg","_links":{"self":[{"href":"https:\/\/radiorevelacionfm.cl\/index.php?rest_route=\/wp\/v2\/posts\/34967","targetHints":{"allow":["GET"]}}],"collection":[{"href":"https:\/\/radiorevelacionfm.cl\/index.php?rest_route=\/wp\/v2\/posts"}],"about":[{"href":"https:\/\/radiorevelacionfm.cl\/index.php?rest_route=\/wp\/v2\/types\/post"}],"author":[{"embeddable":true,"href":"https:\/\/radiorevelacionfm.cl\/index.php?rest_route=\/wp\/v2\/users\/1"}],"replies":[{"embeddable":true,"href":"https:\/\/radiorevelacionfm.cl\/index.php?rest_route=%2Fwp%2Fv2%2Fcomments&post=34967"}],"version-history":[{"count":1,"href":"https:\/\/radiorevelacionfm.cl\/index.php?rest_route=\/wp\/v2\/posts\/34967\/revisions"}],"predecessor-version":[{"id":34972,"href":"https:\/\/radiorevelacionfm.cl\/index.php?rest_route=\/wp\/v2\/posts\/34967\/revisions\/34972"}],"wp:featuredmedia":[{"embeddable":true,"href":"https:\/\/radiorevelacionfm.cl\/index.php?rest_route=\/wp\/v2\/media\/34971"}],"wp:attachment":[{"href":"https:\/\/radiorevelacionfm.cl\/index.php?rest_route=%2Fwp%2Fv2%2Fmedia&parent=34967"}],"wp:term":[{"taxonomy":"category","embeddable":true,"href":"https:\/\/radiorevelacionfm.cl\/index.php?rest_route=%2Fwp%2Fv2%2Fcategories&post=34967"},{"taxonomy":"post_tag","embeddable":true,"href":"https:\/\/radiorevelacionfm.cl\/index.php?rest_route=%2Fwp%2Fv2%2Ftags&post=34967"}],"curies":[{"name":"wp","href":"https:\/\/api.w.org\/{rel}","templated":true}]}}