{"id":34964,"date":"2023-09-14T10:22:34","date_gmt":"2023-09-14T13:22:34","guid":{"rendered":"https:\/\/radiorevelacionfm.cl\/?p=34964"},"modified":"2023-09-14T10:22:34","modified_gmt":"2023-09-14T13:22:34","slug":"infor-resalta-resultados-en-la-economia-local-tras-el-cierre-del-programa-de-transferencia-tecnologica-a-productores-leneros","status":"publish","type":"post","link":"https:\/\/radiorevelacionfm.cl\/?p=34964","title":{"rendered":"INFOR resalta resultados en la econom\u00eda local tras el cierre del Programa de Transferencia Tecnol\u00f3gica a Productores Le\u00f1eros"},"content":{"rendered":"<div class=\"flex_column av_one_full  flex_column_div av-zero-column-padding first  avia-builder-el-0  el_before_av_one_full  avia-builder-el-first  \" style='border-radius:0px; '><div  class='avia-image-container  av-styling-    avia-builder-el-1  avia-builder-el-no-sibling  avia-align-center '  itemprop=\"image\" itemscope=\"itemscope\" itemtype=\"https:\/\/schema.org\/ImageObject\"  ><div class='avia-image-container-inner'><div class='avia-image-overlay-wrap'><img decoding=\"async\" class='wp-image-34965 avia-img-lazy-loading-not-34965 avia_image' src=\"https:\/\/radiorevelacionfm.cl\/wp-content\/uploads\/2023\/09\/img_20220308_145324_resized_20220404_085009507-1_optimized-1.jpg\" alt='' title='img_20220308_145324_resized_20220404_085009507-(1)_optimized (1)' height=\"600\" width=\"800\"  itemprop=\"thumbnailUrl\" srcset=\"https:\/\/radiorevelacionfm.cl\/wp-content\/uploads\/2023\/09\/img_20220308_145324_resized_20220404_085009507-1_optimized-1.jpg 800w, https:\/\/radiorevelacionfm.cl\/wp-content\/uploads\/2023\/09\/img_20220308_145324_resized_20220404_085009507-1_optimized-1-300x225.jpg 300w, https:\/\/radiorevelacionfm.cl\/wp-content\/uploads\/2023\/09\/img_20220308_145324_resized_20220404_085009507-1_optimized-1-768x576.jpg 768w, https:\/\/radiorevelacionfm.cl\/wp-content\/uploads\/2023\/09\/img_20220308_145324_resized_20220404_085009507-1_optimized-1-705x529.jpg 705w, https:\/\/radiorevelacionfm.cl\/wp-content\/uploads\/2023\/09\/img_20220308_145324_resized_20220404_085009507-1_optimized-1-450x338.jpg 450w, https:\/\/radiorevelacionfm.cl\/wp-content\/uploads\/2023\/09\/img_20220308_145324_resized_20220404_085009507-1_optimized-1-600x450.jpg 600w\" sizes=\"(max-width: 800px) 100vw, 800px\" \/><\/div><\/div><\/div><\/div><div class=\"flex_column av_one_full  flex_column_div av-zero-column-padding first  avia-builder-el-2  el_after_av_one_full  el_before_av_one_full  column-top-margin\" style='border-radius:0px; '><section class=\"av_textblock_section \"  itemscope=\"itemscope\" itemtype=\"https:\/\/schema.org\/BlogPosting\" itemprop=\"blogPost\" ><div class='avia_textblock  '   itemprop=\"text\" ><p style=\"text-align: center;\"><span style=\"font-size: 18pt;\"><strong>INFOR resalta resultados en la econom\u00eda local tras el cierre del Programa de Transferencia Tecnol\u00f3gica a Productores Le\u00f1eros<\/strong><\/span><\/p>\n<div id=\"gtx-trans\" style=\"position: absolute; left: -50px; top: 4.31534px;\">\n<div class=\"gtx-trans-icon\"><\/div>\n<\/div>\n<\/div><\/section><\/div><div class=\"flex_column av_one_full  flex_column_div av-zero-column-padding first  avia-builder-el-4  el_after_av_one_full  el_before_av_hr  column-top-margin\" style='border-radius:0px; '><section class=\"av_textblock_section \"  itemscope=\"itemscope\" itemtype=\"https:\/\/schema.org\/BlogPosting\" itemprop=\"blogPost\" ><div class='avia_textblock  '   itemprop=\"text\" ><p style=\"text-align: justify;\">Dando cuenta de un trabajo realizado en plena pandemia, el Instituto Forestal (INFOR), a trav\u00e9s de su sede Patagonia, entreg\u00f3 un informe de cierre a la Municipalidad de R\u00edo Ib\u00e1\u00f1ez al concluir el programa, \u201cGesti\u00f3n para Potenciar la Extracci\u00f3n y Secado de Le\u00f1a y Formalizaci\u00f3n de los Productores de la Comuna de R\u00edo Ib\u00e1\u00f1ez\u201d, el cual durante un periodo de 24 meses capacit\u00f3 a productores le\u00f1eros buscando mejorar sus procesos productivos.<\/p>\n<p style=\"text-align: justify;\">El plan, financiado por el Gobierno Regional de Ays\u00e9n a trav\u00e9s del Programa Marco de Desarrollo Territorial (PMDT) de la comuna de R\u00edo Ib\u00e1\u00f1ez y ejecutado por INFOR, organismo dependiente del Ministerio de Agricultura, incluy\u00f3 la atenci\u00f3n directa a 40 beneficiarios y 40 beneficiarios indirectos. Generando la formalizaci\u00f3n del 50% de los beneficiarios directos, con planes de manejo, ampliaciones de calendarios, cortas simples y declaraciones de existencia, mientras que el 50% restante est\u00e1 en proceso de formalizaci\u00f3n. Adem\u00e1s, se logr\u00f3 un aumento del 27% en el volumen de producci\u00f3n de le\u00f1a con trazabilidad desde el inicio del programa.<\/p>\n<p style=\"text-align: justify;\">Al respecto, el gerente de INFOR Sede Patagonia, Jaime Salinas Sanhueza, destac\u00f3 \u201cel trabajo realizado por los investigadores de la instituci\u00f3n y que ha permitido una labor de calidad con los le\u00f1eros de la comuna\u201d, resaltando que esto ha permitido \u201cmejorar sus procesos productivos al integrar maquinarias cortadoras y picadoras de le\u00f1a, que adem\u00e1s de mejorar la productividad de 8.000 a 11.000 metros c\u00fabicos durante la ejecuci\u00f3n del programa, integran a la familia al negocio le\u00f1ero al disminuir el esfuerzo f\u00edsico utilizando esta tecnolog\u00eda\u201d, detall\u00f3.<\/p>\n<p style=\"text-align: justify;\">Por su parte, el Seremi de Agricultura de la Regi\u00f3n de Ays\u00e9n, Alan Espinoza Ortiz, valor\u00f3 el programa que \u201cha dejado una huella significativa en la comunidad de R\u00edo Ib\u00e1\u00f1ez, mejorando la productividad y la calidad de vida de los productores le\u00f1eros.\u00a0 A trav\u00e9s de la ejecuci\u00f3n de talleres de capacitaci\u00f3n, d\u00edas de campo y un seguimiento sistem\u00e1tico a los 40 beneficiarios directos ha permitido a producci\u00f3n de le\u00f1a de alta calidad, seca y estandarizada\u201d, sostuvo.<\/p>\n<p style=\"text-align: justify;\">Finalmente, Marcelo Santana Vargas, alcalde de la comuna de R\u00edo Ib\u00e1\u00f1ez, destac\u00f3 la labor de INFOR al \u201cque, por medio de la gesti\u00f3n de 27 comodatos de maquinaria, cuatro talleres de capacitaci\u00f3n, tres d\u00edas de campo ha permitido mejorar los procesos productivos y generar trabajo directo a familias de nuestra comuna\u201d, sostuvo.<\/p>\n<\/div><\/section><\/div><div  style='height:50px' class='hr hr-invisible   avia-builder-el-6  el_after_av_one_full  el_before_av_social_share '><span class='hr-inner ' ><span class='hr-inner-style'><\/span><\/span><\/div><\/p>\n<div  class='av-social-sharing-box  avia-builder-el-7  el_after_av_hr  el_before_av_hr  '><div class='av-share-box'><h5 class='av-share-link-description av-no-toc '>Compartir esta noticia<\/h5><ul class='av-share-box-list noLightbox'><li class='av-share-link av-social-link-facebook' ><a target=\"_blank\" aria-label=\"Compartir en Facebook\" href='https:\/\/www.facebook.com\/sharer.php?u=https:\/\/radiorevelacionfm.cl\/?p=34964&#038;t=INFOR%20resalta%20resultados%20en%20la%20econom%C3%ADa%20local%20tras%20el%20cierre%20del%20Programa%20de%20Transferencia%20Tecnol%C3%B3gica%20a%20Productores%20Le%C3%B1eros' aria-hidden='false' data-av_icon='\ue8f3' data-av_iconfont='entypo-fontello' title='' data-avia-related-tooltip='Compartir en Facebook' rel=\"noopener\"><span class='avia_hidden_link_text'>Compartir en Facebook<\/span><\/a><\/li><li class='av-share-link av-social-link-twitter' ><a target=\"_blank\" aria-label=\"Compartir en Twitter\" href='https:\/\/twitter.com\/share?text=INFOR%20resalta%20resultados%20en%20la%20econom%C3%ADa%20local%20tras%20el%20cierre%20del%20Programa%20de%20Transferencia%20Tecnol%C3%B3gica%20a%20Productores%20Le%C3%B1eros&#038;url=https:\/\/radiorevelacionfm.cl\/?p=34964' aria-hidden='false' data-av_icon='\ue8f1' data-av_iconfont='entypo-fontello' title='' data-avia-related-tooltip='Compartir en Twitter' rel=\"noopener\"><span class='avia_hidden_link_text'>Compartir en Twitter<\/span><\/a><\/li><li class='av-share-link av-social-link-whatsapp' ><a target=\"_blank\" aria-label=\"Compartir en Whatsapp\" href='https:\/\/api.whatsapp.com\/send?text=https:\/\/radiorevelacionfm.cl\/?p=34964' aria-hidden='false' data-av_icon='\uf232' data-av_iconfont='entypo-fontello' title='' data-avia-related-tooltip='Compartir en Whatsapp' rel=\"noopener\"><span class='avia_hidden_link_text'>Compartir en Whatsapp<\/span><\/a><\/li><li class='av-share-link av-social-link-linkedin' ><a target=\"_blank\" aria-label=\"Compartir en LinkedIn\" href='https:\/\/linkedin.com\/shareArticle?mini=true&#038;title=INFOR%20resalta%20resultados%20en%20la%20econom%C3%ADa%20local%20tras%20el%20cierre%20del%20Programa%20de%20Transferencia%20Tecnol%C3%B3gica%20a%20Productores%20Le%C3%B1eros&#038;url=https:\/\/radiorevelacionfm.cl\/?p=34964' aria-hidden='false' data-av_icon='\ue8fc' data-av_iconfont='entypo-fontello' title='' data-avia-related-tooltip='Compartir en LinkedIn' rel=\"noopener\"><span class='avia_hidden_link_text'>Compartir en LinkedIn<\/span><\/a><\/li><li class='av-share-link av-social-link-mail' ><a  aria-label=\"Compartir por correo\" href='mailto:?subject=INFOR%20resalta%20resultados%20en%20la%20econom%C3%ADa%20local%20tras%20el%20cierre%20del%20Programa%20de%20Transferencia%20Tecnol%C3%B3gica%20a%20Productores%20Le%C3%B1eros&#038;body=https:\/\/radiorevelacionfm.cl\/?p=34964' aria-hidden='false' data-av_icon='\ue805' data-av_iconfont='entypo-fontello' title='' data-avia-related-tooltip='Compartir por correo'><span class='avia_hidden_link_text'>Compartir por correo<\/span><\/a><\/li><\/ul><\/div><\/div>\n<div  style='height:50px' class='hr hr-invisible   avia-builder-el-8  el_after_av_social_share  el_before_av_comments_list '><span class='hr-inner ' ><span class='hr-inner-style'><\/span><\/span><\/div>\n<div  class='av-buildercomment  av-blog-meta-html-info-disabled av-blog-meta-tag-disabled  '><\/div>\n","protected":false},"excerpt":{"rendered":"","protected":false},"author":1,"featured_media":34965,"comment_status":"open","ping_status":"open","sticky":false,"template":"","format":"standard","meta":{"footnotes":""},"categories":[38],"tags":[],"class_list":["post-34964","post","type-post","status-publish","format-standard","has-post-thumbnail","hentry","category-regional"],"jetpack_featured_media_url":"https:\/\/radiorevelacionfm.cl\/wp-content\/uploads\/2023\/09\/img_20220308_145324_resized_20220404_085009507-1_optimized-1.jpg","_links":{"self":[{"href":"https:\/\/radiorevelacionfm.cl\/index.php?rest_route=\/wp\/v2\/posts\/34964","targetHints":{"allow":["GET"]}}],"collection":[{"href":"https:\/\/radiorevelacionfm.cl\/index.php?rest_route=\/wp\/v2\/posts"}],"about":[{"href":"https:\/\/radiorevelacionfm.cl\/index.php?rest_route=\/wp\/v2\/types\/post"}],"author":[{"embeddable":true,"href":"https:\/\/radiorevelacionfm.cl\/index.php?rest_route=\/wp\/v2\/users\/1"}],"replies":[{"embeddable":true,"href":"https:\/\/radiorevelacionfm.cl\/index.php?rest_route=%2Fwp%2Fv2%2Fcomments&post=34964"}],"version-history":[{"count":1,"href":"https:\/\/radiorevelacionfm.cl\/index.php?rest_route=\/wp\/v2\/posts\/34964\/revisions"}],"predecessor-version":[{"id":34966,"href":"https:\/\/radiorevelacionfm.cl\/index.php?rest_route=\/wp\/v2\/posts\/34964\/revisions\/34966"}],"wp:featuredmedia":[{"embeddable":true,"href":"https:\/\/radiorevelacionfm.cl\/index.php?rest_route=\/wp\/v2\/media\/34965"}],"wp:attachment":[{"href":"https:\/\/radiorevelacionfm.cl\/index.php?rest_route=%2Fwp%2Fv2%2Fmedia&parent=34964"}],"wp:term":[{"taxonomy":"category","embeddable":true,"href":"https:\/\/radiorevelacionfm.cl\/index.php?rest_route=%2Fwp%2Fv2%2Fcategories&post=34964"},{"taxonomy":"post_tag","embeddable":true,"href":"https:\/\/radiorevelacionfm.cl\/index.php?rest_route=%2Fwp%2Fv2%2Ftags&post=34964"}],"curies":[{"name":"wp","href":"https:\/\/api.w.org\/{rel}","templated":true}]}}