{"id":34961,"date":"2023-09-13T16:00:09","date_gmt":"2023-09-13T19:00:09","guid":{"rendered":"https:\/\/radiorevelacionfm.cl\/?p=34961"},"modified":"2023-09-13T16:00:09","modified_gmt":"2023-09-13T19:00:09","slug":"con-impactante-simulacro-de-siniestro-vial-llaman-a-tener-un-18-seguro-en-las-rutas-de-la-region","status":"publish","type":"post","link":"https:\/\/radiorevelacionfm.cl\/?p=34961","title":{"rendered":"Con impactante simulacro de siniestro vial llaman a tener un 18 seguro en las rutas de la regi\u00f3n"},"content":{"rendered":"<div class=\"flex_column av_one_full  flex_column_div av-zero-column-padding first  avia-builder-el-0  el_before_av_one_full  avia-builder-el-first  \" style='border-radius:0px; '><div  class='avia-image-container  av-styling-    avia-builder-el-1  avia-builder-el-no-sibling  avia-align-center '  itemprop=\"image\" itemscope=\"itemscope\" itemtype=\"https:\/\/schema.org\/ImageObject\"  ><div class='avia-image-container-inner'><div class='avia-image-overlay-wrap'><img decoding=\"async\" class='wp-image-34962 avia-img-lazy-loading-not-34962 avia_image' src=\"https:\/\/radiorevelacionfm.cl\/wp-content\/uploads\/2023\/09\/dsc_6495-1_optimized.jpg\" alt='' title='dsc_6495-(1)_optimized' height=\"600\" width=\"903\"  itemprop=\"thumbnailUrl\" srcset=\"https:\/\/radiorevelacionfm.cl\/wp-content\/uploads\/2023\/09\/dsc_6495-1_optimized.jpg 903w, https:\/\/radiorevelacionfm.cl\/wp-content\/uploads\/2023\/09\/dsc_6495-1_optimized-300x199.jpg 300w, https:\/\/radiorevelacionfm.cl\/wp-content\/uploads\/2023\/09\/dsc_6495-1_optimized-768x510.jpg 768w, https:\/\/radiorevelacionfm.cl\/wp-content\/uploads\/2023\/09\/dsc_6495-1_optimized-705x468.jpg 705w, https:\/\/radiorevelacionfm.cl\/wp-content\/uploads\/2023\/09\/dsc_6495-1_optimized-450x299.jpg 450w, https:\/\/radiorevelacionfm.cl\/wp-content\/uploads\/2023\/09\/dsc_6495-1_optimized-600x399.jpg 600w\" sizes=\"(max-width: 903px) 100vw, 903px\" \/><\/div><\/div><\/div><\/div><div class=\"flex_column av_one_full  flex_column_div av-zero-column-padding first  avia-builder-el-2  el_after_av_one_full  el_before_av_one_full  column-top-margin\" style='border-radius:0px; '><section class=\"av_textblock_section \"  itemscope=\"itemscope\" itemtype=\"https:\/\/schema.org\/BlogPosting\" itemprop=\"blogPost\" ><div class='avia_textblock  '   itemprop=\"text\" ><p style=\"text-align: center;\"><span style=\"font-size: 18pt;\"><b>Con impactante simulacro de siniestro vial llaman a tener un 18 seguro en las rutas de la regi\u00f3n<\/b><\/span><\/p>\n<div id=\"gtx-trans\" style=\"position: absolute; left: -50px; top: 4.31534px;\">\n<div class=\"gtx-trans-icon\"><\/div>\n<\/div>\n<\/div><\/section><\/div><div class=\"flex_column av_one_full  flex_column_div av-zero-column-padding first  avia-builder-el-4  el_after_av_one_full  el_before_av_hr  column-top-margin\" style='border-radius:0px; '><section class=\"av_textblock_section \"  itemscope=\"itemscope\" itemtype=\"https:\/\/schema.org\/BlogPosting\" itemprop=\"blogPost\" ><div class='avia_textblock  '   itemprop=\"text\" ><p style=\"text-align: justify;\">Evitar el consumo de alcohol y otras conductas imprudentes, como no usar cintur\u00f3n de seguridad o sistemas de retenci\u00f3n infantil cuando se trasladan ni\u00f1os, fueron los t\u00f3picos principales abordados con esta puesta en escena.<\/p>\n<p style=\"text-align: justify;\">La Comisi\u00f3n Regional de Seguridad de Tr\u00e1nsito (CORESET) realiz\u00f3 un fuerte llamado a los habitantes de la regi\u00f3n para prevenir muertes producto de siniestros viales, mediante un simulacro en donde se activ\u00f3 el ABC de emergencia, con la presencia del Samu, Bomberos y Carabineros de la SIAT. La puesta en escena se llev\u00f3 a cabo en pleno centro de Coyhaique, en la intersecci\u00f3n de Bilbao con Prat, donde se dramatiz\u00f3 el choque de un conductor ebrio que provoc\u00f3 la muerte de su peque\u00f1o hijo, que transitaba sin silla de seguridad; llamando la atenci\u00f3n de los vecinos y vecinas que rodeaban el lugar.<\/p>\n<p style=\"text-align: justify;\">En la oportunidad el delegado presidencial regional de Ays\u00e9n, Rodrigo Araya se refiri\u00f3 a las graves consecuencias que se desencadenan tras un siniestro vial. \u201cHoy d\u00eda hemos realizado un simulacro de accidente que tiene muchas posibilidades que ocurra. Vemos a un matrimonio que sufre ese terrible impacto de la p\u00e9rdida de un hijo, donde ellos quedan ilesos. Eso es lo que nosotros queremos recalcar, que sucede lamentablemente con mucha frecuencia en nuestro pa\u00eds\u201d. El delegado revel\u00f3 adem\u00e1s que en este 2023 ser\u00e1n 4 d\u00edas de feriado, por lo que es necesario permanecer alertas y ser cuidadosos en la conducci\u00f3n, \u201cel a\u00f1o pasado no tuvimos que lamentar ninguna muerte y esperamos que este a\u00f1o tampoco\u201d, agreg\u00f3.<\/p>\n<p style=\"text-align: justify;\">Desde la SIAT de Carabineros, el teniente Manuel C\u00e1ceres se refiri\u00f3 a las preocupantes cifras regionales de consumo de alcohol en la conducci\u00f3n. \u00a0\u201cEn nuestra regi\u00f3n tenemos una triste estad\u00edstica en donde la segunda causa de los accidentes de tr\u00e1nsito es el consumo de alcohol. Ya en este a\u00f1o, en la regi\u00f3n, se han detenido a 260 personas, lo que quiere decir que diariamente estamos deteniendo a una persona en estado de ebriedad\u201d. El uniformado a\u00f1adi\u00f3 que como en otros feriados se refuerza el despliegue de fuerzas policiales en la regi\u00f3n, adem\u00e1s de los servicios conjuntos con Senda para el control de consumo de alcohol en conductores.<\/p>\n<p style=\"text-align: justify;\">Existen adem\u00e1s factores externos que tambi\u00e9n se deben considerar para circular tranquilamente y sin contratiempos, sobre todo en las rutas rurales. \u201cLas condiciones de tiempo vienen un poco desfavorables, se esperan precipitaciones, con bajas temperaturas, principalmente el d\u00eda s\u00e1bado. Eso no impide que podamos salir y pasarlo bien, pero obviamente con responsabilidad, principalmente en la conducci\u00f3n, no manejar con alcohol y usar los elementos de seguridad que corresponden\u201d, se\u00f1al\u00f3 el director (S) de Senapred, Carlos Ureta.<\/p>\n<p style=\"text-align: justify;\">La administradora de la municipalidad de Coyhaique, Gabriela Retamal, hizo eco de los llamados a la precauci\u00f3n en especial a los habitantes de la capital regional: \u201cHacemos un llamado a nuestros vecinos y vecinas para manejar con mucha precauci\u00f3n y beber moderadamente en estas fiestas. Estas fiestas patrias son largas, son extensas. Todos los vecinos y vecinas tienen que tomar cuidado y que en estas oportunidades manejemos con moderaci\u00f3n\u201d.<\/p>\n<p style=\"text-align: justify;\">Finalmente tambi\u00e9n se reforzaron otros aspectos de seguridad vial, como el uso obligatorio del cintur\u00f3n de seguridad, el respeto a los l\u00edmites de velocidad, tanto en zonas rurales como urbanas, y evitar distracciones al volante, como el uso del celular mientras se conduce.<\/p>\n<div style=\"text-align: justify;\"><\/div>\n<\/div><\/section><\/div><div  style='height:50px' class='hr hr-invisible   avia-builder-el-6  el_after_av_one_full  el_before_av_social_share '><span class='hr-inner ' ><span class='hr-inner-style'><\/span><\/span><\/div><\/p>\n<div  class='av-social-sharing-box  avia-builder-el-7  el_after_av_hr  el_before_av_hr  '><div class='av-share-box'><h5 class='av-share-link-description av-no-toc '>Compartir esta noticia<\/h5><ul class='av-share-box-list noLightbox'><li class='av-share-link av-social-link-facebook' ><a target=\"_blank\" aria-label=\"Compartir en Facebook\" href='https:\/\/www.facebook.com\/sharer.php?u=https:\/\/radiorevelacionfm.cl\/?p=34961&#038;t=Con%20impactante%20simulacro%20de%20siniestro%20vial%20llaman%20a%20tener%20un%2018%20seguro%20en%20las%20rutas%20de%20la%20regi%C3%B3n' aria-hidden='false' data-av_icon='\ue8f3' data-av_iconfont='entypo-fontello' title='' data-avia-related-tooltip='Compartir en Facebook' rel=\"noopener\"><span class='avia_hidden_link_text'>Compartir en Facebook<\/span><\/a><\/li><li class='av-share-link av-social-link-twitter' ><a target=\"_blank\" aria-label=\"Compartir en Twitter\" href='https:\/\/twitter.com\/share?text=Con%20impactante%20simulacro%20de%20siniestro%20vial%20llaman%20a%20tener%20un%2018%20seguro%20en%20las%20rutas%20de%20la%20regi%C3%B3n&#038;url=https:\/\/radiorevelacionfm.cl\/?p=34961' aria-hidden='false' data-av_icon='\ue8f1' data-av_iconfont='entypo-fontello' title='' data-avia-related-tooltip='Compartir en Twitter' rel=\"noopener\"><span class='avia_hidden_link_text'>Compartir en Twitter<\/span><\/a><\/li><li class='av-share-link av-social-link-whatsapp' ><a target=\"_blank\" aria-label=\"Compartir en Whatsapp\" href='https:\/\/api.whatsapp.com\/send?text=https:\/\/radiorevelacionfm.cl\/?p=34961' aria-hidden='false' data-av_icon='\uf232' data-av_iconfont='entypo-fontello' title='' data-avia-related-tooltip='Compartir en Whatsapp' rel=\"noopener\"><span class='avia_hidden_link_text'>Compartir en Whatsapp<\/span><\/a><\/li><li class='av-share-link av-social-link-linkedin' ><a target=\"_blank\" aria-label=\"Compartir en LinkedIn\" href='https:\/\/linkedin.com\/shareArticle?mini=true&#038;title=Con%20impactante%20simulacro%20de%20siniestro%20vial%20llaman%20a%20tener%20un%2018%20seguro%20en%20las%20rutas%20de%20la%20regi%C3%B3n&#038;url=https:\/\/radiorevelacionfm.cl\/?p=34961' aria-hidden='false' data-av_icon='\ue8fc' data-av_iconfont='entypo-fontello' title='' data-avia-related-tooltip='Compartir en LinkedIn' rel=\"noopener\"><span class='avia_hidden_link_text'>Compartir en LinkedIn<\/span><\/a><\/li><li class='av-share-link av-social-link-mail' ><a  aria-label=\"Compartir por correo\" href='mailto:?subject=Con%20impactante%20simulacro%20de%20siniestro%20vial%20llaman%20a%20tener%20un%2018%20seguro%20en%20las%20rutas%20de%20la%20regi%C3%B3n&#038;body=https:\/\/radiorevelacionfm.cl\/?p=34961' aria-hidden='false' data-av_icon='\ue805' data-av_iconfont='entypo-fontello' title='' data-avia-related-tooltip='Compartir por correo'><span class='avia_hidden_link_text'>Compartir por correo<\/span><\/a><\/li><\/ul><\/div><\/div>\n<div  style='height:50px' class='hr hr-invisible   avia-builder-el-8  el_after_av_social_share  el_before_av_comments_list '><span class='hr-inner ' ><span class='hr-inner-style'><\/span><\/span><\/div>\n<div  class='av-buildercomment  av-blog-meta-html-info-disabled av-blog-meta-tag-disabled  '><\/div>\n","protected":false},"excerpt":{"rendered":"","protected":false},"author":1,"featured_media":34962,"comment_status":"open","ping_status":"open","sticky":false,"template":"","format":"standard","meta":{"footnotes":""},"categories":[38],"tags":[],"class_list":["post-34961","post","type-post","status-publish","format-standard","has-post-thumbnail","hentry","category-regional"],"jetpack_featured_media_url":"https:\/\/radiorevelacionfm.cl\/wp-content\/uploads\/2023\/09\/dsc_6495-1_optimized.jpg","_links":{"self":[{"href":"https:\/\/radiorevelacionfm.cl\/index.php?rest_route=\/wp\/v2\/posts\/34961","targetHints":{"allow":["GET"]}}],"collection":[{"href":"https:\/\/radiorevelacionfm.cl\/index.php?rest_route=\/wp\/v2\/posts"}],"about":[{"href":"https:\/\/radiorevelacionfm.cl\/index.php?rest_route=\/wp\/v2\/types\/post"}],"author":[{"embeddable":true,"href":"https:\/\/radiorevelacionfm.cl\/index.php?rest_route=\/wp\/v2\/users\/1"}],"replies":[{"embeddable":true,"href":"https:\/\/radiorevelacionfm.cl\/index.php?rest_route=%2Fwp%2Fv2%2Fcomments&post=34961"}],"version-history":[{"count":1,"href":"https:\/\/radiorevelacionfm.cl\/index.php?rest_route=\/wp\/v2\/posts\/34961\/revisions"}],"predecessor-version":[{"id":34963,"href":"https:\/\/radiorevelacionfm.cl\/index.php?rest_route=\/wp\/v2\/posts\/34961\/revisions\/34963"}],"wp:featuredmedia":[{"embeddable":true,"href":"https:\/\/radiorevelacionfm.cl\/index.php?rest_route=\/wp\/v2\/media\/34962"}],"wp:attachment":[{"href":"https:\/\/radiorevelacionfm.cl\/index.php?rest_route=%2Fwp%2Fv2%2Fmedia&parent=34961"}],"wp:term":[{"taxonomy":"category","embeddable":true,"href":"https:\/\/radiorevelacionfm.cl\/index.php?rest_route=%2Fwp%2Fv2%2Fcategories&post=34961"},{"taxonomy":"post_tag","embeddable":true,"href":"https:\/\/radiorevelacionfm.cl\/index.php?rest_route=%2Fwp%2Fv2%2Ftags&post=34961"}],"curies":[{"name":"wp","href":"https:\/\/api.w.org\/{rel}","templated":true}]}}