{"id":3496,"date":"2021-04-25T17:01:48","date_gmt":"2021-04-25T20:01:48","guid":{"rendered":"https:\/\/radiorevelacionfm.cl\/?p=3496"},"modified":"2021-04-25T17:01:48","modified_gmt":"2021-04-25T20:01:48","slug":"entregan-perros-de-cuidado-ovino-a-productores-de-sector-cisne-medio","status":"publish","type":"post","link":"https:\/\/radiorevelacionfm.cl\/?p=3496","title":{"rendered":"Entregan perros de cuidado ovino a productores de sector Cisne Medio"},"content":{"rendered":"<div class=\"flex_column av_one_full  flex_column_div av-zero-column-padding first  avia-builder-el-0  el_before_av_one_full  avia-builder-el-first  \" style='border-radius:0px; '><div  class='avia-image-container  av-styling-    avia-builder-el-1  avia-builder-el-no-sibling  avia-align-center '  itemprop=\"image\" itemscope=\"itemscope\" itemtype=\"https:\/\/schema.org\/ImageObject\"  ><div class='avia-image-container-inner'><div class='avia-image-overlay-wrap'><img decoding=\"async\" class='wp-image-3497 avia-img-lazy-loading-not-3497 avia_image' src=\"https:\/\/radiorevelacionfm.cl\/wp-content\/uploads\/2021\/04\/ENTREGA-PERROS-2-1.jpeg\" alt='' title='ENTREGA PERROS 2 (1)' height=\"960\" width=\"1280\"  itemprop=\"thumbnailUrl\" srcset=\"https:\/\/radiorevelacionfm.cl\/wp-content\/uploads\/2021\/04\/ENTREGA-PERROS-2-1.jpeg 1280w, https:\/\/radiorevelacionfm.cl\/wp-content\/uploads\/2021\/04\/ENTREGA-PERROS-2-1-300x225.jpeg 300w, https:\/\/radiorevelacionfm.cl\/wp-content\/uploads\/2021\/04\/ENTREGA-PERROS-2-1-1030x773.jpeg 1030w, https:\/\/radiorevelacionfm.cl\/wp-content\/uploads\/2021\/04\/ENTREGA-PERROS-2-1-768x576.jpeg 768w, https:\/\/radiorevelacionfm.cl\/wp-content\/uploads\/2021\/04\/ENTREGA-PERROS-2-1-705x529.jpeg 705w, https:\/\/radiorevelacionfm.cl\/wp-content\/uploads\/2021\/04\/ENTREGA-PERROS-2-1-600x450.jpeg 600w\" sizes=\"(max-width: 1280px) 100vw, 1280px\" \/><\/div><\/div><\/div><\/div><div class=\"flex_column av_one_full  flex_column_div av-zero-column-padding first  avia-builder-el-2  el_after_av_one_full  el_before_av_one_full  column-top-margin\" style='border-radius:0px; '><section class=\"av_textblock_section \"  itemscope=\"itemscope\" itemtype=\"https:\/\/schema.org\/BlogPosting\" itemprop=\"blogPost\" ><div class='avia_textblock  '   itemprop=\"text\" ><p style=\"text-align: center;\"><strong><span style=\"font-size: 18pt;\">Entregan perros de cuidado ovino a productores de sector Cisne Medio<\/span><\/strong><\/p>\n<div id=\"gtx-trans\" style=\"position: absolute; left: -50px; top: 4.31534px;\">\n<div class=\"gtx-trans-icon\"><\/div>\n<\/div>\n<\/div><\/section><\/div><div class=\"flex_column av_one_full  flex_column_div av-zero-column-padding first  avia-builder-el-4  el_after_av_one_full  el_before_av_hr  column-top-margin\" style='border-radius:0px; '><section class=\"av_textblock_section \"  itemscope=\"itemscope\" itemtype=\"https:\/\/schema.org\/BlogPosting\" itemprop=\"blogPost\" ><div class='avia_textblock  '   itemprop=\"text\" ><p style=\"text-align: justify;\">Dos productores del sector Cisne Medio, en la comuna de Lago Verde, fueron beneficiados con la entrega de perros de raza Gran Pirineo, especialistas para el trabajo en el campo y particularmente en el cuidado de animales ovinos, debido al permanente ataque de la fauna silvestre como pumas, zorros y perros asilvestrados.<\/p>\n<p style=\"text-align: justify;\">Esta es una instancia m\u00e1s donde la actual administraci\u00f3n municipal busca respaldar el trabajo de los campesinos y campesinas de la comuna, con el sello de cercan\u00eda, permanente colaboraci\u00f3n y asesor\u00eda, en esta ocasi\u00f3n con apoyo de Inia Tamel Aike. Tal como lo destac\u00f3 el jefe t\u00e9cnico Prodesal Villa Amengual \u2013 Tapera, Pablo Sandoval.<\/p>\n<p style=\"text-align: justify;\">\u201cLa Municipalidad de Lago Verde a trav\u00e9s de su programa Prodesal y en conjunto con Inia Tamel Aike a trav\u00e9s de su programa de mejoramiento del fortalecimiento del negocio ovejero de la regi\u00f3n de Ays\u00e9n, hicieron entrega de dos perros Gran Pirineo a usuarios del sector de Cisne Medio en la localidad de Villa Amengual, comuna de Lago Verde. Los beneficiados son Mario Sandoval y Enrique B\u00fclher, con esta inversi\u00f3n se viene a solucionar una problem\u00e1tica de mortalidad de su ganado, debido al ataque de depredadores naturales como pumas, zorros y perros asilvestrados. Es necesario destacar que, ambos agricultores se encuentran participando del programa ovino que lleva adelante la Municipalidad de Lago Verde y que les ha permitido aumentar su productividad y la adquisici\u00f3n de estos perros guardianes viene a complementar el trabajo que realizan los agricultores con sus crianzas ovinas\u201d.<\/p>\n<p style=\"text-align: justify;\">En tanto, Marilyn Tapia, M\u00e9dico veterinario investigadora de Inia Tamel Aike, realiz\u00f3 la inducci\u00f3n a los beneficiarios, con el fin de que puedan familiarizarse con los perros y saquen el mayor provecho a esta raza de trabajo en el campo.<\/p>\n<p style=\"text-align: justify;\">\u201cHemos dictado un taller que tiene relaci\u00f3n con la inducci\u00f3n y el cuidado que ejercen los perros protectores de reba\u00f1o sobre los ovinos en contra de los depredadores de los que son victima principalmente nuestros productores. En este caso, se entregaron dos perritas Gran Pirineo Monta\u00f1a de tres meses y medio, sus principales caracter\u00edsticas es que son perros muy r\u00fasticos, son perros que conviven 365 d\u00edas del a\u00f1o con nuestras ovejas. Son perros que a lo largo de los a\u00f1os han sido seleccionados para favorecer el instinto de guarda y justamente inhibir el instinto de depredaci\u00f3n, a diferencia de nuestros carn\u00edvoros silvestres o perros asilvestrados, que en este caso, generan las mayores dificultades a nuestros productores\u201d.<\/p>\n<p style=\"text-align: justify;\">Don Enrique B\u00fclher, es un productor ovino del sector Cisne Medio y destac\u00f3 la llegada de estos perros, consciente de que era algo muy necesario para el cuidado de sus ovejas. Por ello, agradeci\u00f3 a los organismos que lograron esta iniciativa, la Municipalidad de Lago Verde, Inia y Prodesal.<\/p>\n<p style=\"text-align: justify;\">\u201cEsta actividad fue una cosa muy buena que se hizo, hace mucho tiempo que ten\u00edamos ganas de tener de este tipo de perritos y hoy d\u00eda gracias a Dios lo conseguimos. Por ello, agradecer a Inia, Indap a trav\u00e9s de Prodesal y por supuesto a la Municipalidad de Lago Verde. Entonces, muy agradecido de esto, porque es un sue\u00f1o que no esper\u00e1bamos\u201d.<\/p>\n<p style=\"text-align: justify;\">Don Mario Sandoval, es otro de los productores beneficiados con la entrega de los Gran Pirineo y se\u00f1al\u00f3 que esto era algo muy necesario para cuidado de sus animales. \u201cBastante alegre porque nos hac\u00eda falta, yo pienso que nos va a dar buenos resultados, porque uno tiene que estar estable pendiente de sus animales, as\u00ed es que, muy bueno el proyecto\u201d.<\/p>\n<p style=\"text-align: justify;\">Con este tipo de acciones concretas se fortalece y contin\u00faa el trabajo de la Municipalidad de Lago Verde con los productores de la comuna, donde siempre es importante generar redes de acci\u00f3n como fue en este caso con Inia Tamel Aike y de manera permanente con Indap a trav\u00e9s de Prodesal.<\/p>\n<\/div><\/section><\/div><div  style='height:50px' class='hr hr-invisible   avia-builder-el-6  el_after_av_one_full  el_before_av_social_share '><span class='hr-inner ' ><span class='hr-inner-style'><\/span><\/span><\/div><\/p>\n<div  class='av-social-sharing-box  avia-builder-el-7  el_after_av_hr  el_before_av_hr  '><div class='av-share-box'><h5 class='av-share-link-description av-no-toc '>Compartir esta noticia<\/h5><ul class='av-share-box-list noLightbox'><li class='av-share-link av-social-link-facebook' ><a target=\"_blank\" aria-label=\"Compartir en Facebook\" href='https:\/\/www.facebook.com\/sharer.php?u=https:\/\/radiorevelacionfm.cl\/?p=3496&#038;t=Entregan%20perros%20de%20cuidado%20ovino%20a%20productores%20de%20sector%20Cisne%20Medio' aria-hidden='false' data-av_icon='\ue8f3' data-av_iconfont='entypo-fontello' title='' data-avia-related-tooltip='Compartir en Facebook' rel=\"noopener\"><span class='avia_hidden_link_text'>Compartir en Facebook<\/span><\/a><\/li><li class='av-share-link av-social-link-twitter' ><a target=\"_blank\" aria-label=\"Compartir en Twitter\" href='https:\/\/twitter.com\/share?text=Entregan%20perros%20de%20cuidado%20ovino%20a%20productores%20de%20sector%20Cisne%20Medio&#038;url=https:\/\/radiorevelacionfm.cl\/?p=3496' aria-hidden='false' data-av_icon='\ue8f1' data-av_iconfont='entypo-fontello' title='' data-avia-related-tooltip='Compartir en Twitter' rel=\"noopener\"><span class='avia_hidden_link_text'>Compartir en Twitter<\/span><\/a><\/li><li class='av-share-link av-social-link-whatsapp' ><a target=\"_blank\" aria-label=\"Compartir en Whatsapp\" href='https:\/\/api.whatsapp.com\/send?text=https:\/\/radiorevelacionfm.cl\/?p=3496' aria-hidden='false' data-av_icon='\uf232' data-av_iconfont='entypo-fontello' title='' data-avia-related-tooltip='Compartir en Whatsapp' rel=\"noopener\"><span class='avia_hidden_link_text'>Compartir en Whatsapp<\/span><\/a><\/li><li class='av-share-link av-social-link-linkedin' ><a target=\"_blank\" aria-label=\"Compartir en LinkedIn\" href='https:\/\/linkedin.com\/shareArticle?mini=true&#038;title=Entregan%20perros%20de%20cuidado%20ovino%20a%20productores%20de%20sector%20Cisne%20Medio&#038;url=https:\/\/radiorevelacionfm.cl\/?p=3496' aria-hidden='false' data-av_icon='\ue8fc' data-av_iconfont='entypo-fontello' title='' data-avia-related-tooltip='Compartir en LinkedIn' rel=\"noopener\"><span class='avia_hidden_link_text'>Compartir en LinkedIn<\/span><\/a><\/li><li class='av-share-link av-social-link-mail' ><a  aria-label=\"Compartir por correo\" href='mailto:?subject=Entregan%20perros%20de%20cuidado%20ovino%20a%20productores%20de%20sector%20Cisne%20Medio&#038;body=https:\/\/radiorevelacionfm.cl\/?p=3496' aria-hidden='false' data-av_icon='\ue805' data-av_iconfont='entypo-fontello' title='' data-avia-related-tooltip='Compartir por correo'><span class='avia_hidden_link_text'>Compartir por correo<\/span><\/a><\/li><\/ul><\/div><\/div>\n<div  style='height:50px' class='hr hr-invisible   avia-builder-el-8  el_after_av_social_share  el_before_av_comments_list '><span class='hr-inner ' ><span class='hr-inner-style'><\/span><\/span><\/div>\n<div  class='av-buildercomment  av-blog-meta-html-info-disabled av-blog-meta-tag-disabled  '><\/div>\n","protected":false},"excerpt":{"rendered":"","protected":false},"author":1,"featured_media":3497,"comment_status":"open","ping_status":"open","sticky":false,"template":"","format":"standard","meta":{"footnotes":""},"categories":[38],"tags":[],"class_list":["post-3496","post","type-post","status-publish","format-standard","has-post-thumbnail","hentry","category-regional"],"jetpack_featured_media_url":"https:\/\/radiorevelacionfm.cl\/wp-content\/uploads\/2021\/04\/ENTREGA-PERROS-2-1.jpeg","_links":{"self":[{"href":"https:\/\/radiorevelacionfm.cl\/index.php?rest_route=\/wp\/v2\/posts\/3496","targetHints":{"allow":["GET"]}}],"collection":[{"href":"https:\/\/radiorevelacionfm.cl\/index.php?rest_route=\/wp\/v2\/posts"}],"about":[{"href":"https:\/\/radiorevelacionfm.cl\/index.php?rest_route=\/wp\/v2\/types\/post"}],"author":[{"embeddable":true,"href":"https:\/\/radiorevelacionfm.cl\/index.php?rest_route=\/wp\/v2\/users\/1"}],"replies":[{"embeddable":true,"href":"https:\/\/radiorevelacionfm.cl\/index.php?rest_route=%2Fwp%2Fv2%2Fcomments&post=3496"}],"version-history":[{"count":1,"href":"https:\/\/radiorevelacionfm.cl\/index.php?rest_route=\/wp\/v2\/posts\/3496\/revisions"}],"predecessor-version":[{"id":3498,"href":"https:\/\/radiorevelacionfm.cl\/index.php?rest_route=\/wp\/v2\/posts\/3496\/revisions\/3498"}],"wp:featuredmedia":[{"embeddable":true,"href":"https:\/\/radiorevelacionfm.cl\/index.php?rest_route=\/wp\/v2\/media\/3497"}],"wp:attachment":[{"href":"https:\/\/radiorevelacionfm.cl\/index.php?rest_route=%2Fwp%2Fv2%2Fmedia&parent=3496"}],"wp:term":[{"taxonomy":"category","embeddable":true,"href":"https:\/\/radiorevelacionfm.cl\/index.php?rest_route=%2Fwp%2Fv2%2Fcategories&post=3496"},{"taxonomy":"post_tag","embeddable":true,"href":"https:\/\/radiorevelacionfm.cl\/index.php?rest_route=%2Fwp%2Fv2%2Ftags&post=3496"}],"curies":[{"name":"wp","href":"https:\/\/api.w.org\/{rel}","templated":true}]}}