{"id":34956,"date":"2023-09-13T14:40:33","date_gmt":"2023-09-13T17:40:33","guid":{"rendered":"https:\/\/radiorevelacionfm.cl\/?p=34956"},"modified":"2023-09-13T14:40:33","modified_gmt":"2023-09-13T17:40:33","slug":"primera-planta-de-pellet-en-aysen-alista-produccion-local-de-biocombustible-elaborado","status":"publish","type":"post","link":"https:\/\/radiorevelacionfm.cl\/?p=34956","title":{"rendered":"Primera planta de pellet en Ays\u00e9n alista producci\u00f3n local de biocombustible elaborado"},"content":{"rendered":"<div class=\"flex_column av_one_full  flex_column_div av-zero-column-padding first  avia-builder-el-0  el_before_av_one_full  avia-builder-el-first  \" style='border-radius:0px; '><div  class='avia-image-container  av-styling-    avia-builder-el-1  avia-builder-el-no-sibling  avia-align-center '  itemprop=\"image\" itemscope=\"itemscope\" itemtype=\"https:\/\/schema.org\/ImageObject\"  ><div class='avia-image-container-inner'><div class='avia-image-overlay-wrap'><img decoding=\"async\" class='wp-image-34957 avia-img-lazy-loading-not-34957 avia_image' src=\"https:\/\/radiorevelacionfm.cl\/wp-content\/uploads\/2023\/09\/IMG_1228-1-1.jpg\" alt='' title='IMG_1228 (1) (1)' height=\"600\" width=\"900\"  itemprop=\"thumbnailUrl\" srcset=\"https:\/\/radiorevelacionfm.cl\/wp-content\/uploads\/2023\/09\/IMG_1228-1-1.jpg 900w, https:\/\/radiorevelacionfm.cl\/wp-content\/uploads\/2023\/09\/IMG_1228-1-1-300x200.jpg 300w, https:\/\/radiorevelacionfm.cl\/wp-content\/uploads\/2023\/09\/IMG_1228-1-1-768x512.jpg 768w, https:\/\/radiorevelacionfm.cl\/wp-content\/uploads\/2023\/09\/IMG_1228-1-1-705x470.jpg 705w, https:\/\/radiorevelacionfm.cl\/wp-content\/uploads\/2023\/09\/IMG_1228-1-1-450x300.jpg 450w, https:\/\/radiorevelacionfm.cl\/wp-content\/uploads\/2023\/09\/IMG_1228-1-1-600x400.jpg 600w\" sizes=\"(max-width: 900px) 100vw, 900px\" \/><\/div><\/div><\/div><\/div><div class=\"flex_column av_one_full  flex_column_div av-zero-column-padding first  avia-builder-el-2  el_after_av_one_full  el_before_av_one_full  column-top-margin\" style='border-radius:0px; '><section class=\"av_textblock_section \"  itemscope=\"itemscope\" itemtype=\"https:\/\/schema.org\/BlogPosting\" itemprop=\"blogPost\" ><div class='avia_textblock  '   itemprop=\"text\" ><p style=\"text-align: center;\"><strong><span style=\"font-size: 18pt;\">Primera planta de pellet en Ays\u00e9n alista producci\u00f3n local de biocombustible elaborado<\/span><\/strong><\/p>\n<div id=\"gtx-trans\" style=\"position: absolute; left: -50px; top: 4.31534px;\">\n<div class=\"gtx-trans-icon\"><\/div>\n<\/div>\n<\/div><\/section><\/div><div class=\"flex_column av_one_full  flex_column_div av-zero-column-padding first  avia-builder-el-4  el_after_av_one_full  el_before_av_hr  column-top-margin\" style='border-radius:0px; '><section class=\"av_textblock_section \"  itemscope=\"itemscope\" itemtype=\"https:\/\/schema.org\/BlogPosting\" itemprop=\"blogPost\" ><div class='avia_textblock  '   itemprop=\"text\" ><p style=\"font-weight: 400; text-align: justify;\">En plena implementaci\u00f3n se encuentra la primera planta de pellet que operar\u00e1 en la Regi\u00f3n de Ays\u00e9n, mediante una inversi\u00f3n que bordea los seis mil millones de pesos por parte de la empresa Ecomas, actualmente con ocho sucursales entre Rancagua y Puerto Montt.<\/p>\n<p style=\"font-weight: 400; text-align: justify;\">Las instalaciones se ubican a diez kil\u00f3metros de Coyhaique, camino al sector de Villa Ortega, donde fueron presentadas por el gerente general de Ecomas, Felipe Salazar Roa y el presidente del directorio de la empresa, Gonzalo Astorquiza, a la Ministra de Medio Ambiente, Maisa Rojas Corradi, acompa\u00f1ada por el Delegado Presidencial Regional, Rodrigo Araya Morales, m\u00e1s los seremis de Medio Ambiente Yoal D\u00edaz, Gobierno, Tatiana Pl\u00e1, Energ\u00eda, Carlos D\u00edaz, y representante del Gobierno Regional, Francisco Lara.<\/p>\n<p style=\"font-weight: 400; text-align: justify;\">\u201cContenta de ver c\u00f3mo esta planta comienza a tomar forma para entrar en funcionamiento y vender el primer saco de pellet producido aqu\u00ed, desde la pr\u00f3xima temporada. Esto es absolutamente cr\u00edtico, porque Coyhaique y varias otras ciudades de la regi\u00f3n tienen un problema de contaminaci\u00f3n muy importante, que se debe a que, para calefaccionarse, las personas utilizan le\u00f1a, lo que significa que tenemos que transitar hacia otros medios de calefacci\u00f3n, entre ellos, el pellet, como parte de las medidas de nuestro Plan de Descontaminaci\u00f3n Atmosf\u00e9rica (PDA)\u201d, indic\u00f3 la secretaria de Estado.<\/p>\n<p style=\"font-weight: 400; text-align: justify;\">Felipe Salazar record\u00f3 que \u201canunciamos esta planta en septiembre del a\u00f1o pasado y hoy es una realidad. Estamos en pleno funcionamiento, ustedes pueden ver la madera ah\u00ed, tenemos la materia prima para funcionar, que era uno de los temores de la gente. Esperamos que para marzo podamos tener los primeros sacos, queremos entrar en funcionamiento antes de la pr\u00f3xima temporada\u201d.<\/p>\n<p style=\"font-weight: 400; text-align: justify;\">Rodrigo Araya destac\u00f3 la generaci\u00f3n de confianza que implica el trabajo del sector p\u00fablico y privado para la diversificaci\u00f3n de la matriz energ\u00e9tica regional, adem\u00e1s de la generaci\u00f3n de 25 empleos directos y alrededor de 70 indirectos que implica esta planta.<\/p>\n<p style=\"font-weight: 400; text-align: justify;\">\u201cCon la visita de la ministra tuvimos el anuncio de reactivaci\u00f3n del Programa de Recambio de Calefactores que financia el Gobierno Regional y ese es el desaf\u00edo, vamos a seguir instalando calefactores a pellet ac\u00e1 en la regi\u00f3n, por lo tanto, la gente tiene que tener confianza en que hemos cumplido con garantizar el abastecimiento de pellet, no solo ahora sino que a futuro\u201d, recalc\u00f3.<\/p>\n<p style=\"font-weight: 400; text-align: justify;\"><strong>Comercializaci\u00f3n a precio justo<\/strong><\/p>\n<p style=\"font-weight: 400; text-align: justify;\">Ecomas tiene ventas proyectadas de 50 mil toneladas anuales de pellet, con una alta eficiencia del proceso productivo, por la utilizaci\u00f3n del rollizo completo de pino en lugar de residuos de faenas forestales, como sucede en el resto del pa\u00eds.<\/p>\n<p style=\"font-weight: 400; text-align: justify;\">En cuanto al precio, Felipe Salazar manifest\u00f3 que \u201cvamos a eliminar el desabastecimiento y el precio injusto, es decir, va a haber pellet al alcance de todos y a un precio justo\u201d.<\/p>\n<p style=\"font-weight: 400; text-align: justify;\">Respecto del Plan de Descontaminaci\u00f3n Atmosf\u00e9rica de Coyhaique, la seremi de Medio Ambiente proyecta una actualizaci\u00f3n para 2024, registrando desde 2016 hasta ahora una disminuci\u00f3n de un 50% de los episodios totales de contaminaci\u00f3n y un 65% los episodios cr\u00edticos de emergencia.<\/p>\n<\/div><\/section><\/div><div  style='height:50px' class='hr hr-invisible   avia-builder-el-6  el_after_av_one_full  el_before_av_social_share '><span class='hr-inner ' ><span class='hr-inner-style'><\/span><\/span><\/div><\/p>\n<div  class='av-social-sharing-box  avia-builder-el-7  el_after_av_hr  el_before_av_hr  '><div class='av-share-box'><h5 class='av-share-link-description av-no-toc '>Compartir esta noticia<\/h5><ul class='av-share-box-list noLightbox'><li class='av-share-link av-social-link-facebook' ><a target=\"_blank\" aria-label=\"Compartir en Facebook\" href='https:\/\/www.facebook.com\/sharer.php?u=https:\/\/radiorevelacionfm.cl\/?p=34956&#038;t=Primera%20planta%20de%20pellet%20en%20Ays%C3%A9n%20alista%20producci%C3%B3n%20local%20de%20biocombustible%20elaborado' aria-hidden='false' data-av_icon='\ue8f3' data-av_iconfont='entypo-fontello' title='' data-avia-related-tooltip='Compartir en Facebook' rel=\"noopener\"><span class='avia_hidden_link_text'>Compartir en Facebook<\/span><\/a><\/li><li class='av-share-link av-social-link-twitter' ><a target=\"_blank\" aria-label=\"Compartir en Twitter\" href='https:\/\/twitter.com\/share?text=Primera%20planta%20de%20pellet%20en%20Ays%C3%A9n%20alista%20producci%C3%B3n%20local%20de%20biocombustible%20elaborado&#038;url=https:\/\/radiorevelacionfm.cl\/?p=34956' aria-hidden='false' data-av_icon='\ue8f1' data-av_iconfont='entypo-fontello' title='' data-avia-related-tooltip='Compartir en Twitter' rel=\"noopener\"><span class='avia_hidden_link_text'>Compartir en Twitter<\/span><\/a><\/li><li class='av-share-link av-social-link-whatsapp' ><a target=\"_blank\" aria-label=\"Compartir en Whatsapp\" href='https:\/\/api.whatsapp.com\/send?text=https:\/\/radiorevelacionfm.cl\/?p=34956' aria-hidden='false' data-av_icon='\uf232' data-av_iconfont='entypo-fontello' title='' data-avia-related-tooltip='Compartir en Whatsapp' rel=\"noopener\"><span class='avia_hidden_link_text'>Compartir en Whatsapp<\/span><\/a><\/li><li class='av-share-link av-social-link-linkedin' ><a target=\"_blank\" aria-label=\"Compartir en LinkedIn\" href='https:\/\/linkedin.com\/shareArticle?mini=true&#038;title=Primera%20planta%20de%20pellet%20en%20Ays%C3%A9n%20alista%20producci%C3%B3n%20local%20de%20biocombustible%20elaborado&#038;url=https:\/\/radiorevelacionfm.cl\/?p=34956' aria-hidden='false' data-av_icon='\ue8fc' data-av_iconfont='entypo-fontello' title='' data-avia-related-tooltip='Compartir en LinkedIn' rel=\"noopener\"><span class='avia_hidden_link_text'>Compartir en LinkedIn<\/span><\/a><\/li><li class='av-share-link av-social-link-mail' ><a  aria-label=\"Compartir por correo\" href='mailto:?subject=Primera%20planta%20de%20pellet%20en%20Ays%C3%A9n%20alista%20producci%C3%B3n%20local%20de%20biocombustible%20elaborado&#038;body=https:\/\/radiorevelacionfm.cl\/?p=34956' aria-hidden='false' data-av_icon='\ue805' data-av_iconfont='entypo-fontello' title='' data-avia-related-tooltip='Compartir por correo'><span class='avia_hidden_link_text'>Compartir por correo<\/span><\/a><\/li><\/ul><\/div><\/div>\n<div  style='height:50px' class='hr hr-invisible   avia-builder-el-8  el_after_av_social_share  el_before_av_comments_list '><span class='hr-inner ' ><span class='hr-inner-style'><\/span><\/span><\/div>\n<div  class='av-buildercomment  av-blog-meta-html-info-disabled av-blog-meta-tag-disabled  '><\/div>\n","protected":false},"excerpt":{"rendered":"","protected":false},"author":1,"featured_media":34957,"comment_status":"open","ping_status":"open","sticky":false,"template":"","format":"standard","meta":{"footnotes":""},"categories":[38],"tags":[],"class_list":["post-34956","post","type-post","status-publish","format-standard","has-post-thumbnail","hentry","category-regional"],"jetpack_featured_media_url":"https:\/\/radiorevelacionfm.cl\/wp-content\/uploads\/2023\/09\/IMG_1228-1-1.jpg","_links":{"self":[{"href":"https:\/\/radiorevelacionfm.cl\/index.php?rest_route=\/wp\/v2\/posts\/34956","targetHints":{"allow":["GET"]}}],"collection":[{"href":"https:\/\/radiorevelacionfm.cl\/index.php?rest_route=\/wp\/v2\/posts"}],"about":[{"href":"https:\/\/radiorevelacionfm.cl\/index.php?rest_route=\/wp\/v2\/types\/post"}],"author":[{"embeddable":true,"href":"https:\/\/radiorevelacionfm.cl\/index.php?rest_route=\/wp\/v2\/users\/1"}],"replies":[{"embeddable":true,"href":"https:\/\/radiorevelacionfm.cl\/index.php?rest_route=%2Fwp%2Fv2%2Fcomments&post=34956"}],"version-history":[{"count":1,"href":"https:\/\/radiorevelacionfm.cl\/index.php?rest_route=\/wp\/v2\/posts\/34956\/revisions"}],"predecessor-version":[{"id":34958,"href":"https:\/\/radiorevelacionfm.cl\/index.php?rest_route=\/wp\/v2\/posts\/34956\/revisions\/34958"}],"wp:featuredmedia":[{"embeddable":true,"href":"https:\/\/radiorevelacionfm.cl\/index.php?rest_route=\/wp\/v2\/media\/34957"}],"wp:attachment":[{"href":"https:\/\/radiorevelacionfm.cl\/index.php?rest_route=%2Fwp%2Fv2%2Fmedia&parent=34956"}],"wp:term":[{"taxonomy":"category","embeddable":true,"href":"https:\/\/radiorevelacionfm.cl\/index.php?rest_route=%2Fwp%2Fv2%2Fcategories&post=34956"},{"taxonomy":"post_tag","embeddable":true,"href":"https:\/\/radiorevelacionfm.cl\/index.php?rest_route=%2Fwp%2Fv2%2Ftags&post=34956"}],"curies":[{"name":"wp","href":"https:\/\/api.w.org\/{rel}","templated":true}]}}