{"id":34953,"date":"2023-09-13T17:17:45","date_gmt":"2023-09-13T20:17:45","guid":{"rendered":"https:\/\/radiorevelacionfm.cl\/?p=34953"},"modified":"2023-09-13T17:17:45","modified_gmt":"2023-09-13T20:17:45","slug":"otorgan-concesion-de-largo-plazo-a-municipio-de-tortel-para-descongestionar-acceso-rotonda-de-la-turistica-localidad","status":"publish","type":"post","link":"https:\/\/radiorevelacionfm.cl\/?p=34953","title":{"rendered":"Otorgan concesi\u00f3n de largo plazo a municipio de Tortel para descongestionar acceso rotonda de la tur\u00edstica localidad"},"content":{"rendered":"<div class=\"flex_column av_one_full  flex_column_div av-zero-column-padding first  avia-builder-el-0  el_before_av_one_full  avia-builder-el-first  \" style='border-radius:0px; '><div  class='avia-image-container  av-styling-    avia-builder-el-1  avia-builder-el-no-sibling  avia-align-center '  itemprop=\"image\" itemscope=\"itemscope\" itemtype=\"https:\/\/schema.org\/ImageObject\"  ><div class='avia-image-container-inner'><div class='avia-image-overlay-wrap'><img decoding=\"async\" class='wp-image-34954 avia-img-lazy-loading-not-34954 avia_image' src=\"https:\/\/radiorevelacionfm.cl\/wp-content\/uploads\/2023\/09\/IMG_6561-1-1.jpeg\" alt='' title='IMG_6561 (1) (1)' height=\"600\" width=\"875\"  itemprop=\"thumbnailUrl\" srcset=\"https:\/\/radiorevelacionfm.cl\/wp-content\/uploads\/2023\/09\/IMG_6561-1-1.jpeg 875w, https:\/\/radiorevelacionfm.cl\/wp-content\/uploads\/2023\/09\/IMG_6561-1-1-300x206.jpeg 300w, https:\/\/radiorevelacionfm.cl\/wp-content\/uploads\/2023\/09\/IMG_6561-1-1-768x527.jpeg 768w, https:\/\/radiorevelacionfm.cl\/wp-content\/uploads\/2023\/09\/IMG_6561-1-1-705x483.jpeg 705w, https:\/\/radiorevelacionfm.cl\/wp-content\/uploads\/2023\/09\/IMG_6561-1-1-450x309.jpeg 450w, https:\/\/radiorevelacionfm.cl\/wp-content\/uploads\/2023\/09\/IMG_6561-1-1-600x411.jpeg 600w\" sizes=\"(max-width: 875px) 100vw, 875px\" \/><\/div><\/div><\/div><\/div><div class=\"flex_column av_one_full  flex_column_div av-zero-column-padding first  avia-builder-el-2  el_after_av_one_full  el_before_av_one_full  column-top-margin\" style='border-radius:0px; '><section class=\"av_textblock_section \"  itemscope=\"itemscope\" itemtype=\"https:\/\/schema.org\/BlogPosting\" itemprop=\"blogPost\" ><div class='avia_textblock  '   itemprop=\"text\" ><p style=\"text-align: center;\"><strong><span style=\"font-size: 18pt;\">Otorgan concesi\u00f3n de largo plazo a municipio de Tortel para descongestionar acceso rotonda de la tur\u00edstica localidad<\/span><\/strong><\/p>\n<div id=\"gtx-trans\" style=\"position: absolute; left: -50px; top: 4.31534px;\">\n<div class=\"gtx-trans-icon\"><\/div>\n<\/div>\n<\/div><\/section><\/div><div class=\"flex_column av_one_full  flex_column_div av-zero-column-padding first  avia-builder-el-4  el_after_av_one_full  el_before_av_hr  column-top-margin\" style='border-radius:0px; '><section class=\"av_textblock_section \"  itemscope=\"itemscope\" itemtype=\"https:\/\/schema.org\/BlogPosting\" itemprop=\"blogPost\" ><div class='avia_textblock  '   itemprop=\"text\" ><p style=\"text-align: justify;\">Con \u00e9nfasis en la gesti\u00f3n y planificaci\u00f3n territorial en cuanto a la administraci\u00f3n de la gran propiedad fiscal impulsado por la Secretar\u00eda Regional Ministerial de Bienes Nacionales de Ays\u00e9n, hace unos d\u00edas, la seremi Irina Morend Valdebenito junto al alcalde de la Ilustre Municipalidad de Tortel, Abel Becerra Vidal, acudieron a la primera Notar\u00eda de Coyhaique para estampar sus firmas en las escrituras que confirman la disposici\u00f3n del Ministerio de Bienes Nacionales para otorgar una concesi\u00f3n de largo plazo al municipio local con el fin de concretar la construcci\u00f3n de estacionamiento y bodega, lo que ordenar\u00e1 y descongestionar\u00e1 la rotonda de acceso de Caleta Tortel, primera postal tur\u00edstica de la localidad Patrimonio Nacional en su calidad de Zona T\u00edpica.<\/p>\n<p style=\"text-align: justify;\">En ese contexto, la seremi Irina Morend, resalt\u00f3 la importancia de la coordinaci\u00f3n con los municipios m\u00e1s aislados, los que consideran que la administraci\u00f3n de los inmuebles fiscales es relevante para promover su buen uso y, sobre todo, para beneficiar a las comunidades. \u201cEstamos muy contentos de poder firmar las escrituras de la concesi\u00f3n de largo plazo al Municipio en un sector importante de Tortel, precisamente en la zona alta, \u00e1rea que para nosotros es de consolidaci\u00f3n de proyectos que tengan que ver con beneficio para la comunidad y en este caso, una concesi\u00f3n para que la Municipalidad pueda ordenar maquinaria y equipamiento e ir resolviendo, ya que se busca descongestionar el \u00e1rea tur\u00edstica\u201d, explic\u00f3 la autoridad regional de la cartera, enfatizando en que la concesi\u00f3n de largo plazo, permitir\u00e1 que administrativamente la Municipalidad de Tortel pueda apalancar recursos para concretar el proyecto que promover\u00e1 mayor orden en el acceso a la localidad.<\/p>\n<p style=\"text-align: justify;\">Por su parte, el alcalde Abel Becerra Vidal, catalog\u00f3 esta acci\u00f3n como un hito, \u201cporque en la comuna de Caleta Tortel, hist\u00f3ricamente hay una deuda con el saneamiento\u201d, sostuvo el jefe comunal, destacando la gesti\u00f3n que est\u00e1 aplicando Bienes Nacionales respecto de la tenencia de la tierra, \u201cmuestra de ellos es que hay una profesional en la localidad (Programa FNDR provincia Capit\u00e1n Prat) para avanzar en este tema, no solamente con el privado, sino que tambi\u00e9n con la administraci\u00f3n p\u00fablica. En este sentido, en Caleta Tortel tenemos poco espacio y el sector alto es estrat\u00e9gico, espacio que compartimos como municipio con los pobladores y ah\u00ed se nos genera congesti\u00f3n y un conflicto, por eso quisimos dar un paso y descongestionar esto, lo que nos permitir\u00e1 sacar la maquinaria, buses y veh\u00edculos a otro lugar donde no se genere conflicto con nuestra gente, prestadores de servicio tur\u00edstico y con las personas que en la temporada tur\u00edstica llegan, porque el espacio en Caleta Tortel es acotado\u201d, sostuvo.<\/p>\n<p style=\"text-align: justify;\">La concesi\u00f3n de largo plazo que firmaron ambas autoridades con la venia de la Ministra de Bienes Nacionales, Marcela Sandoval Osorio, se otorg\u00f3 por un plazo inicial de 10 a\u00f1os, lo que provisoriamente le otorgar\u00e1 el dominio del inmueble fiscal a la Municipalidad de Tortel.<\/p>\n<\/div><\/section><\/div><div  style='height:50px' class='hr hr-invisible   avia-builder-el-6  el_after_av_one_full  el_before_av_social_share '><span class='hr-inner ' ><span class='hr-inner-style'><\/span><\/span><\/div><\/p>\n<div  class='av-social-sharing-box  avia-builder-el-7  el_after_av_hr  el_before_av_hr  '><div class='av-share-box'><h5 class='av-share-link-description av-no-toc '>Compartir esta noticia<\/h5><ul class='av-share-box-list noLightbox'><li class='av-share-link av-social-link-facebook' ><a target=\"_blank\" aria-label=\"Compartir en Facebook\" href='https:\/\/www.facebook.com\/sharer.php?u=https:\/\/radiorevelacionfm.cl\/?p=34953&#038;t=Otorgan%20concesi%C3%B3n%20de%20largo%20plazo%20a%20municipio%20de%20Tortel%20para%20descongestionar%20acceso%20rotonda%20de%20la%20tur%C3%ADstica%20localidad' aria-hidden='false' data-av_icon='\ue8f3' data-av_iconfont='entypo-fontello' title='' data-avia-related-tooltip='Compartir en Facebook' rel=\"noopener\"><span class='avia_hidden_link_text'>Compartir en Facebook<\/span><\/a><\/li><li class='av-share-link av-social-link-twitter' ><a target=\"_blank\" aria-label=\"Compartir en Twitter\" href='https:\/\/twitter.com\/share?text=Otorgan%20concesi%C3%B3n%20de%20largo%20plazo%20a%20municipio%20de%20Tortel%20para%20descongestionar%20acceso%20rotonda%20de%20la%20tur%C3%ADstica%20localidad&#038;url=https:\/\/radiorevelacionfm.cl\/?p=34953' aria-hidden='false' data-av_icon='\ue8f1' data-av_iconfont='entypo-fontello' title='' data-avia-related-tooltip='Compartir en Twitter' rel=\"noopener\"><span class='avia_hidden_link_text'>Compartir en Twitter<\/span><\/a><\/li><li class='av-share-link av-social-link-whatsapp' ><a target=\"_blank\" aria-label=\"Compartir en Whatsapp\" href='https:\/\/api.whatsapp.com\/send?text=https:\/\/radiorevelacionfm.cl\/?p=34953' aria-hidden='false' data-av_icon='\uf232' data-av_iconfont='entypo-fontello' title='' data-avia-related-tooltip='Compartir en Whatsapp' rel=\"noopener\"><span class='avia_hidden_link_text'>Compartir en Whatsapp<\/span><\/a><\/li><li class='av-share-link av-social-link-linkedin' ><a target=\"_blank\" aria-label=\"Compartir en LinkedIn\" href='https:\/\/linkedin.com\/shareArticle?mini=true&#038;title=Otorgan%20concesi%C3%B3n%20de%20largo%20plazo%20a%20municipio%20de%20Tortel%20para%20descongestionar%20acceso%20rotonda%20de%20la%20tur%C3%ADstica%20localidad&#038;url=https:\/\/radiorevelacionfm.cl\/?p=34953' aria-hidden='false' data-av_icon='\ue8fc' data-av_iconfont='entypo-fontello' title='' data-avia-related-tooltip='Compartir en LinkedIn' rel=\"noopener\"><span class='avia_hidden_link_text'>Compartir en LinkedIn<\/span><\/a><\/li><li class='av-share-link av-social-link-mail' ><a  aria-label=\"Compartir por correo\" href='mailto:?subject=Otorgan%20concesi%C3%B3n%20de%20largo%20plazo%20a%20municipio%20de%20Tortel%20para%20descongestionar%20acceso%20rotonda%20de%20la%20tur%C3%ADstica%20localidad&#038;body=https:\/\/radiorevelacionfm.cl\/?p=34953' aria-hidden='false' data-av_icon='\ue805' data-av_iconfont='entypo-fontello' title='' data-avia-related-tooltip='Compartir por correo'><span class='avia_hidden_link_text'>Compartir por correo<\/span><\/a><\/li><\/ul><\/div><\/div>\n<div  style='height:50px' class='hr hr-invisible   avia-builder-el-8  el_after_av_social_share  el_before_av_comments_list '><span class='hr-inner ' ><span class='hr-inner-style'><\/span><\/span><\/div>\n<div  class='av-buildercomment  av-blog-meta-html-info-disabled av-blog-meta-tag-disabled  '><\/div>\n","protected":false},"excerpt":{"rendered":"","protected":false},"author":1,"featured_media":34954,"comment_status":"open","ping_status":"open","sticky":false,"template":"","format":"standard","meta":{"footnotes":""},"categories":[38],"tags":[],"class_list":["post-34953","post","type-post","status-publish","format-standard","has-post-thumbnail","hentry","category-regional"],"jetpack_featured_media_url":"https:\/\/radiorevelacionfm.cl\/wp-content\/uploads\/2023\/09\/IMG_6561-1-1.jpeg","_links":{"self":[{"href":"https:\/\/radiorevelacionfm.cl\/index.php?rest_route=\/wp\/v2\/posts\/34953","targetHints":{"allow":["GET"]}}],"collection":[{"href":"https:\/\/radiorevelacionfm.cl\/index.php?rest_route=\/wp\/v2\/posts"}],"about":[{"href":"https:\/\/radiorevelacionfm.cl\/index.php?rest_route=\/wp\/v2\/types\/post"}],"author":[{"embeddable":true,"href":"https:\/\/radiorevelacionfm.cl\/index.php?rest_route=\/wp\/v2\/users\/1"}],"replies":[{"embeddable":true,"href":"https:\/\/radiorevelacionfm.cl\/index.php?rest_route=%2Fwp%2Fv2%2Fcomments&post=34953"}],"version-history":[{"count":1,"href":"https:\/\/radiorevelacionfm.cl\/index.php?rest_route=\/wp\/v2\/posts\/34953\/revisions"}],"predecessor-version":[{"id":34955,"href":"https:\/\/radiorevelacionfm.cl\/index.php?rest_route=\/wp\/v2\/posts\/34953\/revisions\/34955"}],"wp:featuredmedia":[{"embeddable":true,"href":"https:\/\/radiorevelacionfm.cl\/index.php?rest_route=\/wp\/v2\/media\/34954"}],"wp:attachment":[{"href":"https:\/\/radiorevelacionfm.cl\/index.php?rest_route=%2Fwp%2Fv2%2Fmedia&parent=34953"}],"wp:term":[{"taxonomy":"category","embeddable":true,"href":"https:\/\/radiorevelacionfm.cl\/index.php?rest_route=%2Fwp%2Fv2%2Fcategories&post=34953"},{"taxonomy":"post_tag","embeddable":true,"href":"https:\/\/radiorevelacionfm.cl\/index.php?rest_route=%2Fwp%2Fv2%2Ftags&post=34953"}],"curies":[{"name":"wp","href":"https:\/\/api.w.org\/{rel}","templated":true}]}}