{"id":34950,"date":"2023-09-13T20:38:49","date_gmt":"2023-09-13T23:38:49","guid":{"rendered":"https:\/\/radiorevelacionfm.cl\/?p=34950"},"modified":"2023-09-13T20:38:49","modified_gmt":"2023-09-13T23:38:49","slug":"corporacion-arte-y-vida-de-coelemu-realiza-capacitacion-a-agrupaciones-artisticas-de-la-region","status":"publish","type":"post","link":"https:\/\/radiorevelacionfm.cl\/?p=34950","title":{"rendered":"Corporaci\u00f3n Arte y Vida de Coelemu realiza capacitaci\u00f3n a agrupaciones art\u00edsticas de la regi\u00f3n"},"content":{"rendered":"<div class=\"flex_column av_one_full  flex_column_div av-zero-column-padding first  avia-builder-el-0  el_before_av_one_full  avia-builder-el-first  \" style='border-radius:0px; '><div  class='avia-image-container  av-styling-    avia-builder-el-1  avia-builder-el-no-sibling  avia-align-center '  itemprop=\"image\" itemscope=\"itemscope\" itemtype=\"https:\/\/schema.org\/ImageObject\"  ><div class='avia-image-container-inner'><div class='avia-image-overlay-wrap'><img decoding=\"async\" class='wp-image-34951 avia-img-lazy-loading-not-34951 avia_image' src=\"https:\/\/radiorevelacionfm.cl\/wp-content\/uploads\/2023\/09\/foto-4-jornadas-capacitacion-corporacion-arte-y-vida-1_optimized.jpg\" alt='' title='foto-4---jornadas-capacitaci\u00f3n-corporaci\u00f3n-arte-y-vida-(1)_optimized' height=\"600\" width=\"800\"  itemprop=\"thumbnailUrl\" srcset=\"https:\/\/radiorevelacionfm.cl\/wp-content\/uploads\/2023\/09\/foto-4-jornadas-capacitacion-corporacion-arte-y-vida-1_optimized.jpg 800w, https:\/\/radiorevelacionfm.cl\/wp-content\/uploads\/2023\/09\/foto-4-jornadas-capacitacion-corporacion-arte-y-vida-1_optimized-300x225.jpg 300w, https:\/\/radiorevelacionfm.cl\/wp-content\/uploads\/2023\/09\/foto-4-jornadas-capacitacion-corporacion-arte-y-vida-1_optimized-768x576.jpg 768w, https:\/\/radiorevelacionfm.cl\/wp-content\/uploads\/2023\/09\/foto-4-jornadas-capacitacion-corporacion-arte-y-vida-1_optimized-705x529.jpg 705w, https:\/\/radiorevelacionfm.cl\/wp-content\/uploads\/2023\/09\/foto-4-jornadas-capacitacion-corporacion-arte-y-vida-1_optimized-450x338.jpg 450w, https:\/\/radiorevelacionfm.cl\/wp-content\/uploads\/2023\/09\/foto-4-jornadas-capacitacion-corporacion-arte-y-vida-1_optimized-600x450.jpg 600w\" sizes=\"(max-width: 800px) 100vw, 800px\" \/><\/div><\/div><\/div><\/div><div class=\"flex_column av_one_full  flex_column_div av-zero-column-padding first  avia-builder-el-2  el_after_av_one_full  el_before_av_one_full  column-top-margin\" style='border-radius:0px; '><section class=\"av_textblock_section \"  itemscope=\"itemscope\" itemtype=\"https:\/\/schema.org\/BlogPosting\" itemprop=\"blogPost\" ><div class='avia_textblock  '   itemprop=\"text\" ><p style=\"text-align: center;\"><strong><span style=\"font-size: 18pt;\">Corporaci\u00f3n Arte y Vida de Coelemu realiza capacitaci\u00f3n a agrupaciones art\u00edsticas de la regi\u00f3n <\/span><\/strong><\/p>\n<div id=\"gtx-trans\" style=\"position: absolute; left: -50px; top: 4.31534px;\">\n<div class=\"gtx-trans-icon\"><\/div>\n<\/div>\n<\/div><\/section><\/div><div class=\"flex_column av_one_full  flex_column_div av-zero-column-padding first  avia-builder-el-4  el_after_av_one_full  el_before_av_hr  column-top-margin\" style='border-radius:0px; '><section class=\"av_textblock_section \"  itemscope=\"itemscope\" itemtype=\"https:\/\/schema.org\/BlogPosting\" itemprop=\"blogPost\" ><div class='avia_textblock  '   itemprop=\"text\" ><p style=\"text-align: justify;\"><em>Artistas e integrantes de colectivos compartieron experiencias. La instancia refuerza el trabajo realizado de manera virtual desde mayo, el cual se extender\u00e1 hasta principio de diciembre. <\/em><\/p>\n<p style=\"text-align: justify;\">Los d\u00edas 11 y 12 de septiembre, la Corporaci\u00f3n Cultural Arte y Vida de Coelemu, junto a la Seremi de las Culturas, realizaron en dependencias institucionales dos jornadas orientadas a la capacitaci\u00f3n de agentes provenientes de Cisnes, Chile Chico, Ays\u00e9n y Coyhaique para continuar la l\u00ednea formativa implementada desde mayo por el programa Red Cultura.<\/p>\n<p style=\"text-align: justify;\">Bajo el convenio \u201cFortaleciendo las redes de Ays\u00e9n\u201d, ambas entidades impulsan una agenda asociativa para la inclusi\u00f3n territorial en base a las artes, patrimonio e imaginario colectivo de cada localidad que impacte positivamente la transformaci\u00f3n social y la participaci\u00f3n comunitaria.<\/p>\n<p style=\"text-align: justify;\">Las actividades, puestas en marcha desde el primer semestre, han considerado los encuentros en Villa Ma\u00f1ihuales y Chile Chico con representantes del zonal norte y sur. En total, son m\u00e1s de 20 beneficiados de todas las comunas que est\u00e1n form\u00e1ndose en planes de gesti\u00f3n por el equipo de profesionales de la Corporaci\u00f3n y que logr\u00f3 reunir a parte de los estudiantes de manera presencial.<\/p>\n<p style=\"text-align: justify;\">\u201cEsta iniciativa viene a afianzar el trabajo que estamos desarrollando como instituci\u00f3n en colaboraci\u00f3n con los agentes culturales de cada uno de los territorios para trazar estrategias de trabajo asociativos y en conjunto con la institucionalidad\u201d sostuvo el seremi de Culturas, Felipe Quiroz, centr\u00e1ndose en la escucha activa y en la canalizaci\u00f3n de las demandas ciudadanas.<\/p>\n<p style=\"text-align: justify;\">La asesor\u00eda incluy\u00f3 espacios de conversaci\u00f3n destinados a generar propuestas de mejoras en el accionar de cada agrupaci\u00f3n o colectivo. Lo anterior facilit\u00f3 la reorientaci\u00f3n de pr\u00e1cticas, adem\u00e1s de experiencias en com\u00fan debido a las caracter\u00edsticas de Ays\u00e9n y \u00d1uble, donde el equipo de la Corporaci\u00f3n Arte y Vida de Coelemu, compuesto por Maximiliano Molina, Camilo V\u00e1squez y Ricardo Valderrama, expusieron su modelo de gesti\u00f3n.<\/p>\n<p style=\"text-align: justify;\">\u201cHa sido un trabajo desafiante y al mismo tiempo colaborativo\u201d, detall\u00f3 Molina, presidente del directorio. \u201cEs significativo en t\u00e9rminos de incorporar elementos t\u00e9cnicos a la gesti\u00f3n. Esperamos y tenemos la esperanza de que esos elementos puedan ser incorporados en sus planes, que les ayude finalmente a concretar sus proyectos y generar el desarrollo cultural finalmente de la regi\u00f3n\u201d. De pas\u00f3 valor\u00f3 la presencialidad tras un continuo trabajo con los asistentes en aulas virtuales.<\/p>\n<p style=\"text-align: justify;\">\u201cCreo que el trabajo presencial o como tuvimos estos dos d\u00edas, de estar sentados, escuch\u00e1ndonos o debatiendo algunos temas, nos sirvi\u00f3 para darnos cuenta de algunas cositas en nuestro quehacer que hab\u00edamos tenido en consideraci\u00f3n a\u00f1os anteriores. Entonces la conversaci\u00f3n y la forma did\u00e1ctica en que se abord\u00f3 fue bastante amena, sirvi\u00f3 no solamente para la catarsis que ocurre siempre en los encuentros, sino tambi\u00e9n para proyectar y dejar ciertas cosas sentadas\u201d, manifest\u00f3 Corina Ainol de la Agrupaci\u00f3n de Artesanas y Productores de Chile Chico.<\/p>\n<p style=\"text-align: justify;\">La integrante de la compa\u00f1\u00eda Finis Terrae de Puerto Ays\u00e9n, Yohana Campos complement\u00f3 las palabras de Ainol desde la asociatividad y el quehacer gestado por los profesionales de Coelemu. \u201cTambi\u00e9n pudimos identificar similitudes, trabajos en conjunto que pueden realizarse o formas de generar espacios art\u00edsticos o culturales que igual fomentan el tejido social aqu\u00ed, en la regi\u00f3n\u201d.<\/p>\n<p style=\"text-align: justify;\">El pr\u00f3ximo mes una comitiva compuesta por representantes de las agrupaciones culturales, junto a funcionarias de la Seremi de las Culturas viajar\u00e1n a \u00d1uble para conocer de cerca la labor de la Corporaci\u00f3n Arte y Vida de Coelemu, finalizando el proceso formativo en el Encuentro Regional con la presentaci\u00f3n de los planes de gesti\u00f3n en Melinka.<\/p>\n<\/div><\/section><\/div><div  style='height:50px' class='hr hr-invisible   avia-builder-el-6  el_after_av_one_full  el_before_av_social_share '><span class='hr-inner ' ><span class='hr-inner-style'><\/span><\/span><\/div><\/p>\n<div  class='av-social-sharing-box  avia-builder-el-7  el_after_av_hr  el_before_av_hr  '><div class='av-share-box'><h5 class='av-share-link-description av-no-toc '>Compartir esta noticia<\/h5><ul class='av-share-box-list noLightbox'><li class='av-share-link av-social-link-facebook' ><a target=\"_blank\" aria-label=\"Compartir en Facebook\" href='https:\/\/www.facebook.com\/sharer.php?u=https:\/\/radiorevelacionfm.cl\/?p=34950&#038;t=Corporaci%C3%B3n%20Arte%20y%20Vida%20de%20Coelemu%20realiza%20capacitaci%C3%B3n%20a%20agrupaciones%20art%C3%ADsticas%20de%20la%20regi%C3%B3n' aria-hidden='false' data-av_icon='\ue8f3' data-av_iconfont='entypo-fontello' title='' data-avia-related-tooltip='Compartir en Facebook' rel=\"noopener\"><span class='avia_hidden_link_text'>Compartir en Facebook<\/span><\/a><\/li><li class='av-share-link av-social-link-twitter' ><a target=\"_blank\" aria-label=\"Compartir en Twitter\" href='https:\/\/twitter.com\/share?text=Corporaci%C3%B3n%20Arte%20y%20Vida%20de%20Coelemu%20realiza%20capacitaci%C3%B3n%20a%20agrupaciones%20art%C3%ADsticas%20de%20la%20regi%C3%B3n&#038;url=https:\/\/radiorevelacionfm.cl\/?p=34950' aria-hidden='false' data-av_icon='\ue8f1' data-av_iconfont='entypo-fontello' title='' data-avia-related-tooltip='Compartir en Twitter' rel=\"noopener\"><span class='avia_hidden_link_text'>Compartir en Twitter<\/span><\/a><\/li><li class='av-share-link av-social-link-whatsapp' ><a target=\"_blank\" aria-label=\"Compartir en Whatsapp\" href='https:\/\/api.whatsapp.com\/send?text=https:\/\/radiorevelacionfm.cl\/?p=34950' aria-hidden='false' data-av_icon='\uf232' data-av_iconfont='entypo-fontello' title='' data-avia-related-tooltip='Compartir en Whatsapp' rel=\"noopener\"><span class='avia_hidden_link_text'>Compartir en Whatsapp<\/span><\/a><\/li><li class='av-share-link av-social-link-linkedin' ><a target=\"_blank\" aria-label=\"Compartir en LinkedIn\" href='https:\/\/linkedin.com\/shareArticle?mini=true&#038;title=Corporaci%C3%B3n%20Arte%20y%20Vida%20de%20Coelemu%20realiza%20capacitaci%C3%B3n%20a%20agrupaciones%20art%C3%ADsticas%20de%20la%20regi%C3%B3n&#038;url=https:\/\/radiorevelacionfm.cl\/?p=34950' aria-hidden='false' data-av_icon='\ue8fc' data-av_iconfont='entypo-fontello' title='' data-avia-related-tooltip='Compartir en LinkedIn' rel=\"noopener\"><span class='avia_hidden_link_text'>Compartir en LinkedIn<\/span><\/a><\/li><li class='av-share-link av-social-link-mail' ><a  aria-label=\"Compartir por correo\" href='mailto:?subject=Corporaci%C3%B3n%20Arte%20y%20Vida%20de%20Coelemu%20realiza%20capacitaci%C3%B3n%20a%20agrupaciones%20art%C3%ADsticas%20de%20la%20regi%C3%B3n&#038;body=https:\/\/radiorevelacionfm.cl\/?p=34950' aria-hidden='false' data-av_icon='\ue805' data-av_iconfont='entypo-fontello' title='' data-avia-related-tooltip='Compartir por correo'><span class='avia_hidden_link_text'>Compartir por correo<\/span><\/a><\/li><\/ul><\/div><\/div>\n<div  style='height:50px' class='hr hr-invisible   avia-builder-el-8  el_after_av_social_share  el_before_av_comments_list '><span class='hr-inner ' ><span class='hr-inner-style'><\/span><\/span><\/div>\n<div  class='av-buildercomment  av-blog-meta-html-info-disabled av-blog-meta-tag-disabled  '><\/div>\n","protected":false},"excerpt":{"rendered":"","protected":false},"author":1,"featured_media":34951,"comment_status":"open","ping_status":"open","sticky":false,"template":"","format":"standard","meta":{"footnotes":""},"categories":[52],"tags":[],"class_list":["post-34950","post","type-post","status-publish","format-standard","has-post-thumbnail","hentry","category-cultura"],"jetpack_featured_media_url":"https:\/\/radiorevelacionfm.cl\/wp-content\/uploads\/2023\/09\/foto-4-jornadas-capacitacion-corporacion-arte-y-vida-1_optimized.jpg","_links":{"self":[{"href":"https:\/\/radiorevelacionfm.cl\/index.php?rest_route=\/wp\/v2\/posts\/34950","targetHints":{"allow":["GET"]}}],"collection":[{"href":"https:\/\/radiorevelacionfm.cl\/index.php?rest_route=\/wp\/v2\/posts"}],"about":[{"href":"https:\/\/radiorevelacionfm.cl\/index.php?rest_route=\/wp\/v2\/types\/post"}],"author":[{"embeddable":true,"href":"https:\/\/radiorevelacionfm.cl\/index.php?rest_route=\/wp\/v2\/users\/1"}],"replies":[{"embeddable":true,"href":"https:\/\/radiorevelacionfm.cl\/index.php?rest_route=%2Fwp%2Fv2%2Fcomments&post=34950"}],"version-history":[{"count":1,"href":"https:\/\/radiorevelacionfm.cl\/index.php?rest_route=\/wp\/v2\/posts\/34950\/revisions"}],"predecessor-version":[{"id":34952,"href":"https:\/\/radiorevelacionfm.cl\/index.php?rest_route=\/wp\/v2\/posts\/34950\/revisions\/34952"}],"wp:featuredmedia":[{"embeddable":true,"href":"https:\/\/radiorevelacionfm.cl\/index.php?rest_route=\/wp\/v2\/media\/34951"}],"wp:attachment":[{"href":"https:\/\/radiorevelacionfm.cl\/index.php?rest_route=%2Fwp%2Fv2%2Fmedia&parent=34950"}],"wp:term":[{"taxonomy":"category","embeddable":true,"href":"https:\/\/radiorevelacionfm.cl\/index.php?rest_route=%2Fwp%2Fv2%2Fcategories&post=34950"},{"taxonomy":"post_tag","embeddable":true,"href":"https:\/\/radiorevelacionfm.cl\/index.php?rest_route=%2Fwp%2Fv2%2Ftags&post=34950"}],"curies":[{"name":"wp","href":"https:\/\/api.w.org\/{rel}","templated":true}]}}