{"id":3493,"date":"2021-04-25T15:54:08","date_gmt":"2021-04-25T18:54:08","guid":{"rendered":"https:\/\/radiorevelacionfm.cl\/?p=3493"},"modified":"2021-04-25T15:54:08","modified_gmt":"2021-04-25T18:54:08","slug":"mujeres-privadas-de-libertad-participan-en-taller-del-programa-mujer-sexualidad-y-maternidad","status":"publish","type":"post","link":"https:\/\/radiorevelacionfm.cl\/?p=3493","title":{"rendered":"Mujeres privadas de libertad participan en taller del Programa Mujer, Sexualidad y Maternidad"},"content":{"rendered":"<div class=\"flex_column av_one_full  flex_column_div av-zero-column-padding first  avia-builder-el-0  el_before_av_one_full  avia-builder-el-first  \" style='border-radius:0px; '><div  class='avia-image-container  av-styling-    avia-builder-el-1  avia-builder-el-no-sibling  avia-align-center '  itemprop=\"image\" itemscope=\"itemscope\" itemtype=\"https:\/\/schema.org\/ImageObject\"  ><div class='avia-image-container-inner'><div class='avia-image-overlay-wrap'><img decoding=\"async\" class='wp-image-0 avia-img-lazy-loading-not-0 avia_image' src=\"https:\/\/radiorevelacionfm.cl\/wp-content\/uploads\/2021\/04\/image-19_optimized-1.png\" alt='' title=''   itemprop=\"thumbnailUrl\"  \/><\/div><\/div><\/div><\/div><div class=\"flex_column av_one_full  flex_column_div av-zero-column-padding first  avia-builder-el-2  el_after_av_one_full  el_before_av_one_full  column-top-margin\" style='border-radius:0px; '><section class=\"av_textblock_section \"  itemscope=\"itemscope\" itemtype=\"https:\/\/schema.org\/BlogPosting\" itemprop=\"blogPost\" ><div class='avia_textblock  '   itemprop=\"text\" ><p style=\"text-align: center;\"><strong><span style=\"font-size: 18pt;\">Mujeres privadas de libertad participan en taller del Programa Mujer, Sexualidad y Maternidad<\/span><\/strong><\/p>\n<div id=\"gtx-trans\" style=\"position: absolute; left: -50px; top: 4.31534px;\">\n<div class=\"gtx-trans-icon\"><\/div>\n<\/div>\n<\/div><\/section><\/div><div class=\"flex_column av_one_full  flex_column_div av-zero-column-padding first  avia-builder-el-4  el_after_av_one_full  el_before_av_hr  column-top-margin\" style='border-radius:0px; '><section class=\"av_textblock_section \"  itemscope=\"itemscope\" itemtype=\"https:\/\/schema.org\/BlogPosting\" itemprop=\"blogPost\" ><div class='avia_textblock  '   itemprop=\"text\" ><p style=\"font-weight: 400; text-align: justify;\">Con el objetivo de contribuir a mejorar la calidad de vida y bienestar integral de las mujeres que actualmente se encuentran privadas de libertad, el Programa Mujer, Sexualidad y Maternidad realiz\u00f3 el primero de tres talleres de forma telem\u00e1tica para la Secci\u00f3n Femenina del Centro de Cumplimiento Penitenciario, CCP, en la cabecera regional. Este modelo program\u00e1tico del Servicio Nacional de la Mujer y la Equidad de G\u00e9nero, es ejecutado v\u00eda convenio con la Municipalidad de Coyhaique y tiene por objetivo contribuir a fortalecer la autonom\u00eda f\u00edsica de mujeres y j\u00f3venes por medio de la entrega de herramientas que fomenten su empoderamiento en la toma de decisiones y promuevan la igualdad de mujeres y hombres.<\/p>\n<p style=\"font-weight: 400; text-align: justify;\">La Directora Regional de SernamEG, Elizabeth Guti\u00e9rrez Eggers, dijo: \u201cen nuestra labor constante en potenciar las autonom\u00edas de las mujeres, parte de este desaf\u00edo es llegar al m\u00e1ximo de personas; justamente uno de los grupos que requieren una especial atenci\u00f3n son aquellas privadas de libertad. Por lo tanto, felicitamos a cada una de ellas al aceptar y participar de estos talleres que les permiten conocer sus derechos sexuales y reproductivos, lo que impactar\u00e1 de manera positiva en su vida ya que se abordan temas como la autoestima y autocuidado; y al mismo tiempo, se les facilita el acceso hacia las redes territoriales relacionadas con la sexualidad y maternidad\u201d.<\/p>\n<p style=\"font-weight: 400; text-align: justify;\">Por su parte, la Encargada de la Oficina Municipal de la Mujer, Nancy Carrillo Carrillo, sostuvo que \u201clas proyecciones que tenemos con los talleres de este programa son continuar trabajando junto a las matronas vinculadas a la red territorial, lo que se har\u00e1 m\u00e1s adelante en coordinaci\u00f3n con los jefes t\u00e9cnicos y la Secci\u00f3n Femenina. La sexualidad junto a la capacitaci\u00f3n y el deporte son los \u00e1mbitos con los que trabajamos en la Oficina Municipal de la Mujer como apoyos puntuales que la Municipalidad de Coyhaique est\u00e1 entregando a las 14 mujeres que est\u00e1n ingresadas en el Centro de Cumplimiento Penitenciario de Coyhaique\u201d.<\/p>\n<p style=\"font-weight: 400; text-align: justify;\">En tanto, la Alcaide del CCP Coyhaique, Teniente Coronel, Elvira Neculqueo Huaiquilaf, precis\u00f3 que \u00a0\u201ccomo Instituci\u00f3n claramente estamos preocupados de poder abordar tem\u00e1ticas que muchas veces se ven truncadas o son m\u00e1s dif\u00edciles de abordar en una unidad penal para una mujer en reclusi\u00f3n. En relaci\u00f3n con lo anterior y en el marco del convenio de colaboraci\u00f3n con el Municipio, nos ha permitido fortalecer estas tem\u00e1ticas con las internas recluidas, lo que es muy importante ya que no tan solo nos permite apoyarlas; sino que tambi\u00e9n ellas pueden posteriormente transmitir estos conocimientos a sus hijas\/os en su calidad de madres y tambi\u00e9n de educadoras de sus peque\u00f1as\/os\u201d.<\/p>\n<p style=\"font-weight: 400; text-align: justify;\">Cabe mencionar que seg\u00fan ONUSIDA el a\u00f1o 2019, en Chile, se reportaron 71 mil personas viviendo con VIH, lo que representa un aumento de cuatro mil personas con respecto al 2017. El mayor n\u00famero de nuevos casos se presenta en el grupo de 15 a 25 a\u00f1os. En este mismo estudio se establece que casi el 14% de las personas j\u00f3venes indican que la falta de educaci\u00f3n sexual o mala educaci\u00f3n sexual es uno de los principales problemas que afectan a las personas j\u00f3venes, posicion\u00e1ndose en el tercer lugar despu\u00e9s de falta de educaci\u00f3n de calidad y drogadicci\u00f3n. En esta l\u00ednea, el programa Mujer, Sexualidad y Maternidad aborda la prevenci\u00f3n de embarazos y de infecciones de transmisi\u00f3n sexual \u2013 entre ellas el VIH\/Sida- seg\u00fan las distintas etapas de vida; promoviendo acciones de autocuidado con el fin de anteponerse y evitar condiciones y\/o enfermedades que pongan en riesgo la salud, la vida y la integridad de las personas. Finalmente, cada m\u00f3dulo de los talleres del modelo program\u00e1tico corresponde a un tema distinto, que incluye una o m\u00e1s actividades con la finalidad de facilitar la comprensi\u00f3n de sus contenidos para las personas participantes.<\/p>\n<p style=\"font-weight: 400; text-align: justify;\">El Programa Mujer, Sexualidad y Maternidad tambi\u00e9n incluye una l\u00ednea de acci\u00f3n que busca entregar informaci\u00f3n, orientaci\u00f3n y, si lo requiere, derivaci\u00f3n a la red de servicios disponibles en el territorio en materia de sexualidad, maternidad y derechos. Para inscribirse, descargar informaci\u00f3n y realizar actividades a distancia se debe acceder a la p\u00e1gina\u00a0<a href=\"http:\/\/www.sernameg.gob.cl\/\" data-saferedirecturl=\"https:\/\/www.google.com\/url?q=http:\/\/www.sernameg.gob.cl&amp;source=gmail&amp;ust=1619462088288000&amp;usg=AFQjCNFJfS5jvy9xq5NbPd4hcf0uUoslTg\">www.sernameg.gob.cl<\/a>, o a trav\u00e9s de la Municipalidad de Coyhaique al correo electr\u00f3nico\u00a0<a href=\"mailto:msmcoyhaique@gmail.com\">msmcoyhaique@gmail.com<\/a>\u00a0o a los n\u00fameros de WhatsApp +56 9 72139765 y +56 9 95660717.<\/p>\n<\/div><\/section><\/div><div  style='height:50px' class='hr hr-invisible   avia-builder-el-6  el_after_av_one_full  el_before_av_social_share '><span class='hr-inner ' ><span class='hr-inner-style'><\/span><\/span><\/div><\/p>\n<div  class='av-social-sharing-box  avia-builder-el-7  el_after_av_hr  el_before_av_hr  '><div class='av-share-box'><h5 class='av-share-link-description av-no-toc '>Compartir esta noticia<\/h5><ul class='av-share-box-list noLightbox'><li class='av-share-link av-social-link-facebook' ><a target=\"_blank\" aria-label=\"Compartir en Facebook\" href='https:\/\/www.facebook.com\/sharer.php?u=https:\/\/radiorevelacionfm.cl\/?p=3493&#038;t=Mujeres%20privadas%20de%20libertad%20participan%20en%20taller%20del%20Programa%20Mujer%2C%20Sexualidad%20y%20Maternidad' aria-hidden='false' data-av_icon='\ue8f3' data-av_iconfont='entypo-fontello' title='' data-avia-related-tooltip='Compartir en Facebook' rel=\"noopener\"><span class='avia_hidden_link_text'>Compartir en Facebook<\/span><\/a><\/li><li class='av-share-link av-social-link-twitter' ><a target=\"_blank\" aria-label=\"Compartir en Twitter\" href='https:\/\/twitter.com\/share?text=Mujeres%20privadas%20de%20libertad%20participan%20en%20taller%20del%20Programa%20Mujer%2C%20Sexualidad%20y%20Maternidad&#038;url=https:\/\/radiorevelacionfm.cl\/?p=3493' aria-hidden='false' data-av_icon='\ue8f1' data-av_iconfont='entypo-fontello' title='' data-avia-related-tooltip='Compartir en Twitter' rel=\"noopener\"><span class='avia_hidden_link_text'>Compartir en Twitter<\/span><\/a><\/li><li class='av-share-link av-social-link-whatsapp' ><a target=\"_blank\" aria-label=\"Compartir en Whatsapp\" href='https:\/\/api.whatsapp.com\/send?text=https:\/\/radiorevelacionfm.cl\/?p=3493' aria-hidden='false' data-av_icon='\uf232' data-av_iconfont='entypo-fontello' title='' data-avia-related-tooltip='Compartir en Whatsapp' rel=\"noopener\"><span class='avia_hidden_link_text'>Compartir en Whatsapp<\/span><\/a><\/li><li class='av-share-link av-social-link-linkedin' ><a target=\"_blank\" aria-label=\"Compartir en LinkedIn\" href='https:\/\/linkedin.com\/shareArticle?mini=true&#038;title=Mujeres%20privadas%20de%20libertad%20participan%20en%20taller%20del%20Programa%20Mujer%2C%20Sexualidad%20y%20Maternidad&#038;url=https:\/\/radiorevelacionfm.cl\/?p=3493' aria-hidden='false' data-av_icon='\ue8fc' data-av_iconfont='entypo-fontello' title='' data-avia-related-tooltip='Compartir en LinkedIn' rel=\"noopener\"><span class='avia_hidden_link_text'>Compartir en LinkedIn<\/span><\/a><\/li><li class='av-share-link av-social-link-mail' ><a  aria-label=\"Compartir por correo\" href='mailto:?subject=Mujeres%20privadas%20de%20libertad%20participan%20en%20taller%20del%20Programa%20Mujer%2C%20Sexualidad%20y%20Maternidad&#038;body=https:\/\/radiorevelacionfm.cl\/?p=3493' aria-hidden='false' data-av_icon='\ue805' data-av_iconfont='entypo-fontello' title='' data-avia-related-tooltip='Compartir por correo'><span class='avia_hidden_link_text'>Compartir por correo<\/span><\/a><\/li><\/ul><\/div><\/div>\n<div  style='height:50px' class='hr hr-invisible   avia-builder-el-8  el_after_av_social_share  el_before_av_comments_list '><span class='hr-inner ' ><span class='hr-inner-style'><\/span><\/span><\/div>\n<div  class='av-buildercomment  av-blog-meta-html-info-disabled av-blog-meta-tag-disabled  '><\/div>\n","protected":false},"excerpt":{"rendered":"","protected":false},"author":1,"featured_media":0,"comment_status":"open","ping_status":"open","sticky":false,"template":"","format":"standard","meta":{"footnotes":""},"categories":[55],"tags":[],"class_list":["post-3493","post","type-post","status-publish","format-standard","hentry","category-justicia"],"jetpack_featured_media_url":"","_links":{"self":[{"href":"https:\/\/radiorevelacionfm.cl\/index.php?rest_route=\/wp\/v2\/posts\/3493","targetHints":{"allow":["GET"]}}],"collection":[{"href":"https:\/\/radiorevelacionfm.cl\/index.php?rest_route=\/wp\/v2\/posts"}],"about":[{"href":"https:\/\/radiorevelacionfm.cl\/index.php?rest_route=\/wp\/v2\/types\/post"}],"author":[{"embeddable":true,"href":"https:\/\/radiorevelacionfm.cl\/index.php?rest_route=\/wp\/v2\/users\/1"}],"replies":[{"embeddable":true,"href":"https:\/\/radiorevelacionfm.cl\/index.php?rest_route=%2Fwp%2Fv2%2Fcomments&post=3493"}],"version-history":[{"count":1,"href":"https:\/\/radiorevelacionfm.cl\/index.php?rest_route=\/wp\/v2\/posts\/3493\/revisions"}],"predecessor-version":[{"id":3495,"href":"https:\/\/radiorevelacionfm.cl\/index.php?rest_route=\/wp\/v2\/posts\/3493\/revisions\/3495"}],"wp:attachment":[{"href":"https:\/\/radiorevelacionfm.cl\/index.php?rest_route=%2Fwp%2Fv2%2Fmedia&parent=3493"}],"wp:term":[{"taxonomy":"category","embeddable":true,"href":"https:\/\/radiorevelacionfm.cl\/index.php?rest_route=%2Fwp%2Fv2%2Fcategories&post=3493"},{"taxonomy":"post_tag","embeddable":true,"href":"https:\/\/radiorevelacionfm.cl\/index.php?rest_route=%2Fwp%2Fv2%2Ftags&post=3493"}],"curies":[{"name":"wp","href":"https:\/\/api.w.org\/{rel}","templated":true}]}}