{"id":3490,"date":"2021-04-25T15:25:48","date_gmt":"2021-04-25T18:25:48","guid":{"rendered":"https:\/\/radiorevelacionfm.cl\/?p=3490"},"modified":"2021-04-25T15:25:48","modified_gmt":"2021-04-25T18:25:48","slug":"calisto-oficia-a-ministra-de-transportes-y-telecomunicaciones-por-problemas-de-conectividad-digital-en-las-guaitecas","status":"publish","type":"post","link":"https:\/\/radiorevelacionfm.cl\/?p=3490","title":{"rendered":"Calisto oficia a Ministra de Transportes y Telecomunicaciones por problemas de conectividad digital en Las Guaitecas"},"content":{"rendered":"<div class=\"flex_column av_one_full  flex_column_div av-zero-column-padding first  avia-builder-el-0  el_before_av_one_full  avia-builder-el-first  \" style='border-radius:0px; '><div  class='avia-image-container  av-styling-    avia-builder-el-1  avia-builder-el-no-sibling  avia-align-center '  itemprop=\"image\" itemscope=\"itemscope\" itemtype=\"https:\/\/schema.org\/ImageObject\"  ><div class='avia-image-container-inner'><div class='avia-image-overlay-wrap'><img decoding=\"async\" class='wp-image-3491 avia-img-lazy-loading-not-3491 avia_image' src=\"https:\/\/radiorevelacionfm.cl\/wp-content\/uploads\/2021\/04\/melinka01_optimized.jpg\" alt='' title='melinka01_optimized' height=\"800\" width=\"1201\"  itemprop=\"thumbnailUrl\" srcset=\"https:\/\/radiorevelacionfm.cl\/wp-content\/uploads\/2021\/04\/melinka01_optimized.jpg 1201w, https:\/\/radiorevelacionfm.cl\/wp-content\/uploads\/2021\/04\/melinka01_optimized-300x200.jpg 300w, https:\/\/radiorevelacionfm.cl\/wp-content\/uploads\/2021\/04\/melinka01_optimized-1030x686.jpg 1030w, https:\/\/radiorevelacionfm.cl\/wp-content\/uploads\/2021\/04\/melinka01_optimized-768x512.jpg 768w, https:\/\/radiorevelacionfm.cl\/wp-content\/uploads\/2021\/04\/melinka01_optimized-705x470.jpg 705w, https:\/\/radiorevelacionfm.cl\/wp-content\/uploads\/2021\/04\/melinka01_optimized-600x400.jpg 600w\" sizes=\"(max-width: 1201px) 100vw, 1201px\" \/><\/div><\/div><\/div><\/div><div class=\"flex_column av_one_full  flex_column_div av-zero-column-padding first  avia-builder-el-2  el_after_av_one_full  el_before_av_one_full  column-top-margin\" style='border-radius:0px; '><section class=\"av_textblock_section \"  itemscope=\"itemscope\" itemtype=\"https:\/\/schema.org\/BlogPosting\" itemprop=\"blogPost\" ><div class='avia_textblock  '   itemprop=\"text\" ><p style=\"text-align: center;\"><span style=\"font-size: 18pt;\"><strong>Calisto oficia a Ministra de Transportes y Telecomunicaciones por problemas de conectividad digital en Las Guaitecas<\/strong><\/span><\/p>\n<div id=\"gtx-trans\" style=\"position: absolute; left: -50px; top: 4.31534px;\">\n<div class=\"gtx-trans-icon\"><\/div>\n<\/div>\n<\/div><\/section><\/div><div class=\"flex_column av_one_full  flex_column_div av-zero-column-padding first  avia-builder-el-4  el_after_av_one_full  el_before_av_hr  column-top-margin\" style='border-radius:0px; '><section class=\"av_textblock_section \"  itemscope=\"itemscope\" itemtype=\"https:\/\/schema.org\/BlogPosting\" itemprop=\"blogPost\" ><div class='avia_textblock  '   itemprop=\"text\" ><p style=\"font-weight: 400; text-align: justify;\">Ante una serie de denuncias de vecinas y vecinos de la comuna de Las Guaitecas por el mal funcionamiento del servicio de internet y telefon\u00eda movil, el diputado Miguel \u00c1ngel Calisto le pidi\u00f3, mediante el env\u00edo de un oficio, a las autoridades nacionales y regionales del Ministerio de Transportes y Telecomunicaciones mejorar la conectividad digital de la isla.<\/p>\n<p style=\"font-weight: 400; text-align: justify;\">Seg\u00fan el legislador, \u201cle enviamos un oficio a la Ministra de Transportes y Telecomunicaciones, a la Subsecretaria y al Seremi, pidiendo que se busque una soluci\u00f3n para mejorar la conectividad digital en Las Guaitecas. Son muchas las vecinas y vecinos que nos han hecho llegar su preocupaci\u00f3n por esta situaci\u00f3n, porque all\u00e1 est\u00e1n en cuarentena y tienen serios problemas para conectar a sus hijos a las clases\u201d.<\/p>\n<p style=\"font-weight: 400; text-align: justify;\">Calisto agreg\u00f3 que \u201cen Repollal Bajo definitivamente no llega la se\u00f1al de internet, la gente debe subir a los cerros con sus hijos para poder conectarse a las clases, eso siempre y cuando el clima lo permita. En el resto de la isla, la se\u00f1al falla mucho. Un vecino afirmaba que hace 15 d\u00edas que cierta empresa ha presentado fallas en su servicio, sin haber mayor inter\u00e9s por resolverlo\u201d.<\/p>\n<p style=\"font-weight: 400; text-align: justify;\">\u201cPor eso, es fundamental que las autoridades de Gobierno busquen una soluci\u00f3n para poder reforzar la conectividad digital, no s\u00f3lo en las Guaitecas, sino en los distintos puntos de la regi\u00f3n donde siempre ha habido una mala conectividad digital. Tambi\u00e9n es el Gobierno el que debe presionar a las empresas para que cumplan con el servicio que ofrecen\u201d, afirm\u00f3 el diputado.<\/p>\n<p style=\"font-weight: 400; text-align: justify;\">Por su parte, Mabel Chiguay, dirigenta de la asociaci\u00f3n ind\u00edgena de Repollal Bajo, asegur\u00f3 que \u201cnosotros ya llevamos ocho a\u00f1os con problemas de la se\u00f1al de internet. Hemos enviado cartas y correos, pero es agotador, porque no tenemos ning\u00fan tipo de respuesta.\u00a0 Hemos hecho todas las gestiones ante el Gobierno Regional, pero ya no damos m\u00e1s\u201d.<\/p>\n<p style=\"font-weight: 400; text-align: justify;\">\u201cLas mam\u00e1s debemos hacer de todo para poder conectarnos. Yo debo caminar a un cerro para que mi hija se pueda conectar a las famosas clases on line. Mi hija est\u00e1 haciendo clases al aire libre cuando el tiempo est\u00e1 bueno. Es muy agotador para nosotros, como mam\u00e1s y como pobladores el hecho que tengamos que andar buscando los lugares donde hay mejor se\u00f1al\u201d, afirm\u00f3.<\/p>\n<p style=\"text-align: justify;\"><span style=\"font-weight: 400;\">Finalmente, la dirigenta de Repollal Bajo argument\u00f3 que \u201cyo he tratado de comunicarme con el Seremi de Transporte, y me derivan a que env\u00ede correos, que tampoco me responden. No hay ninguna soluci\u00f3n\u201d.\u00a0<\/span><\/p>\n<\/div><\/section><\/div><div  style='height:50px' class='hr hr-invisible   avia-builder-el-6  el_after_av_one_full  el_before_av_social_share '><span class='hr-inner ' ><span class='hr-inner-style'><\/span><\/span><\/div><\/p>\n<div  class='av-social-sharing-box  avia-builder-el-7  el_after_av_hr  el_before_av_hr  '><div class='av-share-box'><h5 class='av-share-link-description av-no-toc '>Compartir esta noticia<\/h5><ul class='av-share-box-list noLightbox'><li class='av-share-link av-social-link-facebook' ><a target=\"_blank\" aria-label=\"Compartir en Facebook\" href='https:\/\/www.facebook.com\/sharer.php?u=https:\/\/radiorevelacionfm.cl\/?p=3490&#038;t=Calisto%20oficia%20a%20Ministra%20de%20Transportes%20y%20Telecomunicaciones%20por%20problemas%20de%20conectividad%20digital%20en%20Las%20Guaitecas' aria-hidden='false' data-av_icon='\ue8f3' data-av_iconfont='entypo-fontello' title='' data-avia-related-tooltip='Compartir en Facebook' rel=\"noopener\"><span class='avia_hidden_link_text'>Compartir en Facebook<\/span><\/a><\/li><li class='av-share-link av-social-link-twitter' ><a target=\"_blank\" aria-label=\"Compartir en Twitter\" href='https:\/\/twitter.com\/share?text=Calisto%20oficia%20a%20Ministra%20de%20Transportes%20y%20Telecomunicaciones%20por%20problemas%20de%20conectividad%20digital%20en%20Las%20Guaitecas&#038;url=https:\/\/radiorevelacionfm.cl\/?p=3490' aria-hidden='false' data-av_icon='\ue8f1' data-av_iconfont='entypo-fontello' title='' data-avia-related-tooltip='Compartir en Twitter' rel=\"noopener\"><span class='avia_hidden_link_text'>Compartir en Twitter<\/span><\/a><\/li><li class='av-share-link av-social-link-whatsapp' ><a target=\"_blank\" aria-label=\"Compartir en Whatsapp\" href='https:\/\/api.whatsapp.com\/send?text=https:\/\/radiorevelacionfm.cl\/?p=3490' aria-hidden='false' data-av_icon='\uf232' data-av_iconfont='entypo-fontello' title='' data-avia-related-tooltip='Compartir en Whatsapp' rel=\"noopener\"><span class='avia_hidden_link_text'>Compartir en Whatsapp<\/span><\/a><\/li><li class='av-share-link av-social-link-linkedin' ><a target=\"_blank\" aria-label=\"Compartir en LinkedIn\" href='https:\/\/linkedin.com\/shareArticle?mini=true&#038;title=Calisto%20oficia%20a%20Ministra%20de%20Transportes%20y%20Telecomunicaciones%20por%20problemas%20de%20conectividad%20digital%20en%20Las%20Guaitecas&#038;url=https:\/\/radiorevelacionfm.cl\/?p=3490' aria-hidden='false' data-av_icon='\ue8fc' data-av_iconfont='entypo-fontello' title='' data-avia-related-tooltip='Compartir en LinkedIn' rel=\"noopener\"><span class='avia_hidden_link_text'>Compartir en LinkedIn<\/span><\/a><\/li><li class='av-share-link av-social-link-mail' ><a  aria-label=\"Compartir por correo\" href='mailto:?subject=Calisto%20oficia%20a%20Ministra%20de%20Transportes%20y%20Telecomunicaciones%20por%20problemas%20de%20conectividad%20digital%20en%20Las%20Guaitecas&#038;body=https:\/\/radiorevelacionfm.cl\/?p=3490' aria-hidden='false' data-av_icon='\ue805' data-av_iconfont='entypo-fontello' title='' data-avia-related-tooltip='Compartir por correo'><span class='avia_hidden_link_text'>Compartir por correo<\/span><\/a><\/li><\/ul><\/div><\/div>\n<div  style='height:50px' class='hr hr-invisible   avia-builder-el-8  el_after_av_social_share  el_before_av_comments_list '><span class='hr-inner ' ><span class='hr-inner-style'><\/span><\/span><\/div>\n<div  class='av-buildercomment  av-blog-meta-html-info-disabled av-blog-meta-tag-disabled  '><\/div>\n","protected":false},"excerpt":{"rendered":"","protected":false},"author":1,"featured_media":3491,"comment_status":"open","ping_status":"open","sticky":false,"template":"","format":"standard","meta":{"footnotes":""},"categories":[59],"tags":[],"class_list":["post-3490","post","type-post","status-publish","format-standard","has-post-thumbnail","hentry","category-transporte"],"jetpack_featured_media_url":"https:\/\/radiorevelacionfm.cl\/wp-content\/uploads\/2021\/04\/melinka01_optimized.jpg","_links":{"self":[{"href":"https:\/\/radiorevelacionfm.cl\/index.php?rest_route=\/wp\/v2\/posts\/3490","targetHints":{"allow":["GET"]}}],"collection":[{"href":"https:\/\/radiorevelacionfm.cl\/index.php?rest_route=\/wp\/v2\/posts"}],"about":[{"href":"https:\/\/radiorevelacionfm.cl\/index.php?rest_route=\/wp\/v2\/types\/post"}],"author":[{"embeddable":true,"href":"https:\/\/radiorevelacionfm.cl\/index.php?rest_route=\/wp\/v2\/users\/1"}],"replies":[{"embeddable":true,"href":"https:\/\/radiorevelacionfm.cl\/index.php?rest_route=%2Fwp%2Fv2%2Fcomments&post=3490"}],"version-history":[{"count":1,"href":"https:\/\/radiorevelacionfm.cl\/index.php?rest_route=\/wp\/v2\/posts\/3490\/revisions"}],"predecessor-version":[{"id":3492,"href":"https:\/\/radiorevelacionfm.cl\/index.php?rest_route=\/wp\/v2\/posts\/3490\/revisions\/3492"}],"wp:featuredmedia":[{"embeddable":true,"href":"https:\/\/radiorevelacionfm.cl\/index.php?rest_route=\/wp\/v2\/media\/3491"}],"wp:attachment":[{"href":"https:\/\/radiorevelacionfm.cl\/index.php?rest_route=%2Fwp%2Fv2%2Fmedia&parent=3490"}],"wp:term":[{"taxonomy":"category","embeddable":true,"href":"https:\/\/radiorevelacionfm.cl\/index.php?rest_route=%2Fwp%2Fv2%2Fcategories&post=3490"},{"taxonomy":"post_tag","embeddable":true,"href":"https:\/\/radiorevelacionfm.cl\/index.php?rest_route=%2Fwp%2Fv2%2Ftags&post=3490"}],"curies":[{"name":"wp","href":"https:\/\/api.w.org\/{rel}","templated":true}]}}