{"id":3487,"date":"2021-04-25T12:31:22","date_gmt":"2021-04-25T15:31:22","guid":{"rendered":"https:\/\/radiorevelacionfm.cl\/?p=3487"},"modified":"2021-04-25T12:31:22","modified_gmt":"2021-04-25T15:31:22","slug":"plasticos-de-un-solo-uso-delivery-no-podria-entregar-ningun-envase-ni-contenedor-plastico-salvo-que-sean-compostables","status":"publish","type":"post","link":"https:\/\/radiorevelacionfm.cl\/?p=3487","title":{"rendered":"Pl\u00e1sticos de un solo uso: Delivery no podr\u00eda entregar ning\u00fan envase ni contenedor pl\u00e1stico salvo que sean compostables"},"content":{"rendered":"<div class=\"flex_column av_one_full  flex_column_div av-zero-column-padding first  avia-builder-el-0  el_before_av_one_full  avia-builder-el-first  \" style='border-radius:0px; '><div  class='avia-image-container  av-styling-    avia-builder-el-1  avia-builder-el-no-sibling  avia-align-center '  itemprop=\"image\" itemscope=\"itemscope\" itemtype=\"https:\/\/schema.org\/ImageObject\"  ><div class='avia-image-container-inner'><div class='avia-image-overlay-wrap'><img decoding=\"async\" class='wp-image-0 avia-img-lazy-loading-not-0 avia_image' src=\"https:\/\/radiorevelacionfm.cl\/wp-content\/uploads\/2021\/04\/plasticos_optimized.jpeg\" alt='' title=''   itemprop=\"thumbnailUrl\"  \/><\/div><\/div><\/div><\/div><div class=\"flex_column av_one_full  flex_column_div av-zero-column-padding first  avia-builder-el-2  el_after_av_one_full  el_before_av_one_full  column-top-margin\" style='border-radius:0px; '><section class=\"av_textblock_section \"  itemscope=\"itemscope\" itemtype=\"https:\/\/schema.org\/BlogPosting\" itemprop=\"blogPost\" ><div class='avia_textblock  '   itemprop=\"text\" ><p style=\"text-align: center;\"><strong><span style=\"font-size: 18pt;\">Pl\u00e1sticos de un solo uso: Delivery no podr\u00eda entregar ning\u00fan envase ni contenedor pl\u00e1stico salvo que sean compostables<\/span><\/strong><\/p>\n<div id=\"gtx-trans\" style=\"position: absolute; left: -50px; top: 4.31534px;\">\n<div class=\"gtx-trans-icon\"><\/div>\n<\/div>\n<\/div><\/section><\/div><div class=\"flex_column av_one_full  flex_column_div av-zero-column-padding first  avia-builder-el-4  el_after_av_one_full  el_before_av_hr  column-top-margin\" style='border-radius:0px; '><section class=\"av_textblock_section \"  itemscope=\"itemscope\" itemtype=\"https:\/\/schema.org\/BlogPosting\" itemprop=\"blogPost\" ><div class='avia_textblock  '   itemprop=\"text\" ><p style=\"text-align: justify;\">Cubiertos, revolvedores, bombillas, vasos, art\u00edculos de plumavit y todos los pl\u00e1sticos de un solo uso, tendr\u00edan los d\u00edas contados, esto si se aprueba proyecto de ley que limita la generaci\u00f3n de productos desechables y regula los pl\u00e1sticos.<\/p>\n<p style=\"text-align: justify;\">El texto legal dio un paso m\u00e1s y la Comisi\u00f3n de Medio Ambiente y Bienes Nacionales &#8211; presidida por la <strong>senadora Ximena \u00d3rdenes <\/strong>&#8211; respald\u00f3 las enmiendas introducidas por la C\u00e1mara de Diputados, salvo la referida a las infracciones y multas sobre botellas pl\u00e1sticas, art\u00edculo que se ir\u00eda a Mixta para poder reponer las sanciones.<\/p>\n<p style=\"text-align: justify;\">Cabe hacer presente que, una vez que el respectivo informe est\u00e9 despachado, el proyecto ser\u00e1 analizado por la Sala del Senado, en tercer tr\u00e1mite constitucional, haciendo frente as\u00ed a las 33.000 toneladas de pl\u00e1sticos que se generan anualmente.<\/p>\n<p style=\"text-align: justify;\">Seg\u00fan detall\u00f3 la ministra del ramo, Carolina Schmidt se precisa la prohibici\u00f3n de entrega de productos pl\u00e1sticos de un solo uso y de productos de un solo uso en establecimientos de expendio de alimentos; se avanza en la certificaci\u00f3n de los pl\u00e1sticos compostables e incentivos a la compostabilidad.<\/p>\n<p style=\"text-align: justify;\">Adem\u00e1s, obliga al uso de pl\u00e1stico reciclado en la producci\u00f3n de botellas, e incentivos a la reutilizaci\u00f3n de botellas retornables, para complementar la ley de Responsabilidad Extendida del Productor (REP). Adem\u00e1s, se hace cargo de productos no regulados por la ley REP y aquellos muy complejos de reciclar.<\/p>\n<p style=\"text-align: justify;\">PL\u00c1STICOS DE UN SOLO USO Y PRODUCTOS REUTILIZABLES<\/p>\n<div class=\"contSubtit\">\n<div class=\"linkSubtit\" style=\"text-align: justify;\">En este contexto, se proh\u00edbe la entrega de pl\u00e1sticos de un solo uso: cubiertos (tenedor, cuchillo, cuchara), revolvedores, bombillas y cualquier art\u00edculo de Plumavit en todos los locales de expendio de comida preparada del pa\u00eds. Prohibici\u00f3n que comenzar\u00e1 a regir a los 6 meses de la publicaci\u00f3n de esta ley en el Diario Oficial.<\/div>\n<div>\n<p style=\"text-align: justify;\">Los locales de expendio de comida preparada quedar\u00e1n obligados a solo usar productos reutilizables para el consumo al interior de sus establecimientos. Teniendo como plazo m\u00e1ximo para su adaptaci\u00f3n, 3 a\u00f1os.<\/p>\n<p style=\"text-align: justify;\">En tanto, los delivery de comida preparada NO podr\u00e1n entregar ning\u00fan envase ni contenedor pl\u00e1stico, salvo que sean de \u201cpl\u00e1sticos compostables certificados\u201d y los productos desechables podr\u00e1n ser entregados solo cuando sean expresamente solicitados por el consumidor y, si son productos pl\u00e1sticos, deber\u00e1n ser compostables certificados. Ser\u00e1 responsabilidad del Ministerio del Medio Ambiente el certificar los pl\u00e1sticos compostables.<\/p>\n<p style=\"text-align: justify;\">ENMIENDAS DE LA C\u00c1MARA<\/p>\n<div class=\"contSubtit\" style=\"text-align: justify;\">\n<div class=\"linkSubtit\">Prohibici\u00f3n r\u00e1pida de utensilios pl\u00e1sticos de un solo uso prescindibles y agrega a la prohibici\u00f3n de entrega de productos de plumavit y bombillas establecida en el Senado, la prohibici\u00f3n de: cubiertos, cuchillos, cucharas, tenedores, palillos y revolvedores y entrega el mismo plazo de 6 meses desde la publicaci\u00f3n de la ley a la prohibici\u00f3n de estos productos.<\/div>\n<\/div>\n<p style=\"text-align: justify;\">Con respecto a los pl\u00e1sticos compostables, introduce un nuevo art\u00edculo que se\u00f1ala que el Ministerio del Medio Ambiente promover\u00e1 el compostaje y el desarrollo del compostaje industrial municipal.<\/p>\n<p style=\"text-align: justify;\">Establece que los pl\u00e1sticos certificados pueden ser compostables domiciliaria e industrialmente; propone que el Ministerio deba certificar la compostablidad del producto hecho con pl\u00e1stico, y no solo el material. Adem\u00e1s, dispone que los productos certificados deber\u00e1n ser f\u00e1cilmente distinguibles por los consumidores.<\/p>\n<p style=\"text-align: justify;\">Sobre botellas, define \u201cbotella retornable\u201d, exigiendo n\u00famero de usos mayor a cinco. Ampl\u00eda la exigencia de contar con envases retornables a todos los comercializadores de bebestibles y establece porcentaje m\u00ednimo de vitrina de retornables para supermercados: 30% a partir del tercer a\u00f1o, entre otros aspectos que avanzan en el cuidado medio ambiental.<\/p>\n<\/div>\n<\/div>\n<\/div><\/section><\/div><div  style='height:50px' class='hr hr-invisible   avia-builder-el-6  el_after_av_one_full  el_before_av_social_share '><span class='hr-inner ' ><span class='hr-inner-style'><\/span><\/span><\/div><\/p>\n<div  class='av-social-sharing-box  avia-builder-el-7  el_after_av_hr  el_before_av_hr  '><div class='av-share-box'><h5 class='av-share-link-description av-no-toc '>Compartir esta noticia<\/h5><ul class='av-share-box-list noLightbox'><li class='av-share-link av-social-link-facebook' ><a target=\"_blank\" aria-label=\"Compartir en Facebook\" href='https:\/\/www.facebook.com\/sharer.php?u=https:\/\/radiorevelacionfm.cl\/?p=3487&#038;t=Pl%C3%A1sticos%20de%20un%20solo%20uso%3A%20Delivery%20no%20podr%C3%ADa%20entregar%20ning%C3%BAn%20envase%20ni%20contenedor%20pl%C3%A1stico%20salvo%20que%20sean%20compostables' aria-hidden='false' data-av_icon='\ue8f3' data-av_iconfont='entypo-fontello' title='' data-avia-related-tooltip='Compartir en Facebook' rel=\"noopener\"><span class='avia_hidden_link_text'>Compartir en Facebook<\/span><\/a><\/li><li class='av-share-link av-social-link-twitter' ><a target=\"_blank\" aria-label=\"Compartir en Twitter\" href='https:\/\/twitter.com\/share?text=Pl%C3%A1sticos%20de%20un%20solo%20uso%3A%20Delivery%20no%20podr%C3%ADa%20entregar%20ning%C3%BAn%20envase%20ni%20contenedor%20pl%C3%A1stico%20salvo%20que%20sean%20compostables&#038;url=https:\/\/radiorevelacionfm.cl\/?p=3487' aria-hidden='false' data-av_icon='\ue8f1' data-av_iconfont='entypo-fontello' title='' data-avia-related-tooltip='Compartir en Twitter' rel=\"noopener\"><span class='avia_hidden_link_text'>Compartir en Twitter<\/span><\/a><\/li><li class='av-share-link av-social-link-whatsapp' ><a target=\"_blank\" aria-label=\"Compartir en Whatsapp\" href='https:\/\/api.whatsapp.com\/send?text=https:\/\/radiorevelacionfm.cl\/?p=3487' aria-hidden='false' data-av_icon='\uf232' data-av_iconfont='entypo-fontello' title='' data-avia-related-tooltip='Compartir en Whatsapp' rel=\"noopener\"><span class='avia_hidden_link_text'>Compartir en Whatsapp<\/span><\/a><\/li><li class='av-share-link av-social-link-linkedin' ><a target=\"_blank\" aria-label=\"Compartir en LinkedIn\" href='https:\/\/linkedin.com\/shareArticle?mini=true&#038;title=Pl%C3%A1sticos%20de%20un%20solo%20uso%3A%20Delivery%20no%20podr%C3%ADa%20entregar%20ning%C3%BAn%20envase%20ni%20contenedor%20pl%C3%A1stico%20salvo%20que%20sean%20compostables&#038;url=https:\/\/radiorevelacionfm.cl\/?p=3487' aria-hidden='false' data-av_icon='\ue8fc' data-av_iconfont='entypo-fontello' title='' data-avia-related-tooltip='Compartir en LinkedIn' rel=\"noopener\"><span class='avia_hidden_link_text'>Compartir en LinkedIn<\/span><\/a><\/li><li class='av-share-link av-social-link-mail' ><a  aria-label=\"Compartir por correo\" href='mailto:?subject=Pl%C3%A1sticos%20de%20un%20solo%20uso%3A%20Delivery%20no%20podr%C3%ADa%20entregar%20ning%C3%BAn%20envase%20ni%20contenedor%20pl%C3%A1stico%20salvo%20que%20sean%20compostables&#038;body=https:\/\/radiorevelacionfm.cl\/?p=3487' aria-hidden='false' data-av_icon='\ue805' data-av_iconfont='entypo-fontello' title='' data-avia-related-tooltip='Compartir por correo'><span class='avia_hidden_link_text'>Compartir por correo<\/span><\/a><\/li><\/ul><\/div><\/div>\n<div  style='height:50px' class='hr hr-invisible   avia-builder-el-8  el_after_av_social_share  el_before_av_comments_list '><span class='hr-inner ' ><span class='hr-inner-style'><\/span><\/span><\/div>\n<div  class='av-buildercomment  av-blog-meta-html-info-disabled av-blog-meta-tag-disabled  '><\/div>\n","protected":false},"excerpt":{"rendered":"","protected":false},"author":1,"featured_media":0,"comment_status":"open","ping_status":"open","sticky":false,"template":"","format":"standard","meta":{"footnotes":""},"categories":[39],"tags":[],"class_list":["post-3487","post","type-post","status-publish","format-standard","hentry","category-medio-ambiente"],"jetpack_featured_media_url":"","_links":{"self":[{"href":"https:\/\/radiorevelacionfm.cl\/index.php?rest_route=\/wp\/v2\/posts\/3487","targetHints":{"allow":["GET"]}}],"collection":[{"href":"https:\/\/radiorevelacionfm.cl\/index.php?rest_route=\/wp\/v2\/posts"}],"about":[{"href":"https:\/\/radiorevelacionfm.cl\/index.php?rest_route=\/wp\/v2\/types\/post"}],"author":[{"embeddable":true,"href":"https:\/\/radiorevelacionfm.cl\/index.php?rest_route=\/wp\/v2\/users\/1"}],"replies":[{"embeddable":true,"href":"https:\/\/radiorevelacionfm.cl\/index.php?rest_route=%2Fwp%2Fv2%2Fcomments&post=3487"}],"version-history":[{"count":1,"href":"https:\/\/radiorevelacionfm.cl\/index.php?rest_route=\/wp\/v2\/posts\/3487\/revisions"}],"predecessor-version":[{"id":3489,"href":"https:\/\/radiorevelacionfm.cl\/index.php?rest_route=\/wp\/v2\/posts\/3487\/revisions\/3489"}],"wp:attachment":[{"href":"https:\/\/radiorevelacionfm.cl\/index.php?rest_route=%2Fwp%2Fv2%2Fmedia&parent=3487"}],"wp:term":[{"taxonomy":"category","embeddable":true,"href":"https:\/\/radiorevelacionfm.cl\/index.php?rest_route=%2Fwp%2Fv2%2Fcategories&post=3487"},{"taxonomy":"post_tag","embeddable":true,"href":"https:\/\/radiorevelacionfm.cl\/index.php?rest_route=%2Fwp%2Fv2%2Ftags&post=3487"}],"curies":[{"name":"wp","href":"https:\/\/api.w.org\/{rel}","templated":true}]}}