{"id":34815,"date":"2023-09-09T15:49:32","date_gmt":"2023-09-09T18:49:32","guid":{"rendered":"https:\/\/radiorevelacionfm.cl\/?p=34815"},"modified":"2023-09-09T15:49:32","modified_gmt":"2023-09-09T18:49:32","slug":"se-retoma-plan-de-recambio-de-calefactores-2-200-aparatos-se-instalaran-en-2024","status":"publish","type":"post","link":"https:\/\/radiorevelacionfm.cl\/?p=34815","title":{"rendered":"Se retoma Plan de Recambio de Calefactores: 2.200 aparatos se instalar\u00e1n en 2024"},"content":{"rendered":"<div class=\"flex_column av_one_full  flex_column_div av-zero-column-padding first  avia-builder-el-0  el_before_av_one_full  avia-builder-el-first  \" style='border-radius:0px; '><div  class='avia-image-container  av-styling-    avia-builder-el-1  avia-builder-el-no-sibling  avia-align-center '  itemprop=\"image\" itemscope=\"itemscope\" itemtype=\"https:\/\/schema.org\/ImageObject\"  ><div class='avia-image-container-inner'><div class='avia-image-overlay-wrap'><img decoding=\"async\" class='wp-image-34816 avia-img-lazy-loading-not-34816 avia_image' src=\"https:\/\/radiorevelacionfm.cl\/wp-content\/uploads\/2023\/09\/recambio-calefactores-2-1-1.jpeg\" alt='' title='recambio calefactores 2 (1) (1)' height=\"600\" width=\"1067\"  itemprop=\"thumbnailUrl\" srcset=\"https:\/\/radiorevelacionfm.cl\/wp-content\/uploads\/2023\/09\/recambio-calefactores-2-1-1.jpeg 1067w, https:\/\/radiorevelacionfm.cl\/wp-content\/uploads\/2023\/09\/recambio-calefactores-2-1-1-300x169.jpeg 300w, https:\/\/radiorevelacionfm.cl\/wp-content\/uploads\/2023\/09\/recambio-calefactores-2-1-1-1030x579.jpeg 1030w, https:\/\/radiorevelacionfm.cl\/wp-content\/uploads\/2023\/09\/recambio-calefactores-2-1-1-768x432.jpeg 768w, https:\/\/radiorevelacionfm.cl\/wp-content\/uploads\/2023\/09\/recambio-calefactores-2-1-1-705x396.jpeg 705w, https:\/\/radiorevelacionfm.cl\/wp-content\/uploads\/2023\/09\/recambio-calefactores-2-1-1-450x253.jpeg 450w, https:\/\/radiorevelacionfm.cl\/wp-content\/uploads\/2023\/09\/recambio-calefactores-2-1-1-600x337.jpeg 600w\" sizes=\"(max-width: 1067px) 100vw, 1067px\" \/><\/div><\/div><\/div><\/div><div class=\"flex_column av_one_full  flex_column_div av-zero-column-padding first  avia-builder-el-2  el_after_av_one_full  el_before_av_one_full  column-top-margin\" style='border-radius:0px; '><section class=\"av_textblock_section \"  itemscope=\"itemscope\" itemtype=\"https:\/\/schema.org\/BlogPosting\" itemprop=\"blogPost\" ><div class='avia_textblock  '   itemprop=\"text\" ><p style=\"text-align: center;\"><strong><span style=\"font-size: 18pt;\">Se retoma Plan de Recambio de Calefactores: 2.200 aparatos se instalar\u00e1n en 2024<\/span><\/strong><\/p>\n<div id=\"gtx-trans\" style=\"position: absolute; left: -50px; top: 4.31534px;\">\n<div class=\"gtx-trans-icon\"><\/div>\n<\/div>\n<\/div><\/section><\/div><div class=\"flex_column av_one_full  flex_column_div av-zero-column-padding first  avia-builder-el-4  el_after_av_one_full  el_before_av_hr  column-top-margin\" style='border-radius:0px; '><section class=\"av_textblock_section \"  itemscope=\"itemscope\" itemtype=\"https:\/\/schema.org\/BlogPosting\" itemprop=\"blogPost\" ><div class='avia_textblock  '   itemprop=\"text\" ><p dir=\"ltr\" style=\"text-align: justify;\">La Ministra de Medio Ambiente, Maisa Rojas, visit\u00f3 la Regi\u00f3n de Ays\u00e9n y anunci\u00f3, junto a la Gobernadora Regional Andrea Mac\u00edas Palma, que tras los inconvenientes del a\u00f1o pasado, las postulaciones para el Programa de Recambio de calefactores volver\u00e1n a abrirse durante el \u00faltimo trimestre de este 2023 para tres comunas del territorio, con el objetivo de concretar m\u00e1s de 2.000 instalaciones en 2024.<\/p>\n<p dir=\"ltr\" style=\"text-align: justify;\">\u00abEl n\u00famero va a ser de 2.200 recambios de calefactores, el m\u00e1s alto desde que se comenz\u00f3 con esta pol\u00edtica p\u00fablica, que es una medida bien importante para la disminuci\u00f3n de la contaminaci\u00f3n del aire, que sufre no solamente la ciudad de Coyhaique, sino tambi\u00e9n Ays\u00e9n y Cochrane\u00bb, detall\u00f3 la jefa de la cartera de Medio Ambiente.<\/p>\n<p dir=\"ltr\" style=\"text-align: justify;\">Por su parte, la Gobernadora de Ays\u00e9n se\u00f1al\u00f3 que \u00ablo que nos trae la Ministra es tremendamente relevante. Es tomar la definici\u00f3n de avanzar, son miles de millones de pesos que se ponen a disposici\u00f3n, finalmente, de la salud de nuestra comunidad, as\u00ed que vamos a procurar ser lo m\u00e1s eficientes posible, para que disminuyamos los tiempos, porque entendemos que hay una necesidad\u00bb.<\/p>\n<p dir=\"ltr\" style=\"text-align: justify;\">Con este n\u00famero de recambios, donde se contemplan 757 unidades de aire acondicionado y el resto en estufas a pellet, el sector planea \u00abponerse al d\u00eda\u00bb, como dijo la Ministra, con el d\u00e9ficit que hubo el a\u00f1o pasado y que respondi\u00f3 a distintos factores, como observaciones de Contralor\u00eda con el programa que hubo que subsanar y dificultades con las licitaciones en general como consecuencia de la pandemia.<\/p>\n<p dir=\"ltr\" style=\"text-align: justify;\">En tanto, el Consejero Regional de la Provincia de Capit\u00e1n Prat, Jorge Abello, plante\u00f3 que \u00absi bien, este a\u00f1o tuvimos la oportunidad de no tener problemas con el abastecimiento del pellet, si hay un tema con los precios. El precio del pellet, de la energ\u00eda, del kerosene, uno los siente en la calle en reiterados reclamos, y ah\u00ed tambi\u00e9n se necesita de algunas acciones. Es importante que el aporte de los sectores, en este caso Medio Ambiente, Energ\u00eda, Vivienda, sea permanente para que esto resulte\u00bb.<\/p>\n<p dir=\"ltr\" style=\"text-align: justify;\">Por \u00faltimo, la Gobernadora Andrea Mac\u00edas Palma invit\u00f3 a la comunidad \u00aba poder revisar la informaci\u00f3n existente dados los cuestionamientos que muchas veces existen. Yo siempre digo &#8216;dato mata relato&#8217;, por lo tanto, cuando las cifras nos dicen que hay disminuciones en episodios de emergencia, que hay disminuciones en consultas por enfermedades respiratorias, eso tiene que ver con que el programa ha impactado de manera positiva\u00bb.<\/p>\n<\/div><\/section><\/div><div  style='height:50px' class='hr hr-invisible   avia-builder-el-6  el_after_av_one_full  el_before_av_social_share '><span class='hr-inner ' ><span class='hr-inner-style'><\/span><\/span><\/div><\/p>\n<div  class='av-social-sharing-box  avia-builder-el-7  el_after_av_hr  el_before_av_hr  '><div class='av-share-box'><h5 class='av-share-link-description av-no-toc '>Compartir esta noticia<\/h5><ul class='av-share-box-list noLightbox'><li class='av-share-link av-social-link-facebook' ><a target=\"_blank\" aria-label=\"Compartir en Facebook\" href='https:\/\/www.facebook.com\/sharer.php?u=https:\/\/radiorevelacionfm.cl\/?p=34815&#038;t=Se%20retoma%20Plan%20de%20Recambio%20de%20Calefactores%3A%202.200%20aparatos%20se%20instalar%C3%A1n%20en%202024' aria-hidden='false' data-av_icon='\ue8f3' data-av_iconfont='entypo-fontello' title='' data-avia-related-tooltip='Compartir en Facebook' rel=\"noopener\"><span class='avia_hidden_link_text'>Compartir en Facebook<\/span><\/a><\/li><li class='av-share-link av-social-link-twitter' ><a target=\"_blank\" aria-label=\"Compartir en Twitter\" href='https:\/\/twitter.com\/share?text=Se%20retoma%20Plan%20de%20Recambio%20de%20Calefactores%3A%202.200%20aparatos%20se%20instalar%C3%A1n%20en%202024&#038;url=https:\/\/radiorevelacionfm.cl\/?p=34815' aria-hidden='false' data-av_icon='\ue8f1' data-av_iconfont='entypo-fontello' title='' data-avia-related-tooltip='Compartir en Twitter' rel=\"noopener\"><span class='avia_hidden_link_text'>Compartir en Twitter<\/span><\/a><\/li><li class='av-share-link av-social-link-whatsapp' ><a target=\"_blank\" aria-label=\"Compartir en Whatsapp\" href='https:\/\/api.whatsapp.com\/send?text=https:\/\/radiorevelacionfm.cl\/?p=34815' aria-hidden='false' data-av_icon='\uf232' data-av_iconfont='entypo-fontello' title='' data-avia-related-tooltip='Compartir en Whatsapp' rel=\"noopener\"><span class='avia_hidden_link_text'>Compartir en Whatsapp<\/span><\/a><\/li><li class='av-share-link av-social-link-linkedin' ><a target=\"_blank\" aria-label=\"Compartir en LinkedIn\" href='https:\/\/linkedin.com\/shareArticle?mini=true&#038;title=Se%20retoma%20Plan%20de%20Recambio%20de%20Calefactores%3A%202.200%20aparatos%20se%20instalar%C3%A1n%20en%202024&#038;url=https:\/\/radiorevelacionfm.cl\/?p=34815' aria-hidden='false' data-av_icon='\ue8fc' data-av_iconfont='entypo-fontello' title='' data-avia-related-tooltip='Compartir en LinkedIn' rel=\"noopener\"><span class='avia_hidden_link_text'>Compartir en LinkedIn<\/span><\/a><\/li><li class='av-share-link av-social-link-mail' ><a  aria-label=\"Compartir por correo\" href='mailto:?subject=Se%20retoma%20Plan%20de%20Recambio%20de%20Calefactores%3A%202.200%20aparatos%20se%20instalar%C3%A1n%20en%202024&#038;body=https:\/\/radiorevelacionfm.cl\/?p=34815' aria-hidden='false' data-av_icon='\ue805' data-av_iconfont='entypo-fontello' title='' data-avia-related-tooltip='Compartir por correo'><span class='avia_hidden_link_text'>Compartir por correo<\/span><\/a><\/li><\/ul><\/div><\/div>\n<div  style='height:50px' class='hr hr-invisible   avia-builder-el-8  el_after_av_social_share  el_before_av_comments_list '><span class='hr-inner ' ><span class='hr-inner-style'><\/span><\/span><\/div>\n<div  class='av-buildercomment  av-blog-meta-html-info-disabled av-blog-meta-tag-disabled  '><\/div>\n","protected":false},"excerpt":{"rendered":"","protected":false},"author":1,"featured_media":34816,"comment_status":"open","ping_status":"open","sticky":false,"template":"","format":"standard","meta":{"footnotes":""},"categories":[38],"tags":[],"class_list":["post-34815","post","type-post","status-publish","format-standard","has-post-thumbnail","hentry","category-regional"],"jetpack_featured_media_url":"https:\/\/radiorevelacionfm.cl\/wp-content\/uploads\/2023\/09\/recambio-calefactores-2-1-1.jpeg","_links":{"self":[{"href":"https:\/\/radiorevelacionfm.cl\/index.php?rest_route=\/wp\/v2\/posts\/34815","targetHints":{"allow":["GET"]}}],"collection":[{"href":"https:\/\/radiorevelacionfm.cl\/index.php?rest_route=\/wp\/v2\/posts"}],"about":[{"href":"https:\/\/radiorevelacionfm.cl\/index.php?rest_route=\/wp\/v2\/types\/post"}],"author":[{"embeddable":true,"href":"https:\/\/radiorevelacionfm.cl\/index.php?rest_route=\/wp\/v2\/users\/1"}],"replies":[{"embeddable":true,"href":"https:\/\/radiorevelacionfm.cl\/index.php?rest_route=%2Fwp%2Fv2%2Fcomments&post=34815"}],"version-history":[{"count":1,"href":"https:\/\/radiorevelacionfm.cl\/index.php?rest_route=\/wp\/v2\/posts\/34815\/revisions"}],"predecessor-version":[{"id":34817,"href":"https:\/\/radiorevelacionfm.cl\/index.php?rest_route=\/wp\/v2\/posts\/34815\/revisions\/34817"}],"wp:featuredmedia":[{"embeddable":true,"href":"https:\/\/radiorevelacionfm.cl\/index.php?rest_route=\/wp\/v2\/media\/34816"}],"wp:attachment":[{"href":"https:\/\/radiorevelacionfm.cl\/index.php?rest_route=%2Fwp%2Fv2%2Fmedia&parent=34815"}],"wp:term":[{"taxonomy":"category","embeddable":true,"href":"https:\/\/radiorevelacionfm.cl\/index.php?rest_route=%2Fwp%2Fv2%2Fcategories&post=34815"},{"taxonomy":"post_tag","embeddable":true,"href":"https:\/\/radiorevelacionfm.cl\/index.php?rest_route=%2Fwp%2Fv2%2Ftags&post=34815"}],"curies":[{"name":"wp","href":"https:\/\/api.w.org\/{rel}","templated":true}]}}