{"id":34812,"date":"2023-09-08T19:25:21","date_gmt":"2023-09-08T22:25:21","guid":{"rendered":"https:\/\/radiorevelacionfm.cl\/?p=34812"},"modified":"2023-09-08T19:25:21","modified_gmt":"2023-09-08T22:25:21","slug":"calisto-manifiesta-preocupacion-por-futuro-de-la-urgencia-pediatrica-ante-desvinculacion-de-honorarios-covid","status":"publish","type":"post","link":"https:\/\/radiorevelacionfm.cl\/?p=34812","title":{"rendered":"Calisto manifiesta preocupaci\u00f3n por futuro de la Urgencia Pedi\u00e1trica ante desvinculaci\u00f3n de honorarios covid"},"content":{"rendered":"<div class=\"flex_column av_one_full  flex_column_div av-zero-column-padding first  avia-builder-el-0  el_before_av_one_full  avia-builder-el-first  \" style='border-radius:0px; '><div  class='avia-image-container  av-styling-    avia-builder-el-1  avia-builder-el-no-sibling  avia-align-center '  itemprop=\"image\" itemscope=\"itemscope\" itemtype=\"https:\/\/schema.org\/ImageObject\"  ><div class='avia-image-container-inner'><div class='avia-image-overlay-wrap'><img decoding=\"async\" class='wp-image-34813 avia-img-lazy-loading-not-34813 avia_image' src=\"https:\/\/radiorevelacionfm.cl\/wp-content\/uploads\/2023\/09\/foto-urgencia-pediAtrica-1_optimized.jpg\" alt='' title='foto-urgencia-pedi\u00c1trica-(1)_optimized' height=\"600\" width=\"800\"  itemprop=\"thumbnailUrl\" srcset=\"https:\/\/radiorevelacionfm.cl\/wp-content\/uploads\/2023\/09\/foto-urgencia-pediAtrica-1_optimized.jpg 800w, https:\/\/radiorevelacionfm.cl\/wp-content\/uploads\/2023\/09\/foto-urgencia-pediAtrica-1_optimized-300x225.jpg 300w, https:\/\/radiorevelacionfm.cl\/wp-content\/uploads\/2023\/09\/foto-urgencia-pediAtrica-1_optimized-768x576.jpg 768w, https:\/\/radiorevelacionfm.cl\/wp-content\/uploads\/2023\/09\/foto-urgencia-pediAtrica-1_optimized-705x529.jpg 705w, https:\/\/radiorevelacionfm.cl\/wp-content\/uploads\/2023\/09\/foto-urgencia-pediAtrica-1_optimized-450x338.jpg 450w, https:\/\/radiorevelacionfm.cl\/wp-content\/uploads\/2023\/09\/foto-urgencia-pediAtrica-1_optimized-600x450.jpg 600w\" sizes=\"(max-width: 800px) 100vw, 800px\" \/><\/div><\/div><\/div><\/div><div class=\"flex_column av_one_full  flex_column_div av-zero-column-padding first  avia-builder-el-2  el_after_av_one_full  el_before_av_one_full  column-top-margin\" style='border-radius:0px; '><section class=\"av_textblock_section \"  itemscope=\"itemscope\" itemtype=\"https:\/\/schema.org\/BlogPosting\" itemprop=\"blogPost\" ><div class='avia_textblock  '   itemprop=\"text\" ><p style=\"text-align: center;\"><strong><span style=\"font-size: 18pt;\">Calisto manifiesta preocupaci\u00f3n por futuro de la Urgencia Pedi\u00e1trica ante desvinculaci\u00f3n de honorarios covid<\/span><\/strong><\/p>\n<div id=\"gtx-trans\" style=\"position: absolute; left: -50px; top: 4.31534px;\">\n<div class=\"gtx-trans-icon\"><\/div>\n<\/div>\n<\/div><\/section><\/div><div class=\"flex_column av_one_full  flex_column_div av-zero-column-padding first  avia-builder-el-4  el_after_av_one_full  el_before_av_hr  column-top-margin\" style='border-radius:0px; '><section class=\"av_textblock_section \"  itemscope=\"itemscope\" itemtype=\"https:\/\/schema.org\/BlogPosting\" itemprop=\"blogPost\" ><div class='avia_textblock  '   itemprop=\"text\" ><p style=\"font-weight: 400; text-align: justify;\">Ante la preocupaci\u00f3n que existe por la desvinculaci\u00f3n de los trabajadores que fueron contratados para enfrentar la crisis sanitaria causada por el covid 19, el diputado Miguel \u00c1ngel Calisto se reuni\u00f3 con dirigentes de la Fenpruss y la Fentess, instancia donde adem\u00e1s asegur\u00f3 que esta situaci\u00f3n hace peligrar la continuidad de la Urgencia Pedi\u00e1trica en el Hospital Regional de Ays\u00e9n.<\/p>\n<p style=\"font-weight: 400; text-align: justify;\">Esta unidad comenz\u00f3 a funcionar precisamente durante la pandemia, para resguardar a los ni\u00f1os para que no tengan que ser atendidos junto a los adultos. Sin embargo, seg\u00fan lo planteado por los propios funcionarios, la gran mayor\u00eda de los trabajadores de la Urgencia Pedi\u00e1trica son de los denominados Honorarios Covid.<\/p>\n<p style=\"font-weight: 400; text-align: justify;\">Seg\u00fan el diputado Miguel \u00c1ngel Calisto, \u201cestamos muy preocupados por la situaci\u00f3n que nos afecta en el servicio de salud Ays\u00e9n. Tengo informaci\u00f3n directa del inter\u00e9s que existe por parte de las autoridades de salud de eliminar la urgencia pedi\u00e1trica en la regi\u00f3n de Ays\u00e9n. Esta unidad es muy importante para muchas familias, para los que somos pap\u00e1s que traemos a los ni\u00f1os a atenderse ac\u00e1. Este era el \u00fanico hospital Regional en Chile que no ten\u00eda este tipo de unidad, por lo que no podemos perderla\u201d.<\/p>\n<p style=\"font-weight: 400; text-align: justify;\">\u201cPr\u00e1cticamente la totalidad de los trabajadores de la Urgencia Pedi\u00e1trica, son honorarios Covid. Esta decisi\u00f3n que est\u00e1 tomando el Gobierno es tremendamente preocupante y evidentemente va a afectar la atenci\u00f3n del Servicio de Salud en la regi\u00f3n.\u00a0 Uno de esos ejemplos, es la posibilidad que se cierre esta Urgencia Pedi\u00e1trica\u201d.<\/p>\n<p style=\"font-weight: 400; text-align: justify;\">La presidenta de Fenpruss, Ximena G\u00e1lvez, asegur\u00f3 que \u201ccreemos que es importante hacer la lucha por esta fuerza de trabajo, por estas 425 personas que est\u00e1n apoyando desde el momento del covid. Lo que necesitamos es que ellos se queden. Ellos hoy son parte de una brecha de trabajo, son personas que necesitamos para mantener la calidad y las prestaciones que nosotros entregamos. Llamamos a la comunidad a enterarse del tema. Estas es una problem\u00e1tica a nivel regional, porque no podemos permitirnos perder esta fuerza de trabajo.<\/p>\n<p style=\"font-weight: 400; text-align: justify;\">Finalmente, la representante de Fentess, Minerva Rivera, asegur\u00f3 que \u201cestamos apoyando a los honorarios, porque son 190 personas que quedar\u00e1n sin trabajo, que sacan de la red sin hacer un estudio de carga laboral, tomando decisiones centralistas. Ac\u00e1 somos Zona Extrema, donde s\u00f3lo hay atenci\u00f3n de salud p\u00fablica. Esta desvinculaci\u00f3n afecta a toda la red.<\/p>\n<\/div><\/section><\/div><div  style='height:50px' class='hr hr-invisible   avia-builder-el-6  el_after_av_one_full  el_before_av_social_share '><span class='hr-inner ' ><span class='hr-inner-style'><\/span><\/span><\/div><\/p>\n<div  class='av-social-sharing-box  avia-builder-el-7  el_after_av_hr  el_before_av_hr  '><div class='av-share-box'><h5 class='av-share-link-description av-no-toc '>Compartir esta noticia<\/h5><ul class='av-share-box-list noLightbox'><li class='av-share-link av-social-link-facebook' ><a target=\"_blank\" aria-label=\"Compartir en Facebook\" href='https:\/\/www.facebook.com\/sharer.php?u=https:\/\/radiorevelacionfm.cl\/?p=34812&#038;t=Calisto%20manifiesta%20preocupaci%C3%B3n%20por%20futuro%20de%20la%20Urgencia%20Pedi%C3%A1trica%20ante%20desvinculaci%C3%B3n%20de%20honorarios%20covid' aria-hidden='false' data-av_icon='\ue8f3' data-av_iconfont='entypo-fontello' title='' data-avia-related-tooltip='Compartir en Facebook' rel=\"noopener\"><span class='avia_hidden_link_text'>Compartir en Facebook<\/span><\/a><\/li><li class='av-share-link av-social-link-twitter' ><a target=\"_blank\" aria-label=\"Compartir en Twitter\" href='https:\/\/twitter.com\/share?text=Calisto%20manifiesta%20preocupaci%C3%B3n%20por%20futuro%20de%20la%20Urgencia%20Pedi%C3%A1trica%20ante%20desvinculaci%C3%B3n%20de%20honorarios%20covid&#038;url=https:\/\/radiorevelacionfm.cl\/?p=34812' aria-hidden='false' data-av_icon='\ue8f1' data-av_iconfont='entypo-fontello' title='' data-avia-related-tooltip='Compartir en Twitter' rel=\"noopener\"><span class='avia_hidden_link_text'>Compartir en Twitter<\/span><\/a><\/li><li class='av-share-link av-social-link-whatsapp' ><a target=\"_blank\" aria-label=\"Compartir en Whatsapp\" href='https:\/\/api.whatsapp.com\/send?text=https:\/\/radiorevelacionfm.cl\/?p=34812' aria-hidden='false' data-av_icon='\uf232' data-av_iconfont='entypo-fontello' title='' data-avia-related-tooltip='Compartir en Whatsapp' rel=\"noopener\"><span class='avia_hidden_link_text'>Compartir en Whatsapp<\/span><\/a><\/li><li class='av-share-link av-social-link-linkedin' ><a target=\"_blank\" aria-label=\"Compartir en LinkedIn\" href='https:\/\/linkedin.com\/shareArticle?mini=true&#038;title=Calisto%20manifiesta%20preocupaci%C3%B3n%20por%20futuro%20de%20la%20Urgencia%20Pedi%C3%A1trica%20ante%20desvinculaci%C3%B3n%20de%20honorarios%20covid&#038;url=https:\/\/radiorevelacionfm.cl\/?p=34812' aria-hidden='false' data-av_icon='\ue8fc' data-av_iconfont='entypo-fontello' title='' data-avia-related-tooltip='Compartir en LinkedIn' rel=\"noopener\"><span class='avia_hidden_link_text'>Compartir en LinkedIn<\/span><\/a><\/li><li class='av-share-link av-social-link-mail' ><a  aria-label=\"Compartir por correo\" href='mailto:?subject=Calisto%20manifiesta%20preocupaci%C3%B3n%20por%20futuro%20de%20la%20Urgencia%20Pedi%C3%A1trica%20ante%20desvinculaci%C3%B3n%20de%20honorarios%20covid&#038;body=https:\/\/radiorevelacionfm.cl\/?p=34812' aria-hidden='false' data-av_icon='\ue805' data-av_iconfont='entypo-fontello' title='' data-avia-related-tooltip='Compartir por correo'><span class='avia_hidden_link_text'>Compartir por correo<\/span><\/a><\/li><\/ul><\/div><\/div>\n<div  style='height:50px' class='hr hr-invisible   avia-builder-el-8  el_after_av_social_share  el_before_av_comments_list '><span class='hr-inner ' ><span class='hr-inner-style'><\/span><\/span><\/div>\n<div  class='av-buildercomment  av-blog-meta-html-info-disabled av-blog-meta-tag-disabled  '><\/div>\n","protected":false},"excerpt":{"rendered":"","protected":false},"author":1,"featured_media":34813,"comment_status":"open","ping_status":"open","sticky":false,"template":"","format":"standard","meta":{"footnotes":""},"categories":[35],"tags":[],"class_list":["post-34812","post","type-post","status-publish","format-standard","has-post-thumbnail","hentry","category-politica"],"jetpack_featured_media_url":"https:\/\/radiorevelacionfm.cl\/wp-content\/uploads\/2023\/09\/foto-urgencia-pediAtrica-1_optimized.jpg","_links":{"self":[{"href":"https:\/\/radiorevelacionfm.cl\/index.php?rest_route=\/wp\/v2\/posts\/34812","targetHints":{"allow":["GET"]}}],"collection":[{"href":"https:\/\/radiorevelacionfm.cl\/index.php?rest_route=\/wp\/v2\/posts"}],"about":[{"href":"https:\/\/radiorevelacionfm.cl\/index.php?rest_route=\/wp\/v2\/types\/post"}],"author":[{"embeddable":true,"href":"https:\/\/radiorevelacionfm.cl\/index.php?rest_route=\/wp\/v2\/users\/1"}],"replies":[{"embeddable":true,"href":"https:\/\/radiorevelacionfm.cl\/index.php?rest_route=%2Fwp%2Fv2%2Fcomments&post=34812"}],"version-history":[{"count":1,"href":"https:\/\/radiorevelacionfm.cl\/index.php?rest_route=\/wp\/v2\/posts\/34812\/revisions"}],"predecessor-version":[{"id":34814,"href":"https:\/\/radiorevelacionfm.cl\/index.php?rest_route=\/wp\/v2\/posts\/34812\/revisions\/34814"}],"wp:featuredmedia":[{"embeddable":true,"href":"https:\/\/radiorevelacionfm.cl\/index.php?rest_route=\/wp\/v2\/media\/34813"}],"wp:attachment":[{"href":"https:\/\/radiorevelacionfm.cl\/index.php?rest_route=%2Fwp%2Fv2%2Fmedia&parent=34812"}],"wp:term":[{"taxonomy":"category","embeddable":true,"href":"https:\/\/radiorevelacionfm.cl\/index.php?rest_route=%2Fwp%2Fv2%2Fcategories&post=34812"},{"taxonomy":"post_tag","embeddable":true,"href":"https:\/\/radiorevelacionfm.cl\/index.php?rest_route=%2Fwp%2Fv2%2Ftags&post=34812"}],"curies":[{"name":"wp","href":"https:\/\/api.w.org\/{rel}","templated":true}]}}