{"id":3481,"date":"2021-04-24T23:15:33","date_gmt":"2021-04-25T02:15:33","guid":{"rendered":"https:\/\/radiorevelacionfm.cl\/?p=3481"},"modified":"2021-04-24T23:41:42","modified_gmt":"2021-04-25T02:41:42","slug":"subsecretario-del-medio-ambiente-anuncia-proyectos-ganadores-del-fondo-de-proteccion-ambiental-2021","status":"publish","type":"post","link":"https:\/\/radiorevelacionfm.cl\/?p=3481","title":{"rendered":"Subsecretario del Medio Ambiente anuncia proyectos ganadores del Fondo de Protecci\u00f3n Ambiental 2021"},"content":{"rendered":"<div class=\"flex_column av_one_full  flex_column_div av-zero-column-padding first  avia-builder-el-0  el_before_av_one_full  avia-builder-el-first  \" style='border-radius:0px; '><div  class='avia-image-container  av-styling-    avia-builder-el-1  avia-builder-el-no-sibling  avia-align-center '  itemprop=\"image\" itemscope=\"itemscope\" itemtype=\"https:\/\/schema.org\/ImageObject\"  ><div class='avia-image-container-inner'><div class='avia-image-overlay-wrap'><img decoding=\"async\" class='wp-image-0 avia-img-lazy-loading-not-0 avia_image' src=\"https:\/\/radiorevelacionfm.cl\/wp-content\/uploads\/2021\/04\/Sub-Medio-Ambiente2-1-1.jpg\" alt='' title=''   itemprop=\"thumbnailUrl\"  \/><\/div><\/div><\/div><\/div>\n<div class=\"flex_column av_one_full  flex_column_div av-zero-column-padding first  avia-builder-el-2  el_after_av_one_full  el_before_av_one_full  column-top-margin\" style='border-radius:0px; '><section class=\"av_textblock_section \"  itemscope=\"itemscope\" itemtype=\"https:\/\/schema.org\/BlogPosting\" itemprop=\"blogPost\" ><div class='avia_textblock  '   itemprop=\"text\" ><p style=\"text-align: center;\"><strong><span style=\"font-size: 18pt;\">Subsecretario del Medio Ambiente anuncia proyectos ganadores del Fondo de Protecci\u00f3n Ambiental 2021<\/span><\/strong><\/p>\n<div id=\"gtx-trans\" style=\"position: absolute; left: -50px; top: 4.31534px;\">\n<div class=\"gtx-trans-icon\"><\/div>\n<\/div>\n<\/div><\/section><\/div>\n<div class=\"flex_column av_one_full  flex_column_div av-zero-column-padding first  avia-builder-el-4  el_after_av_one_full  el_before_av_hr  column-top-margin\" style='border-radius:0px; '><section class=\"av_textblock_section \"  itemscope=\"itemscope\" itemtype=\"https:\/\/schema.org\/BlogPosting\" itemprop=\"blogPost\" ><div class='avia_textblock  '   itemprop=\"text\" ><p style=\"text-align: justify;\">Desde la costanera de Puerto Cisnes, y como parte de su gira por la regi\u00f3n de Ays\u00e9n, el Subsecretario del Medio Ambiente, Javier Naranjo, junto a la Seremi del Medio Ambiente, M\u00f3nica Sald\u00edas y el Jefe de Los Fondos de Protecci\u00f3n Ambiental de Ministerio del Medio Ambiente, Agust\u00edn Denegri, anunciaron los proyectos ganadores del Fondo de Protecci\u00f3n Ambiental FPA 2021 \u201cNos encontramos en Puerto Cisnes haciendo el lanzamiento del Fondo de Protecci\u00f3n Ambiental 2021, un gran trabajo que desde el Ministerio del Medio Ambiente hacemos con mucho cari\u00f1o, y en este caso hemos adjudicado a distintos proyectos de la regi\u00f3n y hoy, particularmente en Puerto Cisnes, a tres proyectos de distintas localidades as\u00ed que muy felices de estar en la regi\u00f3n con esta gran noticia\u201d, destac\u00f3 el Subsecretario del Medio Ambiente.<\/p>\n<p style=\"text-align: justify;\">Son 7 los proyectos beneficiados en la regi\u00f3n de Ays\u00e9n, que suman un total de 28 millones de pesos que ir\u00e1n en directo beneficio de iniciativas ambientales de las comunas de Cisnes, Ays\u00e9n, R\u00edo Ib\u00e1\u00f1ez y Coyhaique.<\/p>\n<p style=\"text-align: justify;\">\u201cEs una felicidad, pero tambi\u00e9n una responsabilidad, con nuestro proyecto haremos talleres a nuestra comunidad, sobre todo a ni\u00f1os y j\u00f3venes para concientizar sobre los residuos pl\u00e1sticos en nuestra bah\u00eda, tambi\u00e9n infograf\u00eda para nuestra ciudad y locales comerciales, para promover estos mensajes de conciencia sobre c\u00f3mo reducimos nuestro uso de pl\u00e1sticos\u201d, explic\u00f3 el representante de la Agrupaci\u00f3n Social de Turismo N\u00e1utico y Conservaci\u00f3n Cet\u00e1ceos, Celestino Ancamil, quienes est\u00e1n adjudicando su segundo FPA.<\/p>\n<p style=\"text-align: justify;\">El proyecto presentado por la Agrupaci\u00f3n Social de Turismo N\u00e1utico y Conservaci\u00f3n Cet\u00e1ceos de Puerto Cisnes, bajo el nombre: \u00bfQu\u00e9 lleva y trae la marea? Recolecci\u00f3n, Identificaci\u00f3n y Cuantificaci\u00f3n de los Residuos S\u00f3lidos y Pl\u00e1sticos en la Bah\u00eda de Puerto Cisnes, obtuvo la puntuaci\u00f3n m\u00e1xima en su categor\u00eda y consiste en implementar un programa de educaci\u00f3n ambiental con la comunidad local que incluye jornadas de limpieza de playa con la comunidad y el muestreo de micro-pl\u00e1sticos con los estudiantes. Lo anterior, con la finalidad de motivar y visibilizar el problema de los pl\u00e1sticos en el ecosistema marino en la comunidad local.<\/p>\n<p style=\"text-align: justify;\">El Fondo de Protecci\u00f3n Ambiental FPA, es el primer fondo concursable de car\u00e1cter nacional con que cuenta el Estado de Chile para apoyar iniciativas ambientales presentadas por la ciudadan\u00eda. Seg\u00fan indic\u00f3 la Seremi del Medio Ambiente, M\u00f3nica Sald\u00edas, durante el a\u00f1o 2020 se ejecutaron 9 iniciativas en la Regi\u00f3n de Ays\u00e9n\u00a0\u201clas l\u00edneas de trabajo m\u00e1s recurrentes en nuestra regi\u00f3n, son la habilitaci\u00f3n invernaderos y la de educaci\u00f3n ambiental en recursos naturales y biodiversidad, donde destacamos adem\u00e1s el liderazgo femenino donde m\u00e1s de la mitad de los proyectos FPA corresponden a organizaciones lideradas por mujeres\u201d, detall\u00f3.<\/p>\n<p style=\"text-align: justify;\">Durante la gira, el Subsecretario visit\u00f3 tambi\u00e9n la Agrupaci\u00f3n de Mujeres Campesinas y Emprendedoras de Puerto Ays\u00e9n \u201cLas Maravillas\u201d haciendo entrega del cheque simb\u00f3lico y felicit\u00e1ndolas por la adjudicaci\u00f3n del Fondo FPA que les permitir\u00e1 implementar un invernadero\u00a0\u201cEs una gran alegr\u00eda habernos adjudicado este proyecto, nos incentivaron, lo aceptamos, se propuso, se mejor\u00f3 y somos participes de un trabajo que ser\u00e1 despu\u00e9s educaci\u00f3n para nuestro pueblo. Antes la gente cultivaba y eso se perdi\u00f3 (\u2026)\u00a0 nosotros hemos trabajado en irnos educando, y ahora vamos a sistematizar ese aprendizaje y ens\u00e9\u00f1aselo a la comunidad, es una maravilla\u201d, agradeci\u00f3 la secretaria de la agrupaci\u00f3n, Graciela Mansilla.<\/p>\n<p style=\"text-align: justify;\">Para este 2021, los proyectos ciudadanos ganadores abordar\u00e1n Acci\u00f3n Clim\u00e1tica, mediante la Recolecci\u00f3n, Identificaci\u00f3n y Cuantificaci\u00f3n de los Residuos S\u00f3lidos y Pl\u00e1sticos en la Bah\u00eda de Puerto Cisnes; la implementaci\u00f3n de un Huerto piloto de producci\u00f3n de alm\u00e1cigos y hortalizas, con sistema de captaci\u00f3n de agua lluvia, en Ays\u00e9n; limpieza de playas Fiordos del Parque Nacional Laguna San Rafael; un Punto Verde para la comunidad de La Junta; iniciativas de Invernadero, Compostaje y Educaci\u00f3n Ambiental en la escuela Gabriela Mistral de la comuna de R\u00edo Ib\u00e1\u00f1ez y Colegio Alianza Austral de Coyhaique y, finalmente \u201cLa ruta de la sustentabilidad\u201d del Centro General de Padres y Apoderados de la Escuela Amanda Labarca, que consiste en implementar un sendero interpretativo de 450 metros a lo largo del patio de la escuela de Puerto Ra\u00fal Mar\u00edn Balmaceda, el cual contar\u00e1 con tres estaciones educativas; adem\u00e1s, se implementar\u00e1 un programa de educaci\u00f3n ambiental abierto a toda la comunidad local.<\/p>\n<\/div><\/section><\/div><div  style='height:50px' class='hr hr-invisible   avia-builder-el-6  el_after_av_one_full  el_before_av_social_share '><span class='hr-inner ' ><span class='hr-inner-style'><\/span><\/span><\/div><\/p>\n<div  class='av-social-sharing-box  avia-builder-el-7  el_after_av_hr  el_before_av_hr  '><div class='av-share-box'><h5 class='av-share-link-description av-no-toc '>Compartir esta noticia<\/h5><ul class='av-share-box-list noLightbox'><li class='av-share-link av-social-link-facebook' ><a target=\"_blank\" aria-label=\"Compartir en Facebook\" href='https:\/\/www.facebook.com\/sharer.php?u=https:\/\/radiorevelacionfm.cl\/?p=3481&#038;t=Subsecretario%20del%20Medio%20Ambiente%20anuncia%20proyectos%20ganadores%20del%20Fondo%20de%20Protecci%C3%B3n%20Ambiental%202021' aria-hidden='false' data-av_icon='\ue8f3' data-av_iconfont='entypo-fontello' title='' data-avia-related-tooltip='Compartir en Facebook' rel=\"noopener\"><span class='avia_hidden_link_text'>Compartir en Facebook<\/span><\/a><\/li><li class='av-share-link av-social-link-twitter' ><a target=\"_blank\" aria-label=\"Compartir en Twitter\" href='https:\/\/twitter.com\/share?text=Subsecretario%20del%20Medio%20Ambiente%20anuncia%20proyectos%20ganadores%20del%20Fondo%20de%20Protecci%C3%B3n%20Ambiental%202021&#038;url=https:\/\/radiorevelacionfm.cl\/?p=3481' aria-hidden='false' data-av_icon='\ue8f1' data-av_iconfont='entypo-fontello' title='' data-avia-related-tooltip='Compartir en Twitter' rel=\"noopener\"><span class='avia_hidden_link_text'>Compartir en Twitter<\/span><\/a><\/li><li class='av-share-link av-social-link-whatsapp' ><a target=\"_blank\" aria-label=\"Compartir en Whatsapp\" href='https:\/\/api.whatsapp.com\/send?text=https:\/\/radiorevelacionfm.cl\/?p=3481' aria-hidden='false' data-av_icon='\uf232' data-av_iconfont='entypo-fontello' title='' data-avia-related-tooltip='Compartir en Whatsapp' rel=\"noopener\"><span class='avia_hidden_link_text'>Compartir en Whatsapp<\/span><\/a><\/li><li class='av-share-link av-social-link-linkedin' ><a target=\"_blank\" aria-label=\"Compartir en LinkedIn\" href='https:\/\/linkedin.com\/shareArticle?mini=true&#038;title=Subsecretario%20del%20Medio%20Ambiente%20anuncia%20proyectos%20ganadores%20del%20Fondo%20de%20Protecci%C3%B3n%20Ambiental%202021&#038;url=https:\/\/radiorevelacionfm.cl\/?p=3481' aria-hidden='false' data-av_icon='\ue8fc' data-av_iconfont='entypo-fontello' title='' data-avia-related-tooltip='Compartir en LinkedIn' rel=\"noopener\"><span class='avia_hidden_link_text'>Compartir en LinkedIn<\/span><\/a><\/li><li class='av-share-link av-social-link-mail' ><a  aria-label=\"Compartir por correo\" href='mailto:?subject=Subsecretario%20del%20Medio%20Ambiente%20anuncia%20proyectos%20ganadores%20del%20Fondo%20de%20Protecci%C3%B3n%20Ambiental%202021&#038;body=https:\/\/radiorevelacionfm.cl\/?p=3481' aria-hidden='false' data-av_icon='\ue805' data-av_iconfont='entypo-fontello' title='' data-avia-related-tooltip='Compartir por correo'><span class='avia_hidden_link_text'>Compartir por correo<\/span><\/a><\/li><\/ul><\/div><\/div>\n<div  style='height:50px' class='hr hr-invisible   avia-builder-el-8  el_after_av_social_share  el_before_av_comments_list '><span class='hr-inner ' ><span class='hr-inner-style'><\/span><\/span><\/div>\n<div  class='av-buildercomment  av-blog-meta-html-info-disabled av-blog-meta-tag-disabled  '><\/div>\n","protected":false},"excerpt":{"rendered":"","protected":false},"author":1,"featured_media":0,"comment_status":"open","ping_status":"open","sticky":false,"template":"","format":"standard","meta":{"footnotes":""},"categories":[39],"tags":[],"class_list":["post-3481","post","type-post","status-publish","format-standard","hentry","category-medio-ambiente"],"jetpack_featured_media_url":"","_links":{"self":[{"href":"https:\/\/radiorevelacionfm.cl\/index.php?rest_route=\/wp\/v2\/posts\/3481","targetHints":{"allow":["GET"]}}],"collection":[{"href":"https:\/\/radiorevelacionfm.cl\/index.php?rest_route=\/wp\/v2\/posts"}],"about":[{"href":"https:\/\/radiorevelacionfm.cl\/index.php?rest_route=\/wp\/v2\/types\/post"}],"author":[{"embeddable":true,"href":"https:\/\/radiorevelacionfm.cl\/index.php?rest_route=\/wp\/v2\/users\/1"}],"replies":[{"embeddable":true,"href":"https:\/\/radiorevelacionfm.cl\/index.php?rest_route=%2Fwp%2Fv2%2Fcomments&post=3481"}],"version-history":[{"count":3,"href":"https:\/\/radiorevelacionfm.cl\/index.php?rest_route=\/wp\/v2\/posts\/3481\/revisions"}],"predecessor-version":[{"id":3486,"href":"https:\/\/radiorevelacionfm.cl\/index.php?rest_route=\/wp\/v2\/posts\/3481\/revisions\/3486"}],"wp:attachment":[{"href":"https:\/\/radiorevelacionfm.cl\/index.php?rest_route=%2Fwp%2Fv2%2Fmedia&parent=3481"}],"wp:term":[{"taxonomy":"category","embeddable":true,"href":"https:\/\/radiorevelacionfm.cl\/index.php?rest_route=%2Fwp%2Fv2%2Fcategories&post=3481"},{"taxonomy":"post_tag","embeddable":true,"href":"https:\/\/radiorevelacionfm.cl\/index.php?rest_route=%2Fwp%2Fv2%2Ftags&post=3481"}],"curies":[{"name":"wp","href":"https:\/\/api.w.org\/{rel}","templated":true}]}}