{"id":34809,"date":"2023-09-08T17:41:07","date_gmt":"2023-09-08T20:41:07","guid":{"rendered":"https:\/\/radiorevelacionfm.cl\/?p=34809"},"modified":"2023-09-08T17:41:07","modified_gmt":"2023-09-08T20:41:07","slug":"mujeres-de-aysen-son-reconocidas-en-la-exposicion-fotografica-50-anos-50-mujeres-en-metro-de-santiago","status":"publish","type":"post","link":"https:\/\/radiorevelacionfm.cl\/?p=34809","title":{"rendered":"Mujeres de Ays\u00e9n son reconocidas en la exposici\u00f3n fotogr\u00e1fica \u201c50 a\u00f1os, 50 mujeres\u201d en Metro de Santiago"},"content":{"rendered":"<div class=\"flex_column av_one_full  flex_column_div av-zero-column-padding first  avia-builder-el-0  el_before_av_one_full  avia-builder-el-first  \" style='border-radius:0px; '><div  class='avia-image-container  av-styling-    avia-builder-el-1  avia-builder-el-no-sibling  avia-align-center '  itemprop=\"image\" itemscope=\"itemscope\" itemtype=\"https:\/\/schema.org\/ImageObject\"  ><div class='avia-image-container-inner'><div class='avia-image-overlay-wrap'><img decoding=\"async\" class='wp-image-34810 avia-img-lazy-loading-not-34810 avia_image' src=\"https:\/\/radiorevelacionfm.cl\/wp-content\/uploads\/2023\/09\/img-20230908-wa0007-1_optimized.jpg\" alt='' title='img-20230908-wa0007-(1)_optimized' height=\"600\" width=\"898\"  itemprop=\"thumbnailUrl\" srcset=\"https:\/\/radiorevelacionfm.cl\/wp-content\/uploads\/2023\/09\/img-20230908-wa0007-1_optimized.jpg 898w, https:\/\/radiorevelacionfm.cl\/wp-content\/uploads\/2023\/09\/img-20230908-wa0007-1_optimized-300x200.jpg 300w, https:\/\/radiorevelacionfm.cl\/wp-content\/uploads\/2023\/09\/img-20230908-wa0007-1_optimized-768x513.jpg 768w, https:\/\/radiorevelacionfm.cl\/wp-content\/uploads\/2023\/09\/img-20230908-wa0007-1_optimized-705x471.jpg 705w, https:\/\/radiorevelacionfm.cl\/wp-content\/uploads\/2023\/09\/img-20230908-wa0007-1_optimized-450x301.jpg 450w, https:\/\/radiorevelacionfm.cl\/wp-content\/uploads\/2023\/09\/img-20230908-wa0007-1_optimized-600x401.jpg 600w\" sizes=\"(max-width: 898px) 100vw, 898px\" \/><\/div><\/div><\/div><\/div><div class=\"flex_column av_one_full  flex_column_div av-zero-column-padding first  avia-builder-el-2  el_after_av_one_full  el_before_av_one_full  column-top-margin\" style='border-radius:0px; '><section class=\"av_textblock_section \"  itemscope=\"itemscope\" itemtype=\"https:\/\/schema.org\/BlogPosting\" itemprop=\"blogPost\" ><div class='avia_textblock  '   itemprop=\"text\" ><p style=\"text-align: center;\"><strong><span style=\"font-size: 18pt;\">Mujeres de Ays\u00e9n son reconocidas en la exposici\u00f3n fotogr\u00e1fica \u201c50 a\u00f1os, 50 mujeres\u201d en Metro de Santiago<\/span><\/strong><\/p>\n<div id=\"gtx-trans\" style=\"position: absolute; left: -50px; top: 4.31534px;\">\n<div class=\"gtx-trans-icon\"><\/div>\n<\/div>\n<\/div><\/section><\/div><div class=\"flex_column av_one_full  flex_column_div av-zero-column-padding first  avia-builder-el-4  el_after_av_one_full  el_before_av_hr  column-top-margin\" style='border-radius:0px; '><section class=\"av_textblock_section \"  itemscope=\"itemscope\" itemtype=\"https:\/\/schema.org\/BlogPosting\" itemprop=\"blogPost\" ><div class='avia_textblock  '   itemprop=\"text\" ><p style=\"text-align: justify;\">La iniciativa, que busca reconocer a mujeres que, desde distintos espacios, lucharon por la recuperaci\u00f3n de la democracia y la defensa de los derechos humanos, destaca entre sus homenajeadas, a dos mujeres de Ays\u00e9n.<\/p>\n<p style=\"text-align: justify;\">La seremi de la mujer y la Equidad de G\u00e9nero de Ays\u00e9n, Andrea M\u00e9ndez destac\u00f3 que la exposici\u00f3n que se inaugur\u00f3 esta ma\u00f1ana \u201c50 a\u00f1os, 50 mujeres\u201d y que cont\u00f3 con la presencia de La ministra de la Mujer y la Equidad de G\u00e9nero, Antonia Orellana, junto al ministro de Transportes y Telecomunicaciones, Juan Carlos Mu\u00f1oz; y el presidente de Metro de Santiago, Guillermo Mu\u00f1oz, cuenta con la fotograf\u00eda de dos mujeres que son originarias de la Regi\u00f3n de Ays\u00e9n; Ninon Neira y Mar\u00eda Vera.<\/p>\n<p style=\"text-align: justify;\">Al respecto, la seremi de la Mujer y la Equidad de G\u00e9nero, se\u00f1al\u00f3 \u201cLa muestra ha contado con la presencia de dos destacadas mujeres defensoras de los Derechos Humanos y la Democracia proveniente de nuestra regi\u00f3n. Ambas se han destacado por mantener viva la memoria y la organizaci\u00f3n durante los momentos m\u00e1s duros de la dictadura y han persistido en aquello luego del retorno de la Democracia. Les hemos expresado en diversos espacios nuestro cari\u00f1o, reconocimiento, admiraci\u00f3n y agradecimiento por su ejemplo y por ser fuente de inspiraci\u00f3n para todas las ni\u00f1as y mujeres de nuestra regi\u00f3n.<\/p>\n<p style=\"text-align: justify;\">Ninon Neira, es militante socialista y una de las fundadoras del PPD en la regi\u00f3n, se convirti\u00f3 en destacada defensora de Derechos Humanos, quien, junto a familiares y amigos, lideraron las acciones de apoyo y acci\u00f3n social en favor de detenidos y prisioneros pol\u00edticos desde el inicio de la dictadura c\u00edvico militar. Con el retorno a la democracia, mantuvo sus esfuerzos en la b\u00fasqueda de verdad, justicia, reparaci\u00f3n a las v\u00edctimas y memoria, dedicando su vida a la b\u00fasqueda de justicia y mantenci\u00f3n de la memoria, aportando importantes donaciones de documentos y registros al Museo de la Memoria y los Derechos Humanos.<\/p>\n<p style=\"text-align: justify;\">\u00a0En tanto Mar\u00eda Vera, es hija de Juan Vera Oyarz\u00fan, quien fuera un connotado dirigente de la CUT y Detenido desaparecido a partir del 27 de octubre de 1973. Actualmente preside la Agrupaci\u00f3n de DDHH, cap\u00edtulo Coyhaique, ha sido tenaz y perseverante en la b\u00fasqueda de la verdad, la justicia y la memoria para las v\u00edctimas de violaciones a los DDHH en la regi\u00f3n de Ays\u00e9n y en nuestro pa\u00eds, iniciando personalmente las primeras indagaciones y averiguaciones por el paradero de su padre.<\/p>\n<p style=\"text-align: justify;\">La exposici\u00f3n fotogr\u00e1fica \u201c50 a\u00f1os, 50 mujeres\u201d se puede encontrar en Estaci\u00f3n Plaza de Armas de la l\u00ednea 3, de Santiago,\u00a0 iniciativa que busca honrar y destacar la valiente trayectoria humana, profesional y de lucha de mujeres excepcionales, que desafiaron la dictadura c\u00edvico-militar y contribuyeron significativamente a la construcci\u00f3n de la democracia.<\/p>\n<p style=\"text-align: justify;\">Las mujeres homenajeadas con esta muestra fueron seleccionadas por las distintas autoridades del Ministerio de la Mujer y la Equidad de G\u00e9nero, iniciativa que se suma al archivo digital \u201cTejiendo Memorias\u201d que tambi\u00e9n impulsa el Ministerio, en conjunto con el Archivo Nacional, el cual busca recopilar, visibilizar y resguardar archivos digitales de mujeres, diversidades y disidencias sexogen\u00e9ricas de todo Chile con motivo de la conmemoraci\u00f3n de los 50 a\u00f1os del Golpe c\u00edvico-militar.<\/p>\n<p style=\"text-align: justify;\">\u201cLa muestra 50 a\u00f1os, 50 mujeres es un trabajo que se realiz\u00f3 por meses entre el Ministerio de la Mujer, Metro y el Ministerio de Transportes. En esto tuvieron un rol muy importante nuestras Seremis, en todo el pa\u00eds, porque aqu\u00ed nos encontramos destacadas mujeres de las 16 regiones. Las primeras que se atrevieron a protestar en la Catedral de Arica, las que fundaron la agrupaci\u00f3n de Derechos Humanos en Coyhaique, y as\u00ed. Este es un homenaje y un reconocimiento desde el Ministerio de la Mujer a esas generaciones que nos permitieron hoy recuperar el voto que nos cost\u00f3 tanto conseguir como mujeres y que siguen luchando por verdad, por justicia plena y, sobre todo, para que nunca m\u00e1s se rompa nuestra democracia\u201d, manifest\u00f3 durante el lanzamiento la ministra Antonia Orellana.<\/p>\n<p style=\"text-align: justify;\">\u201cNuestro homenaje a las mujeres que se incorporaron desde el primer d\u00eda en su lucha de resistencia en todos los frentes contra la Dictadura. A las que fuimos secuestradas, encarceladas, torturadas, a las que fueron desaparecidas y asesinadas. A las mujeres sobrevivientes que siguieron luchando por recuperar con vida a sus seres queridos a las que se incorporaron a la lucha de la resistencia antidictatorial. Nuestro homenaje a las mujeres j\u00f3venes y ni\u00f1as que en las marchas estudiantiles dieron lecci\u00f3n de integridad\u201d, se\u00f1al\u00f3 en su discurso Alejandra Holzapfel, que actualmente es presidenta de la Asociaci\u00f3n de Memoria y Derechos Humanos Venda Sexy y que hoy fue destacada en esta exposici\u00f3n.<\/p>\n<p style=\"text-align: justify;\">Esta muestra se mantendr\u00e1 en la estaci\u00f3n Plaza de Armas, acceso l\u00ednea 3 y su archivo digital ser\u00e1 donado al Archivo Nacional. Las mujeres homenajeadas son de todas las regiones del pa\u00eds. Para conocer las biograf\u00edas de estas mujeres destacadas se debe ingresar al sitio web 50.cl<\/p>\n<\/div><\/section><\/div><div  style='height:50px' class='hr hr-invisible   avia-builder-el-6  el_after_av_one_full  el_before_av_social_share '><span class='hr-inner ' ><span class='hr-inner-style'><\/span><\/span><\/div><\/p>\n<div  class='av-social-sharing-box  avia-builder-el-7  el_after_av_hr  el_before_av_hr  '><div class='av-share-box'><h5 class='av-share-link-description av-no-toc '>Compartir esta noticia<\/h5><ul class='av-share-box-list noLightbox'><li class='av-share-link av-social-link-facebook' ><a target=\"_blank\" aria-label=\"Compartir en Facebook\" href='https:\/\/www.facebook.com\/sharer.php?u=https:\/\/radiorevelacionfm.cl\/?p=34809&#038;t=Mujeres%20de%20Ays%C3%A9n%20son%20reconocidas%20en%20la%20exposici%C3%B3n%20fotogr%C3%A1fica%20%E2%80%9C50%20a%C3%B1os%2C%2050%20mujeres%E2%80%9D%20en%20Metro%20de%20Santiago' aria-hidden='false' data-av_icon='\ue8f3' data-av_iconfont='entypo-fontello' title='' data-avia-related-tooltip='Compartir en Facebook' rel=\"noopener\"><span class='avia_hidden_link_text'>Compartir en Facebook<\/span><\/a><\/li><li class='av-share-link av-social-link-twitter' ><a target=\"_blank\" aria-label=\"Compartir en Twitter\" href='https:\/\/twitter.com\/share?text=Mujeres%20de%20Ays%C3%A9n%20son%20reconocidas%20en%20la%20exposici%C3%B3n%20fotogr%C3%A1fica%20%E2%80%9C50%20a%C3%B1os%2C%2050%20mujeres%E2%80%9D%20en%20Metro%20de%20Santiago&#038;url=https:\/\/radiorevelacionfm.cl\/?p=34809' aria-hidden='false' data-av_icon='\ue8f1' data-av_iconfont='entypo-fontello' title='' data-avia-related-tooltip='Compartir en Twitter' rel=\"noopener\"><span class='avia_hidden_link_text'>Compartir en Twitter<\/span><\/a><\/li><li class='av-share-link av-social-link-whatsapp' ><a target=\"_blank\" aria-label=\"Compartir en Whatsapp\" href='https:\/\/api.whatsapp.com\/send?text=https:\/\/radiorevelacionfm.cl\/?p=34809' aria-hidden='false' data-av_icon='\uf232' data-av_iconfont='entypo-fontello' title='' data-avia-related-tooltip='Compartir en Whatsapp' rel=\"noopener\"><span class='avia_hidden_link_text'>Compartir en Whatsapp<\/span><\/a><\/li><li class='av-share-link av-social-link-linkedin' ><a target=\"_blank\" aria-label=\"Compartir en LinkedIn\" href='https:\/\/linkedin.com\/shareArticle?mini=true&#038;title=Mujeres%20de%20Ays%C3%A9n%20son%20reconocidas%20en%20la%20exposici%C3%B3n%20fotogr%C3%A1fica%20%E2%80%9C50%20a%C3%B1os%2C%2050%20mujeres%E2%80%9D%20en%20Metro%20de%20Santiago&#038;url=https:\/\/radiorevelacionfm.cl\/?p=34809' aria-hidden='false' data-av_icon='\ue8fc' data-av_iconfont='entypo-fontello' title='' data-avia-related-tooltip='Compartir en LinkedIn' rel=\"noopener\"><span class='avia_hidden_link_text'>Compartir en LinkedIn<\/span><\/a><\/li><li class='av-share-link av-social-link-mail' ><a  aria-label=\"Compartir por correo\" href='mailto:?subject=Mujeres%20de%20Ays%C3%A9n%20son%20reconocidas%20en%20la%20exposici%C3%B3n%20fotogr%C3%A1fica%20%E2%80%9C50%20a%C3%B1os%2C%2050%20mujeres%E2%80%9D%20en%20Metro%20de%20Santiago&#038;body=https:\/\/radiorevelacionfm.cl\/?p=34809' aria-hidden='false' data-av_icon='\ue805' data-av_iconfont='entypo-fontello' title='' data-avia-related-tooltip='Compartir por correo'><span class='avia_hidden_link_text'>Compartir por correo<\/span><\/a><\/li><\/ul><\/div><\/div>\n<div  style='height:50px' class='hr hr-invisible   avia-builder-el-8  el_after_av_social_share  el_before_av_comments_list '><span class='hr-inner ' ><span class='hr-inner-style'><\/span><\/span><\/div>\n<div  class='av-buildercomment  av-blog-meta-html-info-disabled av-blog-meta-tag-disabled  '><\/div>\n","protected":false},"excerpt":{"rendered":"","protected":false},"author":1,"featured_media":34810,"comment_status":"open","ping_status":"open","sticky":false,"template":"","format":"standard","meta":{"footnotes":""},"categories":[52],"tags":[],"class_list":["post-34809","post","type-post","status-publish","format-standard","has-post-thumbnail","hentry","category-cultura"],"jetpack_featured_media_url":"https:\/\/radiorevelacionfm.cl\/wp-content\/uploads\/2023\/09\/img-20230908-wa0007-1_optimized.jpg","_links":{"self":[{"href":"https:\/\/radiorevelacionfm.cl\/index.php?rest_route=\/wp\/v2\/posts\/34809","targetHints":{"allow":["GET"]}}],"collection":[{"href":"https:\/\/radiorevelacionfm.cl\/index.php?rest_route=\/wp\/v2\/posts"}],"about":[{"href":"https:\/\/radiorevelacionfm.cl\/index.php?rest_route=\/wp\/v2\/types\/post"}],"author":[{"embeddable":true,"href":"https:\/\/radiorevelacionfm.cl\/index.php?rest_route=\/wp\/v2\/users\/1"}],"replies":[{"embeddable":true,"href":"https:\/\/radiorevelacionfm.cl\/index.php?rest_route=%2Fwp%2Fv2%2Fcomments&post=34809"}],"version-history":[{"count":1,"href":"https:\/\/radiorevelacionfm.cl\/index.php?rest_route=\/wp\/v2\/posts\/34809\/revisions"}],"predecessor-version":[{"id":34811,"href":"https:\/\/radiorevelacionfm.cl\/index.php?rest_route=\/wp\/v2\/posts\/34809\/revisions\/34811"}],"wp:featuredmedia":[{"embeddable":true,"href":"https:\/\/radiorevelacionfm.cl\/index.php?rest_route=\/wp\/v2\/media\/34810"}],"wp:attachment":[{"href":"https:\/\/radiorevelacionfm.cl\/index.php?rest_route=%2Fwp%2Fv2%2Fmedia&parent=34809"}],"wp:term":[{"taxonomy":"category","embeddable":true,"href":"https:\/\/radiorevelacionfm.cl\/index.php?rest_route=%2Fwp%2Fv2%2Fcategories&post=34809"},{"taxonomy":"post_tag","embeddable":true,"href":"https:\/\/radiorevelacionfm.cl\/index.php?rest_route=%2Fwp%2Fv2%2Ftags&post=34809"}],"curies":[{"name":"wp","href":"https:\/\/api.w.org\/{rel}","templated":true}]}}