{"id":34806,"date":"2023-09-11T12:30:21","date_gmt":"2023-09-11T15:30:21","guid":{"rendered":"https:\/\/radiorevelacionfm.cl\/?p=34806"},"modified":"2023-09-11T12:30:21","modified_gmt":"2023-09-11T15:30:21","slug":"trabajo-intersectorial-coordina-acciones-para-enfrentar-el-fenomeno-de-el-nino-reforzando-medidas-que-debera-adoptar-la-industria-acuicola-ante-posibles-floraciones-algales-nocivas","status":"publish","type":"post","link":"https:\/\/radiorevelacionfm.cl\/?p=34806","title":{"rendered":"Trabajo intersectorial coordina acciones para enfrentar el fen\u00f3meno de El Ni\u00f1o reforzando medidas que deber\u00e1 adoptar la industria acu\u00edcola ante posibles Floraciones Algales Nocivas"},"content":{"rendered":"<div class=\"flex_column av_one_full  flex_column_div av-zero-column-padding first  avia-builder-el-0  el_before_av_one_full  avia-builder-el-first  \" style='border-radius:0px; '><div  class='avia-image-container  av-styling-    avia-builder-el-1  avia-builder-el-no-sibling  avia-align-center '  itemprop=\"image\" itemscope=\"itemscope\" itemtype=\"https:\/\/schema.org\/ImageObject\"  ><div class='avia-image-container-inner'><div class='avia-image-overlay-wrap'><img decoding=\"async\" class='wp-image-34807 avia-img-lazy-loading-not-34807 avia_image' src=\"https:\/\/radiorevelacionfm.cl\/wp-content\/uploads\/2023\/09\/img_5366-1_optimized.jpg\" alt='' title='img_5366-(1)_optimized' height=\"600\" width=\"900\"  itemprop=\"thumbnailUrl\" srcset=\"https:\/\/radiorevelacionfm.cl\/wp-content\/uploads\/2023\/09\/img_5366-1_optimized.jpg 900w, https:\/\/radiorevelacionfm.cl\/wp-content\/uploads\/2023\/09\/img_5366-1_optimized-300x200.jpg 300w, https:\/\/radiorevelacionfm.cl\/wp-content\/uploads\/2023\/09\/img_5366-1_optimized-768x512.jpg 768w, https:\/\/radiorevelacionfm.cl\/wp-content\/uploads\/2023\/09\/img_5366-1_optimized-705x470.jpg 705w, https:\/\/radiorevelacionfm.cl\/wp-content\/uploads\/2023\/09\/img_5366-1_optimized-450x300.jpg 450w, https:\/\/radiorevelacionfm.cl\/wp-content\/uploads\/2023\/09\/img_5366-1_optimized-600x400.jpg 600w\" sizes=\"(max-width: 900px) 100vw, 900px\" \/><\/div><\/div><\/div><\/div><div class=\"flex_column av_one_full  flex_column_div av-zero-column-padding first  avia-builder-el-2  el_after_av_one_full  el_before_av_one_full  column-top-margin\" style='border-radius:0px; '><section class=\"av_textblock_section \"  itemscope=\"itemscope\" itemtype=\"https:\/\/schema.org\/BlogPosting\" itemprop=\"blogPost\" ><div class='avia_textblock  '   itemprop=\"text\" ><p style=\"text-align: center;\"><strong><span style=\"font-size: 18pt;\">Trabajo intersectorial coordina acciones para enfrentar el fen\u00f3meno de El Ni\u00f1o reforzando medidas que deber\u00e1 adoptar la industria acu\u00edcola ante posibles Floraciones Algales Nocivas<\/span><\/strong><\/p>\n<div id=\"gtx-trans\" style=\"position: absolute; left: -50px; top: 4.31534px;\">\n<div class=\"gtx-trans-icon\"><\/div>\n<\/div>\n<\/div><\/section><\/div><div class=\"flex_column av_one_full  flex_column_div av-zero-column-padding first  avia-builder-el-4  el_after_av_one_full  el_before_av_hr  column-top-margin\" style='border-radius:0px; '><section class=\"av_textblock_section \"  itemscope=\"itemscope\" itemtype=\"https:\/\/schema.org\/BlogPosting\" itemprop=\"blogPost\" ><div class='avia_textblock  '   itemprop=\"text\" ><p style=\"text-align: justify;\">Despu\u00e9s de una serie de actividades de coordinaci\u00f3n internas entre diferentes organismos gubernamentales que conforman el Comit\u00e9 Interinstitucional de Contingencias Ambientales (CIICA) y la colaboraci\u00f3n de investigadores cient\u00edficos del IFOP para realizar un trabajo conjunto y establecer medidas anticipadas para enfrentar posibles eventos de Floraciones Algales Nocivas (FAN) producto del fen\u00f3meno del Ni\u00f1o, es que se ha establecido un plan de trabajo de coordinaci\u00f3n con la industria salmonicultora, adem\u00e1s de mejorar los procedimientos internos.<\/p>\n<p style=\"text-align: justify;\">A ra\u00edz de este trabajo coordinado y con el fin de que la industria acu\u00edcola tambi\u00e9n se anticipe a estos eventos y est\u00e9n preparados para enfrentar posibles mortalidades masivas ocasionadas por FAN, es que hemos realizado en la regi\u00f3n de Los Lagos el primer Seminario: \u00abPrepar\u00e1ndonos para enfrentar eventuales contingencias ambientales ante el fen\u00f3meno de El Ni\u00f1o 2023-2024.<\/p>\n<p style=\"text-align: justify;\">M\u00f3nica Rojas, Subdirectora de Acuicultura de Sernapesca indic\u00f3 que, \u201ces importante mencionar que, de acuerdo con la normativa vigente, las empresas acu\u00edcolas est\u00e1n obligadas a garantizar un adecuado manejo de la mortalidad en sus centros de cultivo en caso de mortalidades masivas. Adem\u00e1s, deben notificar de inmediato a Sernapesca y activar los respectivos planes de contingencia. Sernapesca supervisa rigurosamente el cumplimiento de estas regulaciones, lo que es esencial para proteger los ecosistemas marinos y la sostenibilidad de la industria.\u201d<\/p>\n<p style=\"text-align: justify;\">En la actividad, participaron representantes de las diferentes instituciones que conforman el Comit\u00e9 Interinstitucional de Contingencias Ambientales (CIICA) regional y nacional, que incluyen al Ministerio de Salud, el Ministerio de Medio Ambiente (MMA), la Superintendencia de Medio Ambiente (SMA), la Subsecretar\u00eda de Pesca (Subpesca), DIRECTEMAR y el Servicio Nacional de Pesca y Acuicultura, con la participaci\u00f3n de SENAPRED, Instituto de Fomento Pesquero (IFOP) y Ministerio del Interior, adem\u00e1s de representantes de la industria acu\u00edcola.<\/p>\n<p style=\"text-align: justify;\">Este taller se enfoc\u00f3 principalmente en el trabajo de coordinaci\u00f3n para fortalecer el rol interinstitucional y el cumplimiento ante estos eventos por parte de la industria salmonicultora, pues la idea es adelantarse a los posibles acontecimientos que se puedan presentar durante el verano debido al fen\u00f3meno de El Ni\u00f1o, como mortalidades masivas de peces producto de la falta de ox\u00edgeno que provocan las floraciones algales nocivas.<\/p>\n<p style=\"font-weight: 400; text-align: justify;\">En tanto, la Delegada Presidencial Regional, Giovanna Moreira, destac\u00f3 la iniciativa, \u00abenfrentar el fen\u00f3meno del Ni\u00f1o y sus consecuencias es una preocupaci\u00f3n de todas las instituciones del Estado vinculadas, principalmente a las emergencias ambientales. Por lo tanto, destacamos este tipo de iniciativas, que adem\u00e1s incorporan al sector privado para elaborar planes de acci\u00f3n frente a posibles floraciones algales nocivas. Seguiremos trabajando en esta l\u00ednea con acciones pertinentes desde el territorio para proteger los ecosistemas en nuestra regi\u00f3n\u00bb.<\/p>\n<p style=\"text-align: justify;\">Es importante destacar que El Ni\u00f1o es parte de un ciclo natural que se caracteriza por generar calentamiento en las aguas superficiales del oc\u00e9ano Pac\u00edfico; cambios clim\u00e1ticos como consecuencia del calentamiento del oc\u00e9ano que pueden tener una serie de efectos clim\u00e1ticos en todo el mundo, como generar lluvias intensas en zonas que son secas o sequ\u00edas en zonas de mayor humedad; impacto en ecosistemas marinos por el aumento de la temperatura del agua, entre otros efectos. Es relevante se\u00f1alar adem\u00e1s que, hasta la fecha, se ha podido determinar un aumento significativo en las temperaturas de todo el planeta, lo que puede agudizar contingencias ambientales.<\/p>\n<p style=\"text-align: justify;\">Oscar Espinoza, Jefe del Centro de Estudios de Algas Nocivas del Instituto de Fomento Pesquero (IFOP), record\u00f3 lo ocurrido durante el \u00faltimo a\u00f1o en que se present\u00f3 \u00e9ste fen\u00f3meno, \u201chemos tenido casos, como el del 2016, asociado a un evento extremo del Ni\u00f1o, donde tuvimos las mayores mortalidades en la industria salmonera derivado de microalgas nocivas, en ese caso de\u00a0<em>pseudochattonella<\/em>, por lo tanto, se puede prever de que las condiciones para este verano en un evento del Ni\u00f1o traigan como consecuencias cambios en estas microalgas con la presencia de alguna que pueda generar alg\u00fan da\u00f1o\u201d.<\/p>\n<p style=\"text-align: justify;\">Este seminario se replicar\u00e1 en las regiones de Ays\u00e9n y Magallanes, debido a la alta presencia de empresas acu\u00edcolas en la zona sur austral del pa\u00eds, para que adopten y refuercen sus medidas preventivas y de respuesta ante estos eventos.<\/p>\n<\/div><\/section><\/div><div  style='height:50px' class='hr hr-invisible   avia-builder-el-6  el_after_av_one_full  el_before_av_social_share '><span class='hr-inner ' ><span class='hr-inner-style'><\/span><\/span><\/div><\/p>\n<div  class='av-social-sharing-box  avia-builder-el-7  el_after_av_hr  el_before_av_hr  '><div class='av-share-box'><h5 class='av-share-link-description av-no-toc '>Compartir esta noticia<\/h5><ul class='av-share-box-list noLightbox'><li class='av-share-link av-social-link-facebook' ><a target=\"_blank\" aria-label=\"Compartir en Facebook\" href='https:\/\/www.facebook.com\/sharer.php?u=https:\/\/radiorevelacionfm.cl\/?p=34806&#038;t=Trabajo%20intersectorial%20coordina%20acciones%20para%20enfrentar%20el%20fen%C3%B3meno%20de%20El%20Ni%C3%B1o%20reforzando%20medidas%20que%20deber%C3%A1%20adoptar%20la%20industria%20acu%C3%ADcola%20ante%20posibles%20Floraciones%20Algales%20Nocivas' aria-hidden='false' data-av_icon='\ue8f3' data-av_iconfont='entypo-fontello' title='' data-avia-related-tooltip='Compartir en Facebook' rel=\"noopener\"><span class='avia_hidden_link_text'>Compartir en Facebook<\/span><\/a><\/li><li class='av-share-link av-social-link-twitter' ><a target=\"_blank\" aria-label=\"Compartir en Twitter\" href='https:\/\/twitter.com\/share?text=Trabajo%20intersectorial%20coordina%20acciones%20para%20enfrentar%20el%20fen%C3%B3meno%20de%20El%20Ni%C3%B1o%20reforzando%20medidas%20que%20deber%C3%A1%20adoptar%20la%20industria%20acu%C3%ADcola%20ante%20posibles%20Floraciones%20Algales%20Nocivas&#038;url=https:\/\/radiorevelacionfm.cl\/?p=34806' aria-hidden='false' data-av_icon='\ue8f1' data-av_iconfont='entypo-fontello' title='' data-avia-related-tooltip='Compartir en Twitter' rel=\"noopener\"><span class='avia_hidden_link_text'>Compartir en Twitter<\/span><\/a><\/li><li class='av-share-link av-social-link-whatsapp' ><a target=\"_blank\" aria-label=\"Compartir en Whatsapp\" href='https:\/\/api.whatsapp.com\/send?text=https:\/\/radiorevelacionfm.cl\/?p=34806' aria-hidden='false' data-av_icon='\uf232' data-av_iconfont='entypo-fontello' title='' data-avia-related-tooltip='Compartir en Whatsapp' rel=\"noopener\"><span class='avia_hidden_link_text'>Compartir en Whatsapp<\/span><\/a><\/li><li class='av-share-link av-social-link-linkedin' ><a target=\"_blank\" aria-label=\"Compartir en LinkedIn\" href='https:\/\/linkedin.com\/shareArticle?mini=true&#038;title=Trabajo%20intersectorial%20coordina%20acciones%20para%20enfrentar%20el%20fen%C3%B3meno%20de%20El%20Ni%C3%B1o%20reforzando%20medidas%20que%20deber%C3%A1%20adoptar%20la%20industria%20acu%C3%ADcola%20ante%20posibles%20Floraciones%20Algales%20Nocivas&#038;url=https:\/\/radiorevelacionfm.cl\/?p=34806' aria-hidden='false' data-av_icon='\ue8fc' data-av_iconfont='entypo-fontello' title='' data-avia-related-tooltip='Compartir en LinkedIn' rel=\"noopener\"><span class='avia_hidden_link_text'>Compartir en LinkedIn<\/span><\/a><\/li><li class='av-share-link av-social-link-mail' ><a  aria-label=\"Compartir por correo\" href='mailto:?subject=Trabajo%20intersectorial%20coordina%20acciones%20para%20enfrentar%20el%20fen%C3%B3meno%20de%20El%20Ni%C3%B1o%20reforzando%20medidas%20que%20deber%C3%A1%20adoptar%20la%20industria%20acu%C3%ADcola%20ante%20posibles%20Floraciones%20Algales%20Nocivas&#038;body=https:\/\/radiorevelacionfm.cl\/?p=34806' aria-hidden='false' data-av_icon='\ue805' data-av_iconfont='entypo-fontello' title='' data-avia-related-tooltip='Compartir por correo'><span class='avia_hidden_link_text'>Compartir por correo<\/span><\/a><\/li><\/ul><\/div><\/div>\n<div  style='height:50px' class='hr hr-invisible   avia-builder-el-8  el_after_av_social_share  el_before_av_comments_list '><span class='hr-inner ' ><span class='hr-inner-style'><\/span><\/span><\/div>\n<div  class='av-buildercomment  av-blog-meta-html-info-disabled av-blog-meta-tag-disabled  '><\/div>\n","protected":false},"excerpt":{"rendered":"","protected":false},"author":1,"featured_media":34807,"comment_status":"open","ping_status":"open","sticky":false,"template":"","format":"standard","meta":{"footnotes":""},"categories":[60],"tags":[],"class_list":["post-34806","post","type-post","status-publish","format-standard","has-post-thumbnail","hentry","category-pesca"],"jetpack_featured_media_url":"https:\/\/radiorevelacionfm.cl\/wp-content\/uploads\/2023\/09\/img_5366-1_optimized.jpg","_links":{"self":[{"href":"https:\/\/radiorevelacionfm.cl\/index.php?rest_route=\/wp\/v2\/posts\/34806","targetHints":{"allow":["GET"]}}],"collection":[{"href":"https:\/\/radiorevelacionfm.cl\/index.php?rest_route=\/wp\/v2\/posts"}],"about":[{"href":"https:\/\/radiorevelacionfm.cl\/index.php?rest_route=\/wp\/v2\/types\/post"}],"author":[{"embeddable":true,"href":"https:\/\/radiorevelacionfm.cl\/index.php?rest_route=\/wp\/v2\/users\/1"}],"replies":[{"embeddable":true,"href":"https:\/\/radiorevelacionfm.cl\/index.php?rest_route=%2Fwp%2Fv2%2Fcomments&post=34806"}],"version-history":[{"count":1,"href":"https:\/\/radiorevelacionfm.cl\/index.php?rest_route=\/wp\/v2\/posts\/34806\/revisions"}],"predecessor-version":[{"id":34808,"href":"https:\/\/radiorevelacionfm.cl\/index.php?rest_route=\/wp\/v2\/posts\/34806\/revisions\/34808"}],"wp:featuredmedia":[{"embeddable":true,"href":"https:\/\/radiorevelacionfm.cl\/index.php?rest_route=\/wp\/v2\/media\/34807"}],"wp:attachment":[{"href":"https:\/\/radiorevelacionfm.cl\/index.php?rest_route=%2Fwp%2Fv2%2Fmedia&parent=34806"}],"wp:term":[{"taxonomy":"category","embeddable":true,"href":"https:\/\/radiorevelacionfm.cl\/index.php?rest_route=%2Fwp%2Fv2%2Fcategories&post=34806"},{"taxonomy":"post_tag","embeddable":true,"href":"https:\/\/radiorevelacionfm.cl\/index.php?rest_route=%2Fwp%2Fv2%2Ftags&post=34806"}],"curies":[{"name":"wp","href":"https:\/\/api.w.org\/{rel}","templated":true}]}}