{"id":34802,"date":"2023-09-08T16:34:31","date_gmt":"2023-09-08T19:34:31","guid":{"rendered":"https:\/\/radiorevelacionfm.cl\/?p=34802"},"modified":"2023-09-08T16:34:31","modified_gmt":"2023-09-08T19:34:31","slug":"en-la-region-de-aysen-1200-personas-cuentan-con-empleos-mediante-ejecucion-de-62-iniciativas-del-mop","status":"publish","type":"post","link":"https:\/\/radiorevelacionfm.cl\/?p=34802","title":{"rendered":"En la regi\u00f3n de Ays\u00e9n 1200 personas cuentan con empleos mediante ejecuci\u00f3n de 62 iniciativas del MOP"},"content":{"rendered":"<div class=\"flex_column av_one_full  flex_column_div av-zero-column-padding first  avia-builder-el-0  el_before_av_one_full  avia-builder-el-first  \" style='border-radius:0px; '><div  class='avia-image-container  av-styling-    avia-builder-el-1  avia-builder-el-no-sibling  avia-align-center '  itemprop=\"image\" itemscope=\"itemscope\" itemtype=\"https:\/\/schema.org\/ImageObject\"  ><div class='avia-image-container-inner'><div class='avia-image-overlay-wrap'><img decoding=\"async\" class='wp-image-34803 avia-img-lazy-loading-not-34803 avia_image' src=\"https:\/\/radiorevelacionfm.cl\/wp-content\/uploads\/2023\/09\/empleo-1-1_optimized-1.jpg\" alt='' title='empleo-1-(1)_optimized (1)' height=\"600\" width=\"989\"  itemprop=\"thumbnailUrl\" srcset=\"https:\/\/radiorevelacionfm.cl\/wp-content\/uploads\/2023\/09\/empleo-1-1_optimized-1.jpg 989w, https:\/\/radiorevelacionfm.cl\/wp-content\/uploads\/2023\/09\/empleo-1-1_optimized-1-300x182.jpg 300w, https:\/\/radiorevelacionfm.cl\/wp-content\/uploads\/2023\/09\/empleo-1-1_optimized-1-768x466.jpg 768w, https:\/\/radiorevelacionfm.cl\/wp-content\/uploads\/2023\/09\/empleo-1-1_optimized-1-705x428.jpg 705w, https:\/\/radiorevelacionfm.cl\/wp-content\/uploads\/2023\/09\/empleo-1-1_optimized-1-450x273.jpg 450w, https:\/\/radiorevelacionfm.cl\/wp-content\/uploads\/2023\/09\/empleo-1-1_optimized-1-600x364.jpg 600w\" sizes=\"(max-width: 989px) 100vw, 989px\" \/><\/div><\/div><\/div><\/div><div class=\"flex_column av_one_full  flex_column_div av-zero-column-padding first  avia-builder-el-2  el_after_av_one_full  el_before_av_one_full  column-top-margin\" style='border-radius:0px; '><section class=\"av_textblock_section \"  itemscope=\"itemscope\" itemtype=\"https:\/\/schema.org\/BlogPosting\" itemprop=\"blogPost\" ><div class='avia_textblock  '   itemprop=\"text\" ><p style=\"text-align: center;\"><strong><span style=\"font-size: 18pt;\">En la regi\u00f3n de Ays\u00e9n 1200 personas cuentan con empleos mediante ejecuci\u00f3n de 62 iniciativas del MOP <\/span><\/strong><\/p>\n<div id=\"gtx-trans\" style=\"position: absolute; left: -50px; top: 4.31534px;\">\n<div class=\"gtx-trans-icon\"><\/div>\n<\/div>\n<\/div><\/section><\/div><div class=\"flex_column av_one_full  flex_column_div av-zero-column-padding first  avia-builder-el-4  el_after_av_one_full  el_before_av_hr  column-top-margin\" style='border-radius:0px; '><section class=\"av_textblock_section \"  itemscope=\"itemscope\" itemtype=\"https:\/\/schema.org\/BlogPosting\" itemprop=\"blogPost\" ><div class='avia_textblock  '   itemprop=\"text\" ><p style=\"text-align: justify;\"><em>Con 46 mil millones de inversi\u00f3n, Ays\u00e9n muestra una de las mejores ejecuciones presupuestaria del pa\u00eds. <\/em><\/p>\n<p style=\"text-align: justify;\">El Secretario Regional Ministerial de Obras P\u00fablicas Patricio Sanhueza Ulloa, en el marco de reuni\u00f3n con equipo de Directores Regionales MOP inform\u00f3 esta ma\u00f1ana que actualmente son 1200 personas las que cuentan con empleo en la regi\u00f3n de Ays\u00e9n a trav\u00e9s de obras, dise\u00f1os, estudios y asesor\u00edas que el Ministerio de Obras P\u00fablicas mediante sus Direcciones Regionales de Aeropuertos, Aguas, Obras Hidr\u00e1ulicas, Vialidad, Obras Portuarias y Arquitectura se encuentra materializando en toda la regi\u00f3n de Ays\u00e9n.<\/p>\n<p style=\"text-align: justify;\">Al respecto, Patricio Sanhueza expres\u00f3 \u201ccomo Ministerio de Obras P\u00fablicas los avances que llevamos al mes de septiembre de este a\u00f1o, nos ubican dentro de las primeras dos regiones con mejor ejecuci\u00f3n presupuestaria, lo que se traduce en $ 46 mil millones que ya han sido ejecutados, equivalentes a un 57% del total de la inversi\u00f3n, con la materializaci\u00f3n de 62 iniciativas distribuidas en todo el territorio regional, y en todas las comunas de la regi\u00f3n. Con ellas acercamos personas, \u00a0mejoramos espacios p\u00fablicos en donde regularmente se realizan tr\u00e1mites y\/o se atiende su salud; en donde estamos avanzando con hospitales, con el edificio de Aduanas, conservar infraestructura aeroportuaria, portuaria y de vialidad, pero esto adem\u00e1s significa 1200 puestos de trabajo, y 1200 familias que hay atr\u00e1s de esto. Esta cantidad de empleos esperamos aumentarla sustancialmente en los pr\u00f3ximos meses, por cuanto estamos avanzando ardua y decididamente en diversos procesos de licitaci\u00f3n que esperamos culminen con \u00e9xito, en especial en contratos de m\u00e1s largo aliento y que dan trabajo de calidad y permanente en el tiempo. Como gobierno de Gabriel Boric queremos continuar en la senda trazada por nuestro presidente y como \u00e9l ha se\u00f1alado no importa d\u00f3nde vivamos -ya sea un pueblo, una peque\u00f1a aldea o en cualquier lugar- porque queremos llegar con la obra p\u00fablica, con infraestructura hasta esos lugares, con las naves que hemos anunciado hace algunos d\u00edas atr\u00e1s, para poder llegar a los sectores m\u00e1s aisladas de nuestro territorio, tanto con la obra p\u00fablica como con la inversi\u00f3n\u201d.<\/p>\n<p style=\"text-align: justify;\">Por su parte, el Secretario Regional Ministerial de Econom\u00eda, Fomento y Turismo Felipe Rojas Pizarro relev\u00f3 \u201cla inversi\u00f3n p\u00fablica en el territorio, permite habilitar m\u00e1s oportunidades para las familias y sus comunidades, contribuyendo al desarrollo y a la generaci\u00f3n de nuevas oportunidades para el emprendimiento y la inversi\u00f3n privada\u201d.<\/p>\n<\/div><\/section><\/div><div  style='height:50px' class='hr hr-invisible   avia-builder-el-6  el_after_av_one_full  el_before_av_social_share '><span class='hr-inner ' ><span class='hr-inner-style'><\/span><\/span><\/div><\/p>\n<div  class='av-social-sharing-box  avia-builder-el-7  el_after_av_hr  el_before_av_hr  '><div class='av-share-box'><h5 class='av-share-link-description av-no-toc '>Compartir esta noticia<\/h5><ul class='av-share-box-list noLightbox'><li class='av-share-link av-social-link-facebook' ><a target=\"_blank\" aria-label=\"Compartir en Facebook\" href='https:\/\/www.facebook.com\/sharer.php?u=https:\/\/radiorevelacionfm.cl\/?p=34802&#038;t=En%20la%20regi%C3%B3n%20de%20Ays%C3%A9n%201200%20personas%20cuentan%20con%20empleos%20mediante%20ejecuci%C3%B3n%20de%2062%20iniciativas%20del%20MOP' aria-hidden='false' data-av_icon='\ue8f3' data-av_iconfont='entypo-fontello' title='' data-avia-related-tooltip='Compartir en Facebook' rel=\"noopener\"><span class='avia_hidden_link_text'>Compartir en Facebook<\/span><\/a><\/li><li class='av-share-link av-social-link-twitter' ><a target=\"_blank\" aria-label=\"Compartir en Twitter\" href='https:\/\/twitter.com\/share?text=En%20la%20regi%C3%B3n%20de%20Ays%C3%A9n%201200%20personas%20cuentan%20con%20empleos%20mediante%20ejecuci%C3%B3n%20de%2062%20iniciativas%20del%20MOP&#038;url=https:\/\/radiorevelacionfm.cl\/?p=34802' aria-hidden='false' data-av_icon='\ue8f1' data-av_iconfont='entypo-fontello' title='' data-avia-related-tooltip='Compartir en Twitter' rel=\"noopener\"><span class='avia_hidden_link_text'>Compartir en Twitter<\/span><\/a><\/li><li class='av-share-link av-social-link-whatsapp' ><a target=\"_blank\" aria-label=\"Compartir en Whatsapp\" href='https:\/\/api.whatsapp.com\/send?text=https:\/\/radiorevelacionfm.cl\/?p=34802' aria-hidden='false' data-av_icon='\uf232' data-av_iconfont='entypo-fontello' title='' data-avia-related-tooltip='Compartir en Whatsapp' rel=\"noopener\"><span class='avia_hidden_link_text'>Compartir en Whatsapp<\/span><\/a><\/li><li class='av-share-link av-social-link-linkedin' ><a target=\"_blank\" aria-label=\"Compartir en LinkedIn\" href='https:\/\/linkedin.com\/shareArticle?mini=true&#038;title=En%20la%20regi%C3%B3n%20de%20Ays%C3%A9n%201200%20personas%20cuentan%20con%20empleos%20mediante%20ejecuci%C3%B3n%20de%2062%20iniciativas%20del%20MOP&#038;url=https:\/\/radiorevelacionfm.cl\/?p=34802' aria-hidden='false' data-av_icon='\ue8fc' data-av_iconfont='entypo-fontello' title='' data-avia-related-tooltip='Compartir en LinkedIn' rel=\"noopener\"><span class='avia_hidden_link_text'>Compartir en LinkedIn<\/span><\/a><\/li><li class='av-share-link av-social-link-mail' ><a  aria-label=\"Compartir por correo\" href='mailto:?subject=En%20la%20regi%C3%B3n%20de%20Ays%C3%A9n%201200%20personas%20cuentan%20con%20empleos%20mediante%20ejecuci%C3%B3n%20de%2062%20iniciativas%20del%20MOP&#038;body=https:\/\/radiorevelacionfm.cl\/?p=34802' aria-hidden='false' data-av_icon='\ue805' data-av_iconfont='entypo-fontello' title='' data-avia-related-tooltip='Compartir por correo'><span class='avia_hidden_link_text'>Compartir por correo<\/span><\/a><\/li><\/ul><\/div><\/div>\n<div  style='height:50px' class='hr hr-invisible   avia-builder-el-8  el_after_av_social_share  el_before_av_comments_list '><span class='hr-inner ' ><span class='hr-inner-style'><\/span><\/span><\/div>\n<div  class='av-buildercomment  av-blog-meta-html-info-disabled av-blog-meta-tag-disabled  '><\/div>\n","protected":false},"excerpt":{"rendered":"","protected":false},"author":1,"featured_media":34803,"comment_status":"open","ping_status":"open","sticky":false,"template":"","format":"standard","meta":{"footnotes":""},"categories":[38],"tags":[],"class_list":["post-34802","post","type-post","status-publish","format-standard","has-post-thumbnail","hentry","category-regional"],"jetpack_featured_media_url":"https:\/\/radiorevelacionfm.cl\/wp-content\/uploads\/2023\/09\/empleo-1-1_optimized-1.jpg","_links":{"self":[{"href":"https:\/\/radiorevelacionfm.cl\/index.php?rest_route=\/wp\/v2\/posts\/34802","targetHints":{"allow":["GET"]}}],"collection":[{"href":"https:\/\/radiorevelacionfm.cl\/index.php?rest_route=\/wp\/v2\/posts"}],"about":[{"href":"https:\/\/radiorevelacionfm.cl\/index.php?rest_route=\/wp\/v2\/types\/post"}],"author":[{"embeddable":true,"href":"https:\/\/radiorevelacionfm.cl\/index.php?rest_route=\/wp\/v2\/users\/1"}],"replies":[{"embeddable":true,"href":"https:\/\/radiorevelacionfm.cl\/index.php?rest_route=%2Fwp%2Fv2%2Fcomments&post=34802"}],"version-history":[{"count":1,"href":"https:\/\/radiorevelacionfm.cl\/index.php?rest_route=\/wp\/v2\/posts\/34802\/revisions"}],"predecessor-version":[{"id":34804,"href":"https:\/\/radiorevelacionfm.cl\/index.php?rest_route=\/wp\/v2\/posts\/34802\/revisions\/34804"}],"wp:featuredmedia":[{"embeddable":true,"href":"https:\/\/radiorevelacionfm.cl\/index.php?rest_route=\/wp\/v2\/media\/34803"}],"wp:attachment":[{"href":"https:\/\/radiorevelacionfm.cl\/index.php?rest_route=%2Fwp%2Fv2%2Fmedia&parent=34802"}],"wp:term":[{"taxonomy":"category","embeddable":true,"href":"https:\/\/radiorevelacionfm.cl\/index.php?rest_route=%2Fwp%2Fv2%2Fcategories&post=34802"},{"taxonomy":"post_tag","embeddable":true,"href":"https:\/\/radiorevelacionfm.cl\/index.php?rest_route=%2Fwp%2Fv2%2Ftags&post=34802"}],"curies":[{"name":"wp","href":"https:\/\/api.w.org\/{rel}","templated":true}]}}