{"id":34798,"date":"2023-09-08T21:10:07","date_gmt":"2023-09-09T00:10:07","guid":{"rendered":"https:\/\/radiorevelacionfm.cl\/?p=34798"},"modified":"2023-09-08T21:13:28","modified_gmt":"2023-09-09T00:13:28","slug":"anuncian-creacion-de-comision-intersectorial-de-fortalecimiento-de-la-universidad-de-aysen","status":"publish","type":"post","link":"https:\/\/radiorevelacionfm.cl\/?p=34798","title":{"rendered":"Anuncian creaci\u00f3n de Comisi\u00f3n intersectorial de Fortalecimiento de la Universidad de Ays\u00e9n"},"content":{"rendered":"<div class=\"flex_column av_one_full  flex_column_div av-zero-column-padding first  avia-builder-el-0  el_before_av_one_full  avia-builder-el-first  \" style='border-radius:0px; '><div  class='avia-image-container  av-styling-    avia-builder-el-1  avia-builder-el-no-sibling  avia-align-center '  itemprop=\"image\" itemscope=\"itemscope\" itemtype=\"https:\/\/schema.org\/ImageObject\"  ><div class='avia-image-container-inner'><div class='avia-image-overlay-wrap'><img decoding=\"async\" class='wp-image-34800 avia-img-lazy-loading-not-34800 avia_image' src=\"https:\/\/radiorevelacionfm.cl\/wp-content\/uploads\/2023\/09\/rector-enrique-urra-01_optimized-1-1.jpg\" alt='' title='rector-enrique-urra-01_optimized (1) (1)' height=\"600\" width=\"1185\"  itemprop=\"thumbnailUrl\" srcset=\"https:\/\/radiorevelacionfm.cl\/wp-content\/uploads\/2023\/09\/rector-enrique-urra-01_optimized-1-1.jpg 1185w, https:\/\/radiorevelacionfm.cl\/wp-content\/uploads\/2023\/09\/rector-enrique-urra-01_optimized-1-1-300x152.jpg 300w, https:\/\/radiorevelacionfm.cl\/wp-content\/uploads\/2023\/09\/rector-enrique-urra-01_optimized-1-1-1030x522.jpg 1030w, https:\/\/radiorevelacionfm.cl\/wp-content\/uploads\/2023\/09\/rector-enrique-urra-01_optimized-1-1-768x389.jpg 768w, https:\/\/radiorevelacionfm.cl\/wp-content\/uploads\/2023\/09\/rector-enrique-urra-01_optimized-1-1-705x357.jpg 705w, https:\/\/radiorevelacionfm.cl\/wp-content\/uploads\/2023\/09\/rector-enrique-urra-01_optimized-1-1-450x228.jpg 450w, https:\/\/radiorevelacionfm.cl\/wp-content\/uploads\/2023\/09\/rector-enrique-urra-01_optimized-1-1-600x304.jpg 600w\" sizes=\"(max-width: 1185px) 100vw, 1185px\" \/><\/div><\/div><\/div><\/div>\n<div class=\"flex_column av_one_full  flex_column_div av-zero-column-padding first  avia-builder-el-2  el_after_av_one_full  el_before_av_one_full  column-top-margin\" style='border-radius:0px; '><section class=\"av_textblock_section \"  itemscope=\"itemscope\" itemtype=\"https:\/\/schema.org\/BlogPosting\" itemprop=\"blogPost\" ><div class='avia_textblock  '   itemprop=\"text\" ><p style=\"text-align: center;\"><strong><span style=\"font-size: 18pt;\">Anuncian creaci\u00f3n de Comisi\u00f3n intersectorial de Fortalecimiento de la Universidad de Ays\u00e9n<\/span><\/strong><\/p>\n<div id=\"gtx-trans\" style=\"position: absolute; left: -50px; top: 4.31534px;\">\n<div class=\"gtx-trans-icon\"><\/div>\n<\/div>\n<\/div><\/section><\/div>\n<div class=\"flex_column av_one_full  flex_column_div av-zero-column-padding first  avia-builder-el-4  el_after_av_one_full  el_before_av_hr  column-top-margin\" style='border-radius:0px; '><section class=\"av_textblock_section \"  itemscope=\"itemscope\" itemtype=\"https:\/\/schema.org\/BlogPosting\" itemprop=\"blogPost\" ><div class='avia_textblock  '   itemprop=\"text\" ><p style=\"text-align: justify;\"><i>Enrique Urra Coloma junto al nuevo equipo directivo, present\u00f3 el diagn\u00f3stico de la instituci\u00f3n y comprometi\u00f3 un plan de acci\u00f3n, asegurando que si bien se vive una situaci\u00f3n cr\u00edtica, se abordar\u00e1 con determinaci\u00f3n y transparencia.<\/i><\/p>\n<p style=\"text-align: justify;\">La conformaci\u00f3n de una Comisi\u00f3n intersectorial de Fortalecimiento de la Universidad de Ays\u00e9n es una de las acciones que se encuentra impulsando el rector de la UAys\u00e9n, Enrique Urra Coloma tras asumir su cargo el pasado s\u00e1bado 2 \u00a0de septiembre.<\/p>\n<p style=\"text-align: justify;\">Esta convocatoria se suma a una serie de acciones que impulsar\u00e1 el nuevo equipo directivo, tendientes a consolidar el futuro de la universidad y que adem\u00e1s contempla un Plan de Reestructuraci\u00f3n que incluye una transformaci\u00f3n profunda de la estructura organizativa del plantel y una revisi\u00f3n exhaustiva de la gesti\u00f3n acad\u00e9mica y financiera de administraciones anteriores.<\/p>\n<p style=\"text-align: justify;\">La Comisi\u00f3n, que se reunir\u00e1 por primera vez el s\u00e1bado 9 de septiembre en dependencias de la casa de estudios, contar\u00e1 con la participaci\u00f3n de la Gobernadora Regional, Andrea Mac\u00edas Palma, adem\u00e1s del Delegado Presidencial, Rodrigo Araya, la Diputada Marcia Raphael y el Diputado Miguel Angel Calisto, adem\u00e1s de la Seremi de Educaci\u00f3n, Isabel Garrido, Seremi de Desarrollo Social, Karina Acevedo y la Seremi de Bienes Nacionales, Irina Morend entre otras\u00a0\u00a0autoridades sectoriales, con la que se espera comprometer una estrategia colaborativa para enfrentar la situaci\u00f3n de sostenibilidad financiera de la Universidad, potenciando una sinergia continua de las capacidades entre los diferentes actores regionales, adem\u00e1s de fortalecer su desarrollo como Universidad p\u00fablica regional de zona extrema.<\/p>\n<p style=\"text-align: justify;\">En este sentido, el rector Urra destac\u00f3 la importancia de articular por primera vez una instancia como esta.\u00a0\u00a0\u00abSi bien esta comisi\u00f3n nace para abordar la problem\u00e1tica financiera de la universidad, tambi\u00e9n busca constituirse con un objetivo de largo plazo que tiene que ver con la sustentabilidad y el desarrollo de la instituci\u00f3n. Lo que se busca es articular a \u00a0todos estos actores para poder generar una vinculaci\u00f3n de la universidad con \u00e9nfasis en los prop\u00f3sitos regionales, por lo que esperamos en las pr\u00f3ximas semanas que esta comisi\u00f3n pueda ir desarrollando sus prop\u00f3sitos y contribuir al momento actual de la universidad\u00bb, sentenci\u00f3 el rector Enrique Urra.<\/p>\n<p style=\"text-align: justify;\">Respecto de la situaci\u00f3n actual de la casa de estudios, el rector Urra, enfatiz\u00f3 que si bien la instituci\u00f3n atraviesa un duro momento, \u00a0el objetivo principal es asegurar por sobre todas las cosas, la formaci\u00f3n de calidad que se entrega al interior de las aulas de la casa de estudio. \u00abEstaremos centrados en proporcionar a nuestros y nuestras estudiantes una formaci\u00f3n integral y relevante para el desarrollo regional, sin dejar de lado ninguno de los aspectos esenciales de nuestra misi\u00f3n acad\u00e9mica. Nuestra preocupaci\u00f3n esencial seguir\u00e1 estando en el proceso de formaci\u00f3n de las y los estudiantes\u00bb, indic\u00f3.<\/p>\n<p style=\"text-align: justify;\">En esa l\u00ednea, la m\u00e1xima autoridad de la UAys\u00e9n destac\u00f3 que, a partir del primer trimestre del a\u00f1o 2024 la actual situaci\u00f3n financiera dejar\u00e1 de ser cr\u00edtica gracias a los recursos ministeriales asociados a la acreditaci\u00f3n lograda recientemente, por lo que se puede asegura enf\u00e1ticamente que la Universidad de Ays\u00e9n no cerrar\u00e1 sus puertas. \u00abQueremos transmitir a estudiantes, familias y comunidad regional la tranquilidad de que esta universidad seguir\u00e1 entregando la educaci\u00f3n superior de calidad que la Regi\u00f3n de Ays\u00e9n merece\u00bb, se\u00f1al\u00f3.<\/p>\n<p style=\"text-align: justify;\">Cabe se\u00f1alar que el pasado lunes 4 de septiembre, se llev\u00f3 a cabo el traspaso administrativo de rector\u00eda, ocasi\u00f3n en que la ex rectora Natacha Pino hizo entrega de todos los antecedentes que permiten dar inicio de una nueva administraci\u00f3n institucional.\u00a0En este \u00e1mbito y tras asumir el liderazgo de la casa de estudios, el rector Urra ya se encuentra trabajando intensamente para buscar soluciones a las urgentes necesidades del plantel educativo, junto a un nuevo equipo directivo compuesto por por la docente y mag\u00edster en ciencias de la educaci\u00f3n, Lorena Millar Romero quien asumir\u00e1 como Directora Acad\u00e9mica; el \u00a0Dr. Johnny Valencia quien ser\u00e1 el encargado de liderar la Direcci\u00f3n de Planificaci\u00f3n y Aseguramiento de la Calidad. Por otra parte, el Dr. Fabi\u00e1n Ja\u00f1a Prado ser\u00e1 el nuevo encargado de liderar la investigaci\u00f3n de la casa de estudios, mientras que el Dr. Gabriel Nu\u00f1ez Vivanco asumir\u00e1 el trabajo de conexi\u00f3n con el entorno, a trav\u00e9s del liderazgo de la \u00a0Direcci\u00f3n de Vinculaci\u00f3n con el Medio. Por otra parte, asumir\u00e1 de manera interina la Direcci\u00f3n de Administraci\u00f3n y Finanzas, Andr\u00e9s Cuevas (actual jefe de finanzas) mientras que la abogada Giovanna G\u00f3mez, asumir\u00e1 la Secretar\u00eda General de la casa de estudios.<\/p>\n<\/div><\/section><\/div><div  style='height:50px' class='hr hr-invisible   avia-builder-el-6  el_after_av_one_full  el_before_av_social_share '><span class='hr-inner ' ><span class='hr-inner-style'><\/span><\/span><\/div><\/p>\n<div  class='av-social-sharing-box  avia-builder-el-7  el_after_av_hr  el_before_av_hr  '><div class='av-share-box'><h5 class='av-share-link-description av-no-toc '>Compartir esta noticia<\/h5><ul class='av-share-box-list noLightbox'><li class='av-share-link av-social-link-facebook' ><a target=\"_blank\" aria-label=\"Compartir en Facebook\" href='https:\/\/www.facebook.com\/sharer.php?u=https:\/\/radiorevelacionfm.cl\/?p=34798&#038;t=Anuncian%20creaci%C3%B3n%20de%20Comisi%C3%B3n%20intersectorial%20de%20Fortalecimiento%20de%20la%20Universidad%20de%20Ays%C3%A9n' aria-hidden='false' data-av_icon='\ue8f3' data-av_iconfont='entypo-fontello' title='' data-avia-related-tooltip='Compartir en Facebook' rel=\"noopener\"><span class='avia_hidden_link_text'>Compartir en Facebook<\/span><\/a><\/li><li class='av-share-link av-social-link-twitter' ><a target=\"_blank\" aria-label=\"Compartir en Twitter\" href='https:\/\/twitter.com\/share?text=Anuncian%20creaci%C3%B3n%20de%20Comisi%C3%B3n%20intersectorial%20de%20Fortalecimiento%20de%20la%20Universidad%20de%20Ays%C3%A9n&#038;url=https:\/\/radiorevelacionfm.cl\/?p=34798' aria-hidden='false' data-av_icon='\ue8f1' data-av_iconfont='entypo-fontello' title='' data-avia-related-tooltip='Compartir en Twitter' rel=\"noopener\"><span class='avia_hidden_link_text'>Compartir en Twitter<\/span><\/a><\/li><li class='av-share-link av-social-link-whatsapp' ><a target=\"_blank\" aria-label=\"Compartir en Whatsapp\" href='https:\/\/api.whatsapp.com\/send?text=https:\/\/radiorevelacionfm.cl\/?p=34798' aria-hidden='false' data-av_icon='\uf232' data-av_iconfont='entypo-fontello' title='' data-avia-related-tooltip='Compartir en Whatsapp' rel=\"noopener\"><span class='avia_hidden_link_text'>Compartir en Whatsapp<\/span><\/a><\/li><li class='av-share-link av-social-link-linkedin' ><a target=\"_blank\" aria-label=\"Compartir en LinkedIn\" href='https:\/\/linkedin.com\/shareArticle?mini=true&#038;title=Anuncian%20creaci%C3%B3n%20de%20Comisi%C3%B3n%20intersectorial%20de%20Fortalecimiento%20de%20la%20Universidad%20de%20Ays%C3%A9n&#038;url=https:\/\/radiorevelacionfm.cl\/?p=34798' aria-hidden='false' data-av_icon='\ue8fc' data-av_iconfont='entypo-fontello' title='' data-avia-related-tooltip='Compartir en LinkedIn' rel=\"noopener\"><span class='avia_hidden_link_text'>Compartir en LinkedIn<\/span><\/a><\/li><li class='av-share-link av-social-link-mail' ><a  aria-label=\"Compartir por correo\" href='mailto:?subject=Anuncian%20creaci%C3%B3n%20de%20Comisi%C3%B3n%20intersectorial%20de%20Fortalecimiento%20de%20la%20Universidad%20de%20Ays%C3%A9n&#038;body=https:\/\/radiorevelacionfm.cl\/?p=34798' aria-hidden='false' data-av_icon='\ue805' data-av_iconfont='entypo-fontello' title='' data-avia-related-tooltip='Compartir por correo'><span class='avia_hidden_link_text'>Compartir por correo<\/span><\/a><\/li><\/ul><\/div><\/div>\n<div  style='height:50px' class='hr hr-invisible   avia-builder-el-8  el_after_av_social_share  el_before_av_comments_list '><span class='hr-inner ' ><span class='hr-inner-style'><\/span><\/span><\/div>\n<div  class='av-buildercomment  av-blog-meta-html-info-disabled av-blog-meta-tag-disabled  '><\/div>\n","protected":false},"excerpt":{"rendered":"","protected":false},"author":1,"featured_media":34800,"comment_status":"open","ping_status":"open","sticky":false,"template":"","format":"standard","meta":{"footnotes":""},"categories":[49],"tags":[],"class_list":["post-34798","post","type-post","status-publish","format-standard","has-post-thumbnail","hentry","category-educacion"],"jetpack_featured_media_url":"https:\/\/radiorevelacionfm.cl\/wp-content\/uploads\/2023\/09\/rector-enrique-urra-01_optimized-1-1.jpg","_links":{"self":[{"href":"https:\/\/radiorevelacionfm.cl\/index.php?rest_route=\/wp\/v2\/posts\/34798","targetHints":{"allow":["GET"]}}],"collection":[{"href":"https:\/\/radiorevelacionfm.cl\/index.php?rest_route=\/wp\/v2\/posts"}],"about":[{"href":"https:\/\/radiorevelacionfm.cl\/index.php?rest_route=\/wp\/v2\/types\/post"}],"author":[{"embeddable":true,"href":"https:\/\/radiorevelacionfm.cl\/index.php?rest_route=\/wp\/v2\/users\/1"}],"replies":[{"embeddable":true,"href":"https:\/\/radiorevelacionfm.cl\/index.php?rest_route=%2Fwp%2Fv2%2Fcomments&post=34798"}],"version-history":[{"count":2,"href":"https:\/\/radiorevelacionfm.cl\/index.php?rest_route=\/wp\/v2\/posts\/34798\/revisions"}],"predecessor-version":[{"id":34818,"href":"https:\/\/radiorevelacionfm.cl\/index.php?rest_route=\/wp\/v2\/posts\/34798\/revisions\/34818"}],"wp:featuredmedia":[{"embeddable":true,"href":"https:\/\/radiorevelacionfm.cl\/index.php?rest_route=\/wp\/v2\/media\/34800"}],"wp:attachment":[{"href":"https:\/\/radiorevelacionfm.cl\/index.php?rest_route=%2Fwp%2Fv2%2Fmedia&parent=34798"}],"wp:term":[{"taxonomy":"category","embeddable":true,"href":"https:\/\/radiorevelacionfm.cl\/index.php?rest_route=%2Fwp%2Fv2%2Fcategories&post=34798"},{"taxonomy":"post_tag","embeddable":true,"href":"https:\/\/radiorevelacionfm.cl\/index.php?rest_route=%2Fwp%2Fv2%2Ftags&post=34798"}],"curies":[{"name":"wp","href":"https:\/\/api.w.org\/{rel}","templated":true}]}}