{"id":34789,"date":"2023-09-08T18:29:12","date_gmt":"2023-09-08T21:29:12","guid":{"rendered":"https:\/\/radiorevelacionfm.cl\/?p=34789"},"modified":"2023-09-08T18:29:12","modified_gmt":"2023-09-08T21:29:12","slug":"aiseninos-testimonian-compromiso-por-la-democracia-y-los-derechos-humanos","status":"publish","type":"post","link":"https:\/\/radiorevelacionfm.cl\/?p=34789","title":{"rendered":"Aiseninos testimonian compromiso por la democracia y los derechos humanos"},"content":{"rendered":"<div class=\"flex_column av_one_full  flex_column_div av-zero-column-padding first  avia-builder-el-0  el_before_av_one_full  avia-builder-el-first  \" style='border-radius:0px; '><div  class='avia-image-container  av-styling-    avia-builder-el-1  avia-builder-el-no-sibling  avia-align-center '  itemprop=\"image\" itemscope=\"itemscope\" itemtype=\"https:\/\/schema.org\/ImageObject\"  ><div class='avia-image-container-inner'><div class='avia-image-overlay-wrap'><img decoding=\"async\" class='wp-image-34790 avia-img-lazy-loading-not-34790 avia_image' src=\"https:\/\/radiorevelacionfm.cl\/wp-content\/uploads\/2023\/09\/IMG-20230907-WA0008-1-1.jpg\" alt='' title='IMG-20230907-WA0008 (1) (1)' height=\"600\" width=\"901\"  itemprop=\"thumbnailUrl\" srcset=\"https:\/\/radiorevelacionfm.cl\/wp-content\/uploads\/2023\/09\/IMG-20230907-WA0008-1-1.jpg 901w, https:\/\/radiorevelacionfm.cl\/wp-content\/uploads\/2023\/09\/IMG-20230907-WA0008-1-1-300x200.jpg 300w, https:\/\/radiorevelacionfm.cl\/wp-content\/uploads\/2023\/09\/IMG-20230907-WA0008-1-1-768x511.jpg 768w, https:\/\/radiorevelacionfm.cl\/wp-content\/uploads\/2023\/09\/IMG-20230907-WA0008-1-1-705x469.jpg 705w, https:\/\/radiorevelacionfm.cl\/wp-content\/uploads\/2023\/09\/IMG-20230907-WA0008-1-1-450x300.jpg 450w, https:\/\/radiorevelacionfm.cl\/wp-content\/uploads\/2023\/09\/IMG-20230907-WA0008-1-1-600x400.jpg 600w\" sizes=\"(max-width: 901px) 100vw, 901px\" \/><\/div><\/div><\/div><\/div><div class=\"flex_column av_one_full  flex_column_div av-zero-column-padding first  avia-builder-el-2  el_after_av_one_full  el_before_av_one_full  column-top-margin\" style='border-radius:0px; '><section class=\"av_textblock_section \"  itemscope=\"itemscope\" itemtype=\"https:\/\/schema.org\/BlogPosting\" itemprop=\"blogPost\" ><div class='avia_textblock  '   itemprop=\"text\" ><p style=\"text-align: center;\"><strong><span style=\"font-size: 18pt;\">Aiseninos testimonian compromiso por la democracia y los derechos humanos<\/span><\/strong><\/p>\n<div id=\"gtx-trans\" style=\"position: absolute; left: -50px; top: 4.31534px;\">\n<div class=\"gtx-trans-icon\"><\/div>\n<\/div>\n<\/div><\/section><\/div><div class=\"flex_column av_one_full  flex_column_div av-zero-column-padding first  avia-builder-el-4  el_after_av_one_full  el_before_av_hr  column-top-margin\" style='border-radius:0px; '><section class=\"av_textblock_section \"  itemscope=\"itemscope\" itemtype=\"https:\/\/schema.org\/BlogPosting\" itemprop=\"blogPost\" ><div class='avia_textblock  '   itemprop=\"text\" ><p style=\"text-align: justify;\">Una invitaci\u00f3n a reflexionar y dialogar sobre el quiebre institucional que provoc\u00f3 en la historia de Chile el Golpe de Estado de 1973, fue la instancia que reuni\u00f3 a un grupo heterog\u00e9neo y transversal de vecinos de Ays\u00e9n, dirigentes, l\u00edderes sociales,\u00a0 estudiantes, docentes y empresarios,\u00a0 en la jornada Conversatorio, organizada por la Delegaci\u00f3n Presidencial Provincial de Ays\u00e9n.<\/p>\n<p style=\"text-align: justify;\">Los participantes desarrollaron una instancia taller y plenario de discusi\u00f3n, intercambio de ideas,\u00a0 puntos de vista \u00a0y acuerdos que culminaron con la firma simb\u00f3lica de un \u00abCompromiso por una Democracia y Derechos Humanos Siempre Vigentes\u00bb.<\/p>\n<p style=\"text-align: justify;\">Yasna Jara, Militante del Partido Comunista en Puerto Ays\u00e9n,\u00a0 valor\u00f3 y agradeci\u00f3 la apertura de una instancia que \u201cnos permiti\u00f3 abrir un espacio democr\u00e1tico\u00a0 donde pudimos compartir diferentes puntos de opini\u00f3n, lo que no significa que seamos enemigos.\u00a0 Todo se basa en el buen trato e intercambio de opiniones, lo cual result\u00f3 muy grato en\u00a0 este conversatorio, debido a que pudimos participar con personas de distintas generaciones, algunos muy j\u00f3venes, con quienes pudimos dialogar en torno al valor de la democracia y la no repetici\u00f3n\u201d, expres\u00f3.<\/p>\n<p style=\"text-align: justify;\">Por su parte, Tania Morgado, Profesora del Colegio Santa Teresa, describi\u00f3 el conversatorio como una actividad muy necesaria para el desarrollo del tejido social en Chile y Ays\u00e9n, el cual-explica- que trasciende al golpe militar \u201cdebido a que atraviesa por temas que son muy relevantes para las personas, como la salud mental o la importancia del di\u00e1logo para establecer acuerdos. Es necesario seguir participando en instancias como \u00e9stas y darnos un tiempo como ciudadanos para escuchar a otros\u201d, relev\u00f3.<\/p>\n<p style=\"text-align: justify;\">En la actividad destac\u00f3 la participaci\u00f3n\u00a0 de diversos\u00a0 representantes del \u00e1rea educativa, como j\u00f3venes estudiantes y\u00a0 dirigentes de liceos, profesores en ejercicio y docentes retirados de la actividad.\u00a0\u00a0 Desde la Educaci\u00f3n T\u00e9cnico Profesional, el Rector del Centro de Formaci\u00f3n T\u00e9cnica Estatal de Ays\u00e9n, V\u00edctor Hugo \u00c1lvarez,\u00a0 valor\u00f3 el encuentro gestado desde la Delegaci\u00f3n Presidencial Provincial de Ays\u00e9n,\u00a0 aduciendo que \u201ceste conversatorio permiti\u00f3 intercambiar diversas opiniones de la sociedad civil, destacando la participaci\u00f3n de los j\u00f3venes, cuya visi\u00f3n\u00a0 fue muy relevante\u00a0 para instalar los temas de\u00a0\u00a0 conversaci\u00f3n que permiten ir fortaleciendo nuestra democracia\u201d, puntualiz\u00f3.<\/p>\n<p style=\"text-align: justify;\">En tanto, el Delegado Presidencial Provincial de Ays\u00e9n, Jorge D\u00edaz Guzm\u00e1n, quien convoc\u00f3\u00a0 y dio la bienvenida a los participantes,\u00a0 se manifest\u00f3 muy conforme y agradecido\u00a0 del desarrollo de la actividad. \u201cHa sido un jornada muy significativa y representativa de un segmento importante de nuestra comunidad de Ays\u00e9n.\u00a0 Generamos un espacio de conversaci\u00f3n muy franca respecto a lo que nos ocurri\u00f3 durante el golpe de Estado en Chile, pero con un sentido c\u00edvico, sin perder el objetivo del an\u00e1lisis, enalteciendo el valor de la democracia, los derechos humanos y la memoria, con un enfoque de futuro, para que esto no vuelva a ocurrir nunca m\u00e1s\u201d, concluy\u00f3.<\/p>\n<\/div><\/section><\/div><div  style='height:50px' class='hr hr-invisible   avia-builder-el-6  el_after_av_one_full  el_before_av_social_share '><span class='hr-inner ' ><span class='hr-inner-style'><\/span><\/span><\/div><\/p>\n<div  class='av-social-sharing-box  avia-builder-el-7  el_after_av_hr  el_before_av_hr  '><div class='av-share-box'><h5 class='av-share-link-description av-no-toc '>Compartir esta noticia<\/h5><ul class='av-share-box-list noLightbox'><li class='av-share-link av-social-link-facebook' ><a target=\"_blank\" aria-label=\"Compartir en Facebook\" href='https:\/\/www.facebook.com\/sharer.php?u=https:\/\/radiorevelacionfm.cl\/?p=34789&#038;t=Aiseninos%20testimonian%20compromiso%20por%20la%20democracia%20y%20los%20derechos%20humanos' aria-hidden='false' data-av_icon='\ue8f3' data-av_iconfont='entypo-fontello' title='' data-avia-related-tooltip='Compartir en Facebook' rel=\"noopener\"><span class='avia_hidden_link_text'>Compartir en Facebook<\/span><\/a><\/li><li class='av-share-link av-social-link-twitter' ><a target=\"_blank\" aria-label=\"Compartir en Twitter\" href='https:\/\/twitter.com\/share?text=Aiseninos%20testimonian%20compromiso%20por%20la%20democracia%20y%20los%20derechos%20humanos&#038;url=https:\/\/radiorevelacionfm.cl\/?p=34789' aria-hidden='false' data-av_icon='\ue8f1' data-av_iconfont='entypo-fontello' title='' data-avia-related-tooltip='Compartir en Twitter' rel=\"noopener\"><span class='avia_hidden_link_text'>Compartir en Twitter<\/span><\/a><\/li><li class='av-share-link av-social-link-whatsapp' ><a target=\"_blank\" aria-label=\"Compartir en Whatsapp\" href='https:\/\/api.whatsapp.com\/send?text=https:\/\/radiorevelacionfm.cl\/?p=34789' aria-hidden='false' data-av_icon='\uf232' data-av_iconfont='entypo-fontello' title='' data-avia-related-tooltip='Compartir en Whatsapp' rel=\"noopener\"><span class='avia_hidden_link_text'>Compartir en Whatsapp<\/span><\/a><\/li><li class='av-share-link av-social-link-linkedin' ><a target=\"_blank\" aria-label=\"Compartir en LinkedIn\" href='https:\/\/linkedin.com\/shareArticle?mini=true&#038;title=Aiseninos%20testimonian%20compromiso%20por%20la%20democracia%20y%20los%20derechos%20humanos&#038;url=https:\/\/radiorevelacionfm.cl\/?p=34789' aria-hidden='false' data-av_icon='\ue8fc' data-av_iconfont='entypo-fontello' title='' data-avia-related-tooltip='Compartir en LinkedIn' rel=\"noopener\"><span class='avia_hidden_link_text'>Compartir en LinkedIn<\/span><\/a><\/li><li class='av-share-link av-social-link-mail' ><a  aria-label=\"Compartir por correo\" href='mailto:?subject=Aiseninos%20testimonian%20compromiso%20por%20la%20democracia%20y%20los%20derechos%20humanos&#038;body=https:\/\/radiorevelacionfm.cl\/?p=34789' aria-hidden='false' data-av_icon='\ue805' data-av_iconfont='entypo-fontello' title='' data-avia-related-tooltip='Compartir por correo'><span class='avia_hidden_link_text'>Compartir por correo<\/span><\/a><\/li><\/ul><\/div><\/div>\n<div  style='height:50px' class='hr hr-invisible   avia-builder-el-8  el_after_av_social_share  el_before_av_comments_list '><span class='hr-inner ' ><span class='hr-inner-style'><\/span><\/span><\/div>\n<div  class='av-buildercomment  av-blog-meta-html-info-disabled av-blog-meta-tag-disabled  '><\/div>\n","protected":false},"excerpt":{"rendered":"","protected":false},"author":1,"featured_media":34790,"comment_status":"open","ping_status":"open","sticky":false,"template":"","format":"standard","meta":{"footnotes":""},"categories":[38],"tags":[],"class_list":["post-34789","post","type-post","status-publish","format-standard","has-post-thumbnail","hentry","category-regional"],"jetpack_featured_media_url":"https:\/\/radiorevelacionfm.cl\/wp-content\/uploads\/2023\/09\/IMG-20230907-WA0008-1-1.jpg","_links":{"self":[{"href":"https:\/\/radiorevelacionfm.cl\/index.php?rest_route=\/wp\/v2\/posts\/34789","targetHints":{"allow":["GET"]}}],"collection":[{"href":"https:\/\/radiorevelacionfm.cl\/index.php?rest_route=\/wp\/v2\/posts"}],"about":[{"href":"https:\/\/radiorevelacionfm.cl\/index.php?rest_route=\/wp\/v2\/types\/post"}],"author":[{"embeddable":true,"href":"https:\/\/radiorevelacionfm.cl\/index.php?rest_route=\/wp\/v2\/users\/1"}],"replies":[{"embeddable":true,"href":"https:\/\/radiorevelacionfm.cl\/index.php?rest_route=%2Fwp%2Fv2%2Fcomments&post=34789"}],"version-history":[{"count":1,"href":"https:\/\/radiorevelacionfm.cl\/index.php?rest_route=\/wp\/v2\/posts\/34789\/revisions"}],"predecessor-version":[{"id":34791,"href":"https:\/\/radiorevelacionfm.cl\/index.php?rest_route=\/wp\/v2\/posts\/34789\/revisions\/34791"}],"wp:featuredmedia":[{"embeddable":true,"href":"https:\/\/radiorevelacionfm.cl\/index.php?rest_route=\/wp\/v2\/media\/34790"}],"wp:attachment":[{"href":"https:\/\/radiorevelacionfm.cl\/index.php?rest_route=%2Fwp%2Fv2%2Fmedia&parent=34789"}],"wp:term":[{"taxonomy":"category","embeddable":true,"href":"https:\/\/radiorevelacionfm.cl\/index.php?rest_route=%2Fwp%2Fv2%2Fcategories&post=34789"},{"taxonomy":"post_tag","embeddable":true,"href":"https:\/\/radiorevelacionfm.cl\/index.php?rest_route=%2Fwp%2Fv2%2Ftags&post=34789"}],"curies":[{"name":"wp","href":"https:\/\/api.w.org\/{rel}","templated":true}]}}