{"id":34780,"date":"2023-09-08T10:32:15","date_gmt":"2023-09-08T13:32:15","guid":{"rendered":"https:\/\/radiorevelacionfm.cl\/?p=34780"},"modified":"2023-09-08T10:32:15","modified_gmt":"2023-09-08T13:32:15","slug":"avanza-ampliacion-del-cementerio-de-puerto-aysen-gobernadora-y-alcalde-firman-convenio-de-la-obra","status":"publish","type":"post","link":"https:\/\/radiorevelacionfm.cl\/?p=34780","title":{"rendered":"Avanza ampliaci\u00f3n del Cementerio de Puerto Ays\u00e9n: Gobernadora y alcalde firman convenio de la obra"},"content":{"rendered":"<div class=\"flex_column av_one_full  flex_column_div av-zero-column-padding first  avia-builder-el-0  el_before_av_one_full  avia-builder-el-first  \" style='border-radius:0px; '><div  class='avia-image-container  av-styling-    avia-builder-el-1  avia-builder-el-no-sibling  avia-align-center '  itemprop=\"image\" itemscope=\"itemscope\" itemtype=\"https:\/\/schema.org\/ImageObject\"  ><div class='avia-image-container-inner'><div class='avia-image-overlay-wrap'><img decoding=\"async\" class='wp-image-34781 avia-img-lazy-loading-not-34781 avia_image' src=\"https:\/\/radiorevelacionfm.cl\/wp-content\/uploads\/2023\/09\/Cementerio-3-1-1.jpeg\" alt='' title='Cementerio 3 (1) (1)' height=\"600\" width=\"1067\"  itemprop=\"thumbnailUrl\" srcset=\"https:\/\/radiorevelacionfm.cl\/wp-content\/uploads\/2023\/09\/Cementerio-3-1-1.jpeg 1067w, https:\/\/radiorevelacionfm.cl\/wp-content\/uploads\/2023\/09\/Cementerio-3-1-1-300x169.jpeg 300w, https:\/\/radiorevelacionfm.cl\/wp-content\/uploads\/2023\/09\/Cementerio-3-1-1-1030x579.jpeg 1030w, https:\/\/radiorevelacionfm.cl\/wp-content\/uploads\/2023\/09\/Cementerio-3-1-1-768x432.jpeg 768w, https:\/\/radiorevelacionfm.cl\/wp-content\/uploads\/2023\/09\/Cementerio-3-1-1-705x396.jpeg 705w, https:\/\/radiorevelacionfm.cl\/wp-content\/uploads\/2023\/09\/Cementerio-3-1-1-450x253.jpeg 450w, https:\/\/radiorevelacionfm.cl\/wp-content\/uploads\/2023\/09\/Cementerio-3-1-1-600x337.jpeg 600w\" sizes=\"(max-width: 1067px) 100vw, 1067px\" \/><\/div><\/div><\/div><\/div><div class=\"flex_column av_one_full  flex_column_div av-zero-column-padding first  avia-builder-el-2  el_after_av_one_full  el_before_av_one_full  column-top-margin\" style='border-radius:0px; '><section class=\"av_textblock_section \"  itemscope=\"itemscope\" itemtype=\"https:\/\/schema.org\/BlogPosting\" itemprop=\"blogPost\" ><div class='avia_textblock  '   itemprop=\"text\" ><p dir=\"ltr\" style=\"text-align: center;\"><strong><span style=\"font-size: 18pt;\">Avanza ampliaci\u00f3n del Cementerio de Puerto Ays\u00e9n: Gobernadora y alcalde firman convenio de la obra<\/span><\/strong><\/p>\n<div id=\"gtx-trans\" style=\"position: absolute; left: -50px; top: 4.31534px;\">\n<div class=\"gtx-trans-icon\"><\/div>\n<\/div>\n<\/div><\/section><\/div><div class=\"flex_column av_one_full  flex_column_div av-zero-column-padding first  avia-builder-el-4  el_after_av_one_full  el_before_av_hr  column-top-margin\" style='border-radius:0px; '><section class=\"av_textblock_section \"  itemscope=\"itemscope\" itemtype=\"https:\/\/schema.org\/BlogPosting\" itemprop=\"blogPost\" ><div class='avia_textblock  '   itemprop=\"text\" ><p dir=\"ltr\" style=\"text-align: justify;\">La Gobernadora Regional de Ays\u00e9n, Andrea Mac\u00edas Palma, junto al alcalde de la Municipalidad de Ays\u00e9n, Julio Uribe, compartieron con las y los habitantes de la comuna una muy buena noticia: el proyecto de ampliaci\u00f3n y mejoramiento del Cementerio Municipal de Puerto Ays\u00e9n ya cuenta con convenio firmado y con un terreno para continuar con las faenas.<\/p>\n<p dir=\"ltr\" style=\"text-align: justify;\">La cesi\u00f3n de este espacio al municipio por parte de Bienes Nacionales era un paso fundamental para ejecutar la iniciativa en Puerto Ays\u00e9n, que\u00a0 cuenta con un \u00fanico cementerio para la poblaci\u00f3n de la ciudad, sumado Puerto Chacabuco y sus alrededores; el cual se encuentra agotando su capacidad de sitios para inhumaciones. Adem\u00e1s, la calidad del servicio entregado es deficiente por el deterioro de las circulaciones, iluminaci\u00f3n y obras menores existentes en el recinto.<\/p>\n<p dir=\"ltr\" style=\"text-align: justify;\">La m\u00e1xima autoridad regional precis\u00f3 que esto es \u00abuna iniciativa muy esperada por la comunidad, con una inversi\u00f3n cercana a los $3 mil millones, y con la tremenda ventaja adem\u00e1s de que fue adjudicada a una empresa regional, por lo tanto, deseamos que se pueda cumplir de la mejor manera posible. Esto viene a hacer justicia con la comuna de Ays\u00e9n\u00bb.<\/p>\n<p dir=\"ltr\" style=\"text-align: justify;\">\u00abEn el momento en que uno pierde alg\u00fan familiar, alg\u00fan ser querido, la verdad es que poder tener la tranquilidad de que tenga un espacio donde descansar de manera digna y tranquila, tambi\u00e9n es parte del proceso de reparaci\u00f3n que hacen las familias frente a estas p\u00e9rdidas, por eso es tan importante\u00bb, explic\u00f3 la Gobernadora Andrea Mac\u00edas Palma.<\/p>\n<p dir=\"ltr\" style=\"text-align: justify;\">El proyecto contempla la construcci\u00f3n de edificaciones, pavimentos, cierre perimetral, nichos para 312 inhumaciones, habilitaci\u00f3n de manzanas para tumbas y mausoleos, habilitaci\u00f3n de parque (para 680 inhumaciones), adem\u00e1s de otras intervenciones como: instalaci\u00f3n de mobiliario, paisajismo, instalaciones el\u00e9ctricas, sanitarias, drenaje y conducci\u00f3n de aguas lluvias y c\u00e1maras de televigilancia.<\/p>\n<p dir=\"ltr\" style=\"text-align: justify;\">\u00abEl trabajo que hemos realizado con nuestra Gobernadora Regional y los Consejeros Regionales ha sido importante. Todos nuestros proyectos han pasado en su mayor\u00eda por unanimidad y este fue uno de ellos. Por lo tanto, hoy d\u00eda lo que nos queda es poder ver que la empresa que se adjudic\u00f3 la obra termine en los tiempos\u00bb, se\u00f1al\u00f3 el alcalde Julio Uribe.<\/p>\n<p dir=\"ltr\" style=\"text-align: justify;\">\u00abEsta es una obra que va a demorar un poquito m\u00e1s de un a\u00f1o, pero queremos dar todas las facilidades para que estos tiempos se agilicen, y podamos quedar en buenos t\u00e9rminos. Dar todo el aliento para que podamos comenzar con un nuevo espacio, y tener a nuestros vecinos que pasan por este dolor con un nuevo lugar para sepultar a sus deudos\u00bb, cerr\u00f3 el jefe comunal.<\/p>\n<\/div><\/section><\/div><div  style='height:50px' class='hr hr-invisible   avia-builder-el-6  el_after_av_one_full  el_before_av_social_share '><span class='hr-inner ' ><span class='hr-inner-style'><\/span><\/span><\/div><\/p>\n<div  class='av-social-sharing-box  avia-builder-el-7  el_after_av_hr  el_before_av_hr  '><div class='av-share-box'><h5 class='av-share-link-description av-no-toc '>Compartir esta noticia<\/h5><ul class='av-share-box-list noLightbox'><li class='av-share-link av-social-link-facebook' ><a target=\"_blank\" aria-label=\"Compartir en Facebook\" href='https:\/\/www.facebook.com\/sharer.php?u=https:\/\/radiorevelacionfm.cl\/?p=34780&#038;t=Avanza%20ampliaci%C3%B3n%20del%20Cementerio%20de%20Puerto%20Ays%C3%A9n%3A%20Gobernadora%20y%20alcalde%20firman%20convenio%20de%20la%20obra' aria-hidden='false' data-av_icon='\ue8f3' data-av_iconfont='entypo-fontello' title='' data-avia-related-tooltip='Compartir en Facebook' rel=\"noopener\"><span class='avia_hidden_link_text'>Compartir en Facebook<\/span><\/a><\/li><li class='av-share-link av-social-link-twitter' ><a target=\"_blank\" aria-label=\"Compartir en Twitter\" href='https:\/\/twitter.com\/share?text=Avanza%20ampliaci%C3%B3n%20del%20Cementerio%20de%20Puerto%20Ays%C3%A9n%3A%20Gobernadora%20y%20alcalde%20firman%20convenio%20de%20la%20obra&#038;url=https:\/\/radiorevelacionfm.cl\/?p=34780' aria-hidden='false' data-av_icon='\ue8f1' data-av_iconfont='entypo-fontello' title='' data-avia-related-tooltip='Compartir en Twitter' rel=\"noopener\"><span class='avia_hidden_link_text'>Compartir en Twitter<\/span><\/a><\/li><li class='av-share-link av-social-link-whatsapp' ><a target=\"_blank\" aria-label=\"Compartir en Whatsapp\" href='https:\/\/api.whatsapp.com\/send?text=https:\/\/radiorevelacionfm.cl\/?p=34780' aria-hidden='false' data-av_icon='\uf232' data-av_iconfont='entypo-fontello' title='' data-avia-related-tooltip='Compartir en Whatsapp' rel=\"noopener\"><span class='avia_hidden_link_text'>Compartir en Whatsapp<\/span><\/a><\/li><li class='av-share-link av-social-link-linkedin' ><a target=\"_blank\" aria-label=\"Compartir en LinkedIn\" href='https:\/\/linkedin.com\/shareArticle?mini=true&#038;title=Avanza%20ampliaci%C3%B3n%20del%20Cementerio%20de%20Puerto%20Ays%C3%A9n%3A%20Gobernadora%20y%20alcalde%20firman%20convenio%20de%20la%20obra&#038;url=https:\/\/radiorevelacionfm.cl\/?p=34780' aria-hidden='false' data-av_icon='\ue8fc' data-av_iconfont='entypo-fontello' title='' data-avia-related-tooltip='Compartir en LinkedIn' rel=\"noopener\"><span class='avia_hidden_link_text'>Compartir en LinkedIn<\/span><\/a><\/li><li class='av-share-link av-social-link-mail' ><a  aria-label=\"Compartir por correo\" href='mailto:?subject=Avanza%20ampliaci%C3%B3n%20del%20Cementerio%20de%20Puerto%20Ays%C3%A9n%3A%20Gobernadora%20y%20alcalde%20firman%20convenio%20de%20la%20obra&#038;body=https:\/\/radiorevelacionfm.cl\/?p=34780' aria-hidden='false' data-av_icon='\ue805' data-av_iconfont='entypo-fontello' title='' data-avia-related-tooltip='Compartir por correo'><span class='avia_hidden_link_text'>Compartir por correo<\/span><\/a><\/li><\/ul><\/div><\/div>\n<div  style='height:50px' class='hr hr-invisible   avia-builder-el-8  el_after_av_social_share  el_before_av_comments_list '><span class='hr-inner ' ><span class='hr-inner-style'><\/span><\/span><\/div>\n<div  class='av-buildercomment  av-blog-meta-html-info-disabled av-blog-meta-tag-disabled  '><\/div>\n","protected":false},"excerpt":{"rendered":"","protected":false},"author":1,"featured_media":34781,"comment_status":"open","ping_status":"open","sticky":false,"template":"","format":"standard","meta":{"footnotes":""},"categories":[38],"tags":[],"class_list":["post-34780","post","type-post","status-publish","format-standard","has-post-thumbnail","hentry","category-regional"],"jetpack_featured_media_url":"https:\/\/radiorevelacionfm.cl\/wp-content\/uploads\/2023\/09\/Cementerio-3-1-1.jpeg","_links":{"self":[{"href":"https:\/\/radiorevelacionfm.cl\/index.php?rest_route=\/wp\/v2\/posts\/34780","targetHints":{"allow":["GET"]}}],"collection":[{"href":"https:\/\/radiorevelacionfm.cl\/index.php?rest_route=\/wp\/v2\/posts"}],"about":[{"href":"https:\/\/radiorevelacionfm.cl\/index.php?rest_route=\/wp\/v2\/types\/post"}],"author":[{"embeddable":true,"href":"https:\/\/radiorevelacionfm.cl\/index.php?rest_route=\/wp\/v2\/users\/1"}],"replies":[{"embeddable":true,"href":"https:\/\/radiorevelacionfm.cl\/index.php?rest_route=%2Fwp%2Fv2%2Fcomments&post=34780"}],"version-history":[{"count":1,"href":"https:\/\/radiorevelacionfm.cl\/index.php?rest_route=\/wp\/v2\/posts\/34780\/revisions"}],"predecessor-version":[{"id":34782,"href":"https:\/\/radiorevelacionfm.cl\/index.php?rest_route=\/wp\/v2\/posts\/34780\/revisions\/34782"}],"wp:featuredmedia":[{"embeddable":true,"href":"https:\/\/radiorevelacionfm.cl\/index.php?rest_route=\/wp\/v2\/media\/34781"}],"wp:attachment":[{"href":"https:\/\/radiorevelacionfm.cl\/index.php?rest_route=%2Fwp%2Fv2%2Fmedia&parent=34780"}],"wp:term":[{"taxonomy":"category","embeddable":true,"href":"https:\/\/radiorevelacionfm.cl\/index.php?rest_route=%2Fwp%2Fv2%2Fcategories&post=34780"},{"taxonomy":"post_tag","embeddable":true,"href":"https:\/\/radiorevelacionfm.cl\/index.php?rest_route=%2Fwp%2Fv2%2Ftags&post=34780"}],"curies":[{"name":"wp","href":"https:\/\/api.w.org\/{rel}","templated":true}]}}