{"id":3478,"date":"2021-04-24T22:00:08","date_gmt":"2021-04-25T01:00:08","guid":{"rendered":"https:\/\/radiorevelacionfm.cl\/?p=3478"},"modified":"2021-04-24T22:00:08","modified_gmt":"2021-04-25T01:00:08","slug":"ejercito-realiza-proceso-de-acuartelamiento-de-jovenes-que-cumpliran-el-servicio-militar-2021-2022","status":"publish","type":"post","link":"https:\/\/radiorevelacionfm.cl\/?p=3478","title":{"rendered":"Ej\u00e9rcito realiza proceso de acuartelamiento de j\u00f3venes que cumplir\u00e1n el Servicio Militar 2021-2022"},"content":{"rendered":"<div class=\"flex_column av_one_full  flex_column_div av-zero-column-padding first  avia-builder-el-0  el_before_av_one_full  avia-builder-el-first  \" style='border-radius:0px; '><div  class='avia-image-container  av-styling-    avia-builder-el-1  avia-builder-el-no-sibling  avia-align-center '  itemprop=\"image\" itemscope=\"itemscope\" itemtype=\"https:\/\/schema.org\/ImageObject\"  ><div class='avia-image-container-inner'><div class='avia-image-overlay-wrap'><img decoding=\"async\" class='wp-image-0 avia-img-lazy-loading-not-0 avia_image' src=\"https:\/\/radiorevelacionfm.cl\/wp-content\/uploads\/2021\/04\/ejercito_1_optimized.jpg\" alt='' title=''   itemprop=\"thumbnailUrl\"  \/><\/div><\/div><\/div><\/div><div class=\"flex_column av_one_full  flex_column_div av-zero-column-padding first  avia-builder-el-2  el_after_av_one_full  el_before_av_one_full  column-top-margin\" style='border-radius:0px; '><section class=\"av_textblock_section \"  itemscope=\"itemscope\" itemtype=\"https:\/\/schema.org\/BlogPosting\" itemprop=\"blogPost\" ><div class='avia_textblock  '   itemprop=\"text\" ><p style=\"text-align: center;\"><strong><span style=\"font-size: 18pt;\">Ej\u00e9rcito realiza proceso de acuartelamiento de j\u00f3venes que cumplir\u00e1n el Servicio Militar 2021-2022<\/span><\/strong><\/p>\n<div id=\"gtx-trans\" style=\"position: absolute; left: -50px; top: 4.31534px;\">\n<div class=\"gtx-trans-icon\"><\/div>\n<\/div>\n<\/div><\/section><\/div><div class=\"flex_column av_one_full  flex_column_div av-zero-column-padding first  avia-builder-el-4  el_after_av_one_full  el_before_av_hr  column-top-margin\" style='border-radius:0px; '><section class=\"av_textblock_section \"  itemscope=\"itemscope\" itemtype=\"https:\/\/schema.org\/BlogPosting\" itemprop=\"blogPost\" ><div class='avia_textblock  '   itemprop=\"text\" ><p style=\"text-align: justify;\">Durante esta semana la IV Divisi\u00f3n de Ej\u00e9rcito dio inicio al proceso de acuartelamiento del contingente promoci\u00f3n 2021-2022, recibiendo a los j\u00f3venes que cumplir\u00e1n el Servicio Militar en el Destacamento Motorizado N\u00b014 \u201cAys\u00e9n\u201d en la ciudad de Coyhaique y en el Regimiento N\u00b08 \u201cChilo\u00e9\u201d en Puerto Ays\u00e9n.<\/p>\n<p style=\"text-align: justify;\">Cabe destacar, que el nuevo contingente a su ingreso cumpli\u00f3 con todos los protocolos sanitarios, para prevenir la propagaci\u00f3n del COVID-19. Los j\u00f3venes se encuentran en aislamiento preventivo cumpliendo con la cuarentena dispuesta por el Ministerio de Salud, controlados \u00fanicamente por el personal de sanidad militar, manteniendo contacto solamente con sus instructores, siendo despachados a sus respectivas unidades militares una vez terminado el aislamiento.<\/p>\n<p style=\"text-align: justify;\">Al momento de su ingreso al Servicio Militar, los comandantes de unidades recibieron a los j\u00f3venes y destacaron la vocaci\u00f3n de servicio a Chile, lo que cobra un especial valor dado la emergencia sanitaria por la cual atraviesa el pa\u00eds, donde el Ej\u00e9rcito de Chile ha tenido un importante rol en apoyar a la comunidad para prevenir y contener el aumento de contagios por \u00a0Coronavirus.<\/p>\n<div class=\"code-block code-block-4\" style=\"text-align: justify;\">\n<div id=\"sas_99072\">Finalmente, a la formaci\u00f3n militar, val\u00f3rica\u00a0 y educacional, que incluye la nivelaci\u00f3n de estudios y las capacitaciones en cursos SENCE, que entrega el Ej\u00e9rcito de Chile a los j\u00f3venes, se agrega la opci\u00f3n de\u00a0 postular a la Escuela Militar o Escuela de Suboficiales, o bien integrarse a las filas de la instituci\u00f3n, por un per\u00edodo de cinco a\u00f1os, como parte de la tropa profesional.<\/div>\n<\/div>\n<\/div><\/section><\/div><div  style='height:50px' class='hr hr-invisible   avia-builder-el-6  el_after_av_one_full  el_before_av_social_share '><span class='hr-inner ' ><span class='hr-inner-style'><\/span><\/span><\/div><\/p>\n<div  class='av-social-sharing-box  avia-builder-el-7  el_after_av_hr  el_before_av_hr  '><div class='av-share-box'><h5 class='av-share-link-description av-no-toc '>Compartir esta noticia<\/h5><ul class='av-share-box-list noLightbox'><li class='av-share-link av-social-link-facebook' ><a target=\"_blank\" aria-label=\"Compartir en Facebook\" href='https:\/\/www.facebook.com\/sharer.php?u=https:\/\/radiorevelacionfm.cl\/?p=3478&#038;t=Ej%C3%A9rcito%20realiza%20proceso%20de%20acuartelamiento%20de%20j%C3%B3venes%20que%20cumplir%C3%A1n%20el%20Servicio%20Militar%202021-2022' aria-hidden='false' data-av_icon='\ue8f3' data-av_iconfont='entypo-fontello' title='' data-avia-related-tooltip='Compartir en Facebook' rel=\"noopener\"><span class='avia_hidden_link_text'>Compartir en Facebook<\/span><\/a><\/li><li class='av-share-link av-social-link-twitter' ><a target=\"_blank\" aria-label=\"Compartir en Twitter\" href='https:\/\/twitter.com\/share?text=Ej%C3%A9rcito%20realiza%20proceso%20de%20acuartelamiento%20de%20j%C3%B3venes%20que%20cumplir%C3%A1n%20el%20Servicio%20Militar%202021-2022&#038;url=https:\/\/radiorevelacionfm.cl\/?p=3478' aria-hidden='false' data-av_icon='\ue8f1' data-av_iconfont='entypo-fontello' title='' data-avia-related-tooltip='Compartir en Twitter' rel=\"noopener\"><span class='avia_hidden_link_text'>Compartir en Twitter<\/span><\/a><\/li><li class='av-share-link av-social-link-whatsapp' ><a target=\"_blank\" aria-label=\"Compartir en Whatsapp\" href='https:\/\/api.whatsapp.com\/send?text=https:\/\/radiorevelacionfm.cl\/?p=3478' aria-hidden='false' data-av_icon='\uf232' data-av_iconfont='entypo-fontello' title='' data-avia-related-tooltip='Compartir en Whatsapp' rel=\"noopener\"><span class='avia_hidden_link_text'>Compartir en Whatsapp<\/span><\/a><\/li><li class='av-share-link av-social-link-linkedin' ><a target=\"_blank\" aria-label=\"Compartir en LinkedIn\" href='https:\/\/linkedin.com\/shareArticle?mini=true&#038;title=Ej%C3%A9rcito%20realiza%20proceso%20de%20acuartelamiento%20de%20j%C3%B3venes%20que%20cumplir%C3%A1n%20el%20Servicio%20Militar%202021-2022&#038;url=https:\/\/radiorevelacionfm.cl\/?p=3478' aria-hidden='false' data-av_icon='\ue8fc' data-av_iconfont='entypo-fontello' title='' data-avia-related-tooltip='Compartir en LinkedIn' rel=\"noopener\"><span class='avia_hidden_link_text'>Compartir en LinkedIn<\/span><\/a><\/li><li class='av-share-link av-social-link-mail' ><a  aria-label=\"Compartir por correo\" href='mailto:?subject=Ej%C3%A9rcito%20realiza%20proceso%20de%20acuartelamiento%20de%20j%C3%B3venes%20que%20cumplir%C3%A1n%20el%20Servicio%20Militar%202021-2022&#038;body=https:\/\/radiorevelacionfm.cl\/?p=3478' aria-hidden='false' data-av_icon='\ue805' data-av_iconfont='entypo-fontello' title='' data-avia-related-tooltip='Compartir por correo'><span class='avia_hidden_link_text'>Compartir por correo<\/span><\/a><\/li><\/ul><\/div><\/div>\n<div  style='height:50px' class='hr hr-invisible   avia-builder-el-8  el_after_av_social_share  el_before_av_comments_list '><span class='hr-inner ' ><span class='hr-inner-style'><\/span><\/span><\/div>\n<div  class='av-buildercomment  av-blog-meta-html-info-disabled av-blog-meta-tag-disabled  '><\/div>\n","protected":false},"excerpt":{"rendered":"","protected":false},"author":1,"featured_media":0,"comment_status":"open","ping_status":"open","sticky":false,"template":"","format":"standard","meta":{"footnotes":""},"categories":[38],"tags":[],"class_list":["post-3478","post","type-post","status-publish","format-standard","hentry","category-regional"],"jetpack_featured_media_url":"","_links":{"self":[{"href":"https:\/\/radiorevelacionfm.cl\/index.php?rest_route=\/wp\/v2\/posts\/3478","targetHints":{"allow":["GET"]}}],"collection":[{"href":"https:\/\/radiorevelacionfm.cl\/index.php?rest_route=\/wp\/v2\/posts"}],"about":[{"href":"https:\/\/radiorevelacionfm.cl\/index.php?rest_route=\/wp\/v2\/types\/post"}],"author":[{"embeddable":true,"href":"https:\/\/radiorevelacionfm.cl\/index.php?rest_route=\/wp\/v2\/users\/1"}],"replies":[{"embeddable":true,"href":"https:\/\/radiorevelacionfm.cl\/index.php?rest_route=%2Fwp%2Fv2%2Fcomments&post=3478"}],"version-history":[{"count":1,"href":"https:\/\/radiorevelacionfm.cl\/index.php?rest_route=\/wp\/v2\/posts\/3478\/revisions"}],"predecessor-version":[{"id":3480,"href":"https:\/\/radiorevelacionfm.cl\/index.php?rest_route=\/wp\/v2\/posts\/3478\/revisions\/3480"}],"wp:attachment":[{"href":"https:\/\/radiorevelacionfm.cl\/index.php?rest_route=%2Fwp%2Fv2%2Fmedia&parent=3478"}],"wp:term":[{"taxonomy":"category","embeddable":true,"href":"https:\/\/radiorevelacionfm.cl\/index.php?rest_route=%2Fwp%2Fv2%2Fcategories&post=3478"},{"taxonomy":"post_tag","embeddable":true,"href":"https:\/\/radiorevelacionfm.cl\/index.php?rest_route=%2Fwp%2Fv2%2Ftags&post=3478"}],"curies":[{"name":"wp","href":"https:\/\/api.w.org\/{rel}","templated":true}]}}