{"id":34778,"date":"2023-09-09T17:04:39","date_gmt":"2023-09-09T20:04:39","guid":{"rendered":"https:\/\/radiorevelacionfm.cl\/?p=34778"},"modified":"2023-09-09T17:04:39","modified_gmt":"2023-09-09T20:04:39","slug":"seremi-de-justicia-y-dd-hh-destaca-agenda-legislativa-en-derechos-humanos-presentada-por-el-gobierno","status":"publish","type":"post","link":"https:\/\/radiorevelacionfm.cl\/?p=34778","title":{"rendered":"Seremi de Justicia y DD.HH destaca agenda legislativa en Derechos Humanos presentada por el Gobierno"},"content":{"rendered":"<div class=\"flex_column av_one_full  flex_column_div av-zero-column-padding first  avia-builder-el-0  el_before_av_one_full  avia-builder-el-first  \" style='border-radius:0px; '><div  class='avia-image-container  av-styling-    avia-builder-el-1  avia-builder-el-no-sibling  avia-align-center '  itemprop=\"image\" itemscope=\"itemscope\" itemtype=\"https:\/\/schema.org\/ImageObject\"  ><div class='avia-image-container-inner'><div class='avia-image-overlay-wrap'><img decoding=\"async\" class='wp-image-31131 avia-img-lazy-loading-not-31131 avia_image' src=\"https:\/\/radiorevelacionfm.cl\/wp-content\/uploads\/2023\/05\/seremi-justicia-y-ddhh-2_optimized.jpg\" alt='' title='seremi-justicia-y-ddhh-(2)_optimized' height=\"600\" width=\"748\"  itemprop=\"thumbnailUrl\" srcset=\"https:\/\/radiorevelacionfm.cl\/wp-content\/uploads\/2023\/05\/seremi-justicia-y-ddhh-2_optimized.jpg 748w, https:\/\/radiorevelacionfm.cl\/wp-content\/uploads\/2023\/05\/seremi-justicia-y-ddhh-2_optimized-300x241.jpg 300w, https:\/\/radiorevelacionfm.cl\/wp-content\/uploads\/2023\/05\/seremi-justicia-y-ddhh-2_optimized-705x566.jpg 705w, https:\/\/radiorevelacionfm.cl\/wp-content\/uploads\/2023\/05\/seremi-justicia-y-ddhh-2_optimized-450x361.jpg 450w, https:\/\/radiorevelacionfm.cl\/wp-content\/uploads\/2023\/05\/seremi-justicia-y-ddhh-2_optimized-600x481.jpg 600w\" sizes=\"(max-width: 748px) 100vw, 748px\" \/><\/div><\/div><\/div><\/div><div class=\"flex_column av_one_full  flex_column_div av-zero-column-padding first  avia-builder-el-2  el_after_av_one_full  el_before_av_one_full  column-top-margin\" style='border-radius:0px; '><section class=\"av_textblock_section \"  itemscope=\"itemscope\" itemtype=\"https:\/\/schema.org\/BlogPosting\" itemprop=\"blogPost\" ><div class='avia_textblock  '   itemprop=\"text\" ><p style=\"text-align: center;\"><span style=\"font-size: 18pt;\"><strong>Seremi de Justicia y DD.HH destaca agenda legislativa en Derechos Humanos presentada por el Gobierno <\/strong><\/span><\/p>\n<div id=\"gtx-trans\" style=\"position: absolute; left: -50px; top: 4.31534px;\">\n<div class=\"gtx-trans-icon\"><\/div>\n<\/div>\n<\/div><\/section><\/div><div class=\"flex_column av_one_full  flex_column_div av-zero-column-padding first  avia-builder-el-4  el_after_av_one_full  el_before_av_hr  column-top-margin\" style='border-radius:0px; '><section class=\"av_textblock_section \"  itemscope=\"itemscope\" itemtype=\"https:\/\/schema.org\/BlogPosting\" itemprop=\"blogPost\" ><div class='avia_textblock  '   itemprop=\"text\" ><p style=\"text-align: justify;\">Enmarcada en la conmemoraci\u00f3n de los 50 a\u00f1os del Golpe de Estado, el Gobierno del Presidente Gabriel Boric present\u00f3 recientemente su agenda legislativa en Derechos Humanos, instancia que fue valorada por el Seremi de Justicia y Derechos Humanos Samuel Navarro Castro, puesto que se traduce en una serie de iniciativas legales que ser\u00e1n enviadas al Congreso con el objetivo de aportar en la b\u00fasqueda de la verdad, justicia, reparaci\u00f3n, memorias y garant\u00edas de no repetici\u00f3n.<\/p>\n<p style=\"text-align: justify;\">En este sentido, el Seremi de Justicia y Derechos Humanos Samuel Navarro explic\u00f3 que dichas iniciativas vienen a complementar el Plan Nacional de B\u00fasqueda Verdad y Justicia indicando que \u201cel gobierno ha presentado una agenda legislativa robusta en materia de Derechos humanos se trata de una serie de iniciativas, partiendo por la calificaci\u00f3n jur\u00eddica de ausencia por desaparici\u00f3n forzada, la tipificaci\u00f3n de los delitos de desaparici\u00f3n forzada y ejecuci\u00f3n extralegal, esto cumpliendo con la normativa internacional y los mandatos de las cortes en estas materias de derechos humanos, un levantamiento parcial de la moratoria del secreto de los 50 a\u00f1os sobre los testimonios contenidos y recibidos ante la comisi\u00f3n nacional de prisi\u00f3n pol\u00edtica y tortura Comisi\u00f3n Valech, una pol\u00edtica espec\u00edfica de memoria y patrimonio y una eliminaci\u00f3n de la restricci\u00f3n del conjunto de leyes que fueron dictado bajo el car\u00e1cter de secreto o reservado o circulaci\u00f3n restringida conocida como las leyes secretas\u201d.<\/p>\n<p style=\"text-align: justify;\">Ahora, la autoridad regional fue enf\u00e1tica en se\u00f1alar \u201cque todo este conjunto de normativas son de incalculable valor para ir profundizando nuestra democracia y protegiendo nuestro sistema democr\u00e1tico, y en consecuencia y en coherencia con esta pol\u00edtica de derechos humanos robusta que ha dispuesto el Presidente de la Rep\u00fablica\u201d.<\/p>\n<p style=\"text-align: justify;\">Finalmente, se\u00f1alar que el Gobierno del Presidente Boric se ha comprometido avanzar no solamente en el reconocimiento del Estado a las v\u00edctimas que vivieron atrocidades en el contexto de la dictadura, sino que en promover que se esclarezca la verdad y se avance de manera significativa en Justicia.<\/p>\n<\/div><\/section><\/div><div  style='height:50px' class='hr hr-invisible   avia-builder-el-6  el_after_av_one_full  el_before_av_social_share '><span class='hr-inner ' ><span class='hr-inner-style'><\/span><\/span><\/div><\/p>\n<div  class='av-social-sharing-box  avia-builder-el-7  el_after_av_hr  el_before_av_hr  '><div class='av-share-box'><h5 class='av-share-link-description av-no-toc '>Compartir esta noticia<\/h5><ul class='av-share-box-list noLightbox'><li class='av-share-link av-social-link-facebook' ><a target=\"_blank\" aria-label=\"Compartir en Facebook\" href='https:\/\/www.facebook.com\/sharer.php?u=https:\/\/radiorevelacionfm.cl\/?p=34778&#038;t=Seremi%20de%20Justicia%20y%20DD.HH%20destaca%20agenda%20legislativa%20en%20Derechos%20Humanos%20presentada%20por%20el%20Gobierno' aria-hidden='false' data-av_icon='\ue8f3' data-av_iconfont='entypo-fontello' title='' data-avia-related-tooltip='Compartir en Facebook' rel=\"noopener\"><span class='avia_hidden_link_text'>Compartir en Facebook<\/span><\/a><\/li><li class='av-share-link av-social-link-twitter' ><a target=\"_blank\" aria-label=\"Compartir en Twitter\" href='https:\/\/twitter.com\/share?text=Seremi%20de%20Justicia%20y%20DD.HH%20destaca%20agenda%20legislativa%20en%20Derechos%20Humanos%20presentada%20por%20el%20Gobierno&#038;url=https:\/\/radiorevelacionfm.cl\/?p=34778' aria-hidden='false' data-av_icon='\ue8f1' data-av_iconfont='entypo-fontello' title='' data-avia-related-tooltip='Compartir en Twitter' rel=\"noopener\"><span class='avia_hidden_link_text'>Compartir en Twitter<\/span><\/a><\/li><li class='av-share-link av-social-link-whatsapp' ><a target=\"_blank\" aria-label=\"Compartir en Whatsapp\" href='https:\/\/api.whatsapp.com\/send?text=https:\/\/radiorevelacionfm.cl\/?p=34778' aria-hidden='false' data-av_icon='\uf232' data-av_iconfont='entypo-fontello' title='' data-avia-related-tooltip='Compartir en Whatsapp' rel=\"noopener\"><span class='avia_hidden_link_text'>Compartir en Whatsapp<\/span><\/a><\/li><li class='av-share-link av-social-link-linkedin' ><a target=\"_blank\" aria-label=\"Compartir en LinkedIn\" href='https:\/\/linkedin.com\/shareArticle?mini=true&#038;title=Seremi%20de%20Justicia%20y%20DD.HH%20destaca%20agenda%20legislativa%20en%20Derechos%20Humanos%20presentada%20por%20el%20Gobierno&#038;url=https:\/\/radiorevelacionfm.cl\/?p=34778' aria-hidden='false' data-av_icon='\ue8fc' data-av_iconfont='entypo-fontello' title='' data-avia-related-tooltip='Compartir en LinkedIn' rel=\"noopener\"><span class='avia_hidden_link_text'>Compartir en LinkedIn<\/span><\/a><\/li><li class='av-share-link av-social-link-mail' ><a  aria-label=\"Compartir por correo\" href='mailto:?subject=Seremi%20de%20Justicia%20y%20DD.HH%20destaca%20agenda%20legislativa%20en%20Derechos%20Humanos%20presentada%20por%20el%20Gobierno&#038;body=https:\/\/radiorevelacionfm.cl\/?p=34778' aria-hidden='false' data-av_icon='\ue805' data-av_iconfont='entypo-fontello' title='' data-avia-related-tooltip='Compartir por correo'><span class='avia_hidden_link_text'>Compartir por correo<\/span><\/a><\/li><\/ul><\/div><\/div>\n<div  style='height:50px' class='hr hr-invisible   avia-builder-el-8  el_after_av_social_share  el_before_av_comments_list '><span class='hr-inner ' ><span class='hr-inner-style'><\/span><\/span><\/div>\n<div  class='av-buildercomment  av-blog-meta-html-info-disabled av-blog-meta-tag-disabled  '><\/div>\n","protected":false},"excerpt":{"rendered":"","protected":false},"author":1,"featured_media":31131,"comment_status":"open","ping_status":"open","sticky":false,"template":"","format":"standard","meta":{"footnotes":""},"categories":[55],"tags":[],"class_list":["post-34778","post","type-post","status-publish","format-standard","has-post-thumbnail","hentry","category-justicia"],"jetpack_featured_media_url":"https:\/\/radiorevelacionfm.cl\/wp-content\/uploads\/2023\/05\/seremi-justicia-y-ddhh-2_optimized.jpg","_links":{"self":[{"href":"https:\/\/radiorevelacionfm.cl\/index.php?rest_route=\/wp\/v2\/posts\/34778","targetHints":{"allow":["GET"]}}],"collection":[{"href":"https:\/\/radiorevelacionfm.cl\/index.php?rest_route=\/wp\/v2\/posts"}],"about":[{"href":"https:\/\/radiorevelacionfm.cl\/index.php?rest_route=\/wp\/v2\/types\/post"}],"author":[{"embeddable":true,"href":"https:\/\/radiorevelacionfm.cl\/index.php?rest_route=\/wp\/v2\/users\/1"}],"replies":[{"embeddable":true,"href":"https:\/\/radiorevelacionfm.cl\/index.php?rest_route=%2Fwp%2Fv2%2Fcomments&post=34778"}],"version-history":[{"count":1,"href":"https:\/\/radiorevelacionfm.cl\/index.php?rest_route=\/wp\/v2\/posts\/34778\/revisions"}],"predecessor-version":[{"id":34779,"href":"https:\/\/radiorevelacionfm.cl\/index.php?rest_route=\/wp\/v2\/posts\/34778\/revisions\/34779"}],"wp:featuredmedia":[{"embeddable":true,"href":"https:\/\/radiorevelacionfm.cl\/index.php?rest_route=\/wp\/v2\/media\/31131"}],"wp:attachment":[{"href":"https:\/\/radiorevelacionfm.cl\/index.php?rest_route=%2Fwp%2Fv2%2Fmedia&parent=34778"}],"wp:term":[{"taxonomy":"category","embeddable":true,"href":"https:\/\/radiorevelacionfm.cl\/index.php?rest_route=%2Fwp%2Fv2%2Fcategories&post=34778"},{"taxonomy":"post_tag","embeddable":true,"href":"https:\/\/radiorevelacionfm.cl\/index.php?rest_route=%2Fwp%2Fv2%2Ftags&post=34778"}],"curies":[{"name":"wp","href":"https:\/\/api.w.org\/{rel}","templated":true}]}}