{"id":34775,"date":"2023-09-07T21:58:21","date_gmt":"2023-09-08T00:58:21","guid":{"rendered":"https:\/\/radiorevelacionfm.cl\/?p=34775"},"modified":"2023-09-07T22:09:19","modified_gmt":"2023-09-08T01:09:19","slug":"senadora-ordenes-visito-el-instituto-oncologico-falp","status":"publish","type":"post","link":"https:\/\/radiorevelacionfm.cl\/?p=34775","title":{"rendered":"Senadora \u00d3rdenes visit\u00f3 el Instituto Oncol\u00f3gico FALP para ampliar soluciones en salud"},"content":{"rendered":"<div class=\"flex_column av_one_full  flex_column_div av-zero-column-padding first  avia-builder-el-0  el_before_av_one_full  avia-builder-el-first  \" style='border-radius:0px; '><div  class='avia-image-container  av-styling-    avia-builder-el-1  avia-builder-el-no-sibling  avia-align-center '  itemprop=\"image\" itemscope=\"itemscope\" itemtype=\"https:\/\/schema.org\/ImageObject\"  ><div class='avia-image-container-inner'><div class='avia-image-overlay-wrap'><img decoding=\"async\" class='wp-image-34776 avia-img-lazy-loading-not-34776 avia_image' src=\"https:\/\/radiorevelacionfm.cl\/wp-content\/uploads\/2023\/09\/Foto-1-4-1-1.jpg\" alt='' title='Foto #1 (4) (1) (1)' height=\"600\" width=\"900\"  itemprop=\"thumbnailUrl\" srcset=\"https:\/\/radiorevelacionfm.cl\/wp-content\/uploads\/2023\/09\/Foto-1-4-1-1.jpg 900w, https:\/\/radiorevelacionfm.cl\/wp-content\/uploads\/2023\/09\/Foto-1-4-1-1-300x200.jpg 300w, https:\/\/radiorevelacionfm.cl\/wp-content\/uploads\/2023\/09\/Foto-1-4-1-1-768x512.jpg 768w, https:\/\/radiorevelacionfm.cl\/wp-content\/uploads\/2023\/09\/Foto-1-4-1-1-705x470.jpg 705w, https:\/\/radiorevelacionfm.cl\/wp-content\/uploads\/2023\/09\/Foto-1-4-1-1-450x300.jpg 450w, https:\/\/radiorevelacionfm.cl\/wp-content\/uploads\/2023\/09\/Foto-1-4-1-1-600x400.jpg 600w\" sizes=\"(max-width: 900px) 100vw, 900px\" \/><\/div><\/div><\/div><\/div>\n<div class=\"flex_column av_one_full  flex_column_div av-zero-column-padding first  avia-builder-el-2  el_after_av_one_full  el_before_av_one_full  column-top-margin\" style='border-radius:0px; '><section class=\"av_textblock_section \"  itemscope=\"itemscope\" itemtype=\"https:\/\/schema.org\/BlogPosting\" itemprop=\"blogPost\" ><div class='avia_textblock  '   itemprop=\"text\" ><p style=\"text-align: center;\"><strong><span style=\"font-size: 18pt;\">Senadora \u00d3rdenes visit\u00f3 el Instituto Oncol\u00f3gico FALP para ampliar soluciones en salud<\/span><\/strong><\/p>\n<div id=\"gtx-trans\" style=\"position: absolute; left: -50px; top: 4.31534px;\">\n<div class=\"gtx-trans-icon\"><\/div>\n<\/div>\n<\/div><\/section><\/div><div class=\"flex_column av_one_full  flex_column_div av-zero-column-padding first  avia-builder-el-4  el_after_av_one_full  el_before_av_hr  column-top-margin\" style='border-radius:0px; '><section class=\"av_textblock_section \"  itemscope=\"itemscope\" itemtype=\"https:\/\/schema.org\/BlogPosting\" itemprop=\"blogPost\" ><div class='avia_textblock  '   itemprop=\"text\" ><p style=\"text-align: justify;\"><span style=\"font-weight: 400;\">Con una visita guiada, en la cual conoci\u00f3 el funcionamiento del robot de farmacia Apoteca Chemo y la Unidad de Radioterapia del Instituto Oncol\u00f3gico de la Fundaci\u00f3n Arturo L\u00f3pez P\u00e9rez (FALP), la senadora por la regi\u00f3n de Ays\u00e9n, Ximena \u00d3rdenes, recorri\u00f3 el centro de tratamiento contra el c\u00e1ncer. La visita se coordin\u00f3 en el marco del proyecto de ley de Olvido Oncol\u00f3gico que est\u00e1 impulsando Ordenes, junto con otros integrantes de la Comisi\u00f3n de Salud del Senado y por el inter\u00e9s que ha manifestado la senadora en comprender las distintas dimensiones de esta enfermedad.<\/span><\/p>\n<p style=\"text-align: justify;\"><span style=\"font-weight: 400;\">El instituto Oncol\u00f3gico de la FALP es una instituci\u00f3n sin fines de lucro que busca dar acceso oportuno a un tratamiento integral. Cuenta con un centro de alta especializaci\u00f3n que tambi\u00e9n busca detectar de forma precoz el c\u00e1ncer, a trav\u00e9s de programas de educaci\u00f3n y prevenci\u00f3n, disponiendo de tecnolog\u00edas innovadoras, desarrollando investigaci\u00f3n avanzada y formando profesionales especializados.<\/span><\/p>\n<p style=\"text-align: justify;\"><span style=\"font-weight: 400;\">\u201cConocer FALP permite comprender mejor una problem\u00e1tica de salud tan compleja como el c\u00e1ncer, por eso se requiere una mirada integral, especialmente en la etapa de tratamiento. Asimismo, destacar el \u00e9nfasis que la fundaci\u00f3n tiene en pro de aprovechar las oportunidades que otorgan las nuevas tecnolog\u00edas en el \u00e1mbito de la salud, tanto para la elaboraci\u00f3n de medicamentos, como para el tratamiento. FALP es un centro de referencia que coloca al pa\u00eds en una posici\u00f3n vanguardista respecto de c\u00f3mo enfrentar la principal causa de muerte en Chile\u201d, afirm\u00f3 la senadora.<\/span><\/p>\n<p style=\"text-align: justify;\"><span style=\"font-weight: 400;\">\u201cHemos tenido la oportunidad de conocer la Unidad de Radioterapia, que, a trav\u00e9s del uso de nuevos dispositivos, permite que los tratamientos sean menos invasivos. Conocer este tipo de experiencias tambi\u00e9n constituye un desaf\u00edo para la Salud P\u00fablica, para establecer los convenios que sean necesarios, para que en regiones como la nuestra no solo se de garant\u00eda respecto del diagn\u00f3stico oportuno y el tratamiento adecuado, sino que, adem\u00e1s, pongamos \u00e9nfasis en todo lo que tiene que ver con las listas de espera oncol\u00f3gicas\u201d, concluy\u00f3 la parlamentaria.<\/span><\/p>\n<p style=\"text-align: justify;\"><span style=\"font-weight: 400;\">Por su parte, el gerente general del Instituto, Cristi\u00e1n Ayala, valor\u00f3 la visita de la parlamentaria, al mismo tiempo que destac\u00f3 las iniciativas que la senadora ha impulsado en la Comisi\u00f3n de Salud respecto al Proyecto de Ley de Olvido Oncol\u00f3gico y las iniciativas en apoyo a los pacientes y familias afectadas por el c\u00e1ncer.<\/span><\/p>\n<p style=\"text-align: justify;\"><span style=\"font-weight: 400;\">\u201cEstas visitas reflejan el progreso tecnol\u00f3gico de nuestra Instituci\u00f3n y la disposici\u00f3n que tenemos para establecer alianzas que contribuyan a mejorar la salud de los chilenos y chilenas. Estamos firmemente convencidos de que las asociaciones p\u00fablico-privadas son una v\u00eda para colaborar y en cierta medida, aliviar la situaci\u00f3n de las listas de espera que actualmente afecta a nuestro pa\u00eds\u201d, finaliz\u00f3 la actual cabeza administrativa del Instituto.<\/span><\/p>\n<p style=\"text-align: justify;\"><span style=\"font-weight: 400;\">La senadora \u00d3rdenes tambi\u00e9n asegur\u00f3 que seguir\u00e1 poniendo \u00e9nfasis en apoyar iniciativas desde la Comisi\u00f3n de Salud del Senado y relevar la importancia tanto de generar m\u00e1s alternativas oncol\u00f3gicas en las Garant\u00edas Expl\u00edcitas en Salud (GES), como tambi\u00e9n de dar soluciones a tiempo a las familias, sobre todo insistiendo en acotar los tiempos de espera, reduciendo las brechas de tiempo que se generan desde el diagnostico a un paciente oncol\u00f3gico y el tratamiento.<\/span><\/p>\n<\/div><\/section><\/div><\/p>\n<div  style='height:50px' class='hr hr-invisible   avia-builder-el-6  el_after_av_one_full  el_before_av_social_share '><span class='hr-inner ' ><span class='hr-inner-style'><\/span><\/span><\/div>\n<div  class='av-social-sharing-box  avia-builder-el-7  el_after_av_hr  el_before_av_hr  '><div class='av-share-box'><h5 class='av-share-link-description av-no-toc '>Compartir esta noticia<\/h5><ul class='av-share-box-list noLightbox'><li class='av-share-link av-social-link-facebook' ><a target=\"_blank\" aria-label=\"Compartir en Facebook\" href='https:\/\/www.facebook.com\/sharer.php?u=https:\/\/radiorevelacionfm.cl\/?p=34775&#038;t=Senadora%20%C3%93rdenes%20visit%C3%B3%20el%20Instituto%20Oncol%C3%B3gico%20FALP%20para%20ampliar%20soluciones%20en%20salud' aria-hidden='false' data-av_icon='\ue8f3' data-av_iconfont='entypo-fontello' title='' data-avia-related-tooltip='Compartir en Facebook' rel=\"noopener\"><span class='avia_hidden_link_text'>Compartir en Facebook<\/span><\/a><\/li><li class='av-share-link av-social-link-twitter' ><a target=\"_blank\" aria-label=\"Compartir en Twitter\" href='https:\/\/twitter.com\/share?text=Senadora%20%C3%93rdenes%20visit%C3%B3%20el%20Instituto%20Oncol%C3%B3gico%20FALP%20para%20ampliar%20soluciones%20en%20salud&#038;url=https:\/\/radiorevelacionfm.cl\/?p=34775' aria-hidden='false' data-av_icon='\ue8f1' data-av_iconfont='entypo-fontello' title='' data-avia-related-tooltip='Compartir en Twitter' rel=\"noopener\"><span class='avia_hidden_link_text'>Compartir en Twitter<\/span><\/a><\/li><li class='av-share-link av-social-link-whatsapp' ><a target=\"_blank\" aria-label=\"Compartir en Whatsapp\" href='https:\/\/api.whatsapp.com\/send?text=https:\/\/radiorevelacionfm.cl\/?p=34775' aria-hidden='false' data-av_icon='\uf232' data-av_iconfont='entypo-fontello' title='' data-avia-related-tooltip='Compartir en Whatsapp' rel=\"noopener\"><span class='avia_hidden_link_text'>Compartir en Whatsapp<\/span><\/a><\/li><li class='av-share-link av-social-link-linkedin' ><a target=\"_blank\" aria-label=\"Compartir en LinkedIn\" href='https:\/\/linkedin.com\/shareArticle?mini=true&#038;title=Senadora%20%C3%93rdenes%20visit%C3%B3%20el%20Instituto%20Oncol%C3%B3gico%20FALP%20para%20ampliar%20soluciones%20en%20salud&#038;url=https:\/\/radiorevelacionfm.cl\/?p=34775' aria-hidden='false' data-av_icon='\ue8fc' data-av_iconfont='entypo-fontello' title='' data-avia-related-tooltip='Compartir en LinkedIn' rel=\"noopener\"><span class='avia_hidden_link_text'>Compartir en LinkedIn<\/span><\/a><\/li><li class='av-share-link av-social-link-mail' ><a  aria-label=\"Compartir por correo\" href='mailto:?subject=Senadora%20%C3%93rdenes%20visit%C3%B3%20el%20Instituto%20Oncol%C3%B3gico%20FALP%20para%20ampliar%20soluciones%20en%20salud&#038;body=https:\/\/radiorevelacionfm.cl\/?p=34775' aria-hidden='false' data-av_icon='\ue805' data-av_iconfont='entypo-fontello' title='' data-avia-related-tooltip='Compartir por correo'><span class='avia_hidden_link_text'>Compartir por correo<\/span><\/a><\/li><\/ul><\/div><\/div>\n<div  style='height:50px' class='hr hr-invisible   avia-builder-el-8  el_after_av_social_share  el_before_av_comments_list '><span class='hr-inner ' ><span class='hr-inner-style'><\/span><\/span><\/div>\n<div  class='av-buildercomment  av-blog-meta-html-info-disabled av-blog-meta-tag-disabled  '><\/div>\n","protected":false},"excerpt":{"rendered":"","protected":false},"author":1,"featured_media":34776,"comment_status":"open","ping_status":"open","sticky":false,"template":"","format":"standard","meta":{"footnotes":""},"categories":[35],"tags":[],"class_list":["post-34775","post","type-post","status-publish","format-standard","has-post-thumbnail","hentry","category-politica"],"jetpack_featured_media_url":"https:\/\/radiorevelacionfm.cl\/wp-content\/uploads\/2023\/09\/Foto-1-4-1-1.jpg","_links":{"self":[{"href":"https:\/\/radiorevelacionfm.cl\/index.php?rest_route=\/wp\/v2\/posts\/34775","targetHints":{"allow":["GET"]}}],"collection":[{"href":"https:\/\/radiorevelacionfm.cl\/index.php?rest_route=\/wp\/v2\/posts"}],"about":[{"href":"https:\/\/radiorevelacionfm.cl\/index.php?rest_route=\/wp\/v2\/types\/post"}],"author":[{"embeddable":true,"href":"https:\/\/radiorevelacionfm.cl\/index.php?rest_route=\/wp\/v2\/users\/1"}],"replies":[{"embeddable":true,"href":"https:\/\/radiorevelacionfm.cl\/index.php?rest_route=%2Fwp%2Fv2%2Fcomments&post=34775"}],"version-history":[{"count":3,"href":"https:\/\/radiorevelacionfm.cl\/index.php?rest_route=\/wp\/v2\/posts\/34775\/revisions"}],"predecessor-version":[{"id":34784,"href":"https:\/\/radiorevelacionfm.cl\/index.php?rest_route=\/wp\/v2\/posts\/34775\/revisions\/34784"}],"wp:featuredmedia":[{"embeddable":true,"href":"https:\/\/radiorevelacionfm.cl\/index.php?rest_route=\/wp\/v2\/media\/34776"}],"wp:attachment":[{"href":"https:\/\/radiorevelacionfm.cl\/index.php?rest_route=%2Fwp%2Fv2%2Fmedia&parent=34775"}],"wp:term":[{"taxonomy":"category","embeddable":true,"href":"https:\/\/radiorevelacionfm.cl\/index.php?rest_route=%2Fwp%2Fv2%2Fcategories&post=34775"},{"taxonomy":"post_tag","embeddable":true,"href":"https:\/\/radiorevelacionfm.cl\/index.php?rest_route=%2Fwp%2Fv2%2Ftags&post=34775"}],"curies":[{"name":"wp","href":"https:\/\/api.w.org\/{rel}","templated":true}]}}