{"id":34765,"date":"2023-09-09T18:36:20","date_gmt":"2023-09-09T21:36:20","guid":{"rendered":"https:\/\/radiorevelacionfm.cl\/?p=34765"},"modified":"2023-09-09T18:36:20","modified_gmt":"2023-09-09T21:36:20","slug":"en-biblioteca-publica-se-realizo-el-conversatorio-aysen-todo-esta-presente-en-la-memoria","status":"publish","type":"post","link":"https:\/\/radiorevelacionfm.cl\/?p=34765","title":{"rendered":"En Biblioteca P\u00fablica se realiz\u00f3 el conversatorio \u201cAys\u00e9n, todo est\u00e1 presente en la memoria\u201d"},"content":{"rendered":"<div class=\"flex_column av_one_full  flex_column_div av-zero-column-padding first  avia-builder-el-0  el_before_av_one_full  avia-builder-el-first  \" style='border-radius:0px; '><div  class='avia-image-container  av-styling-    avia-builder-el-1  avia-builder-el-no-sibling  avia-align-center '  itemprop=\"image\" itemscope=\"itemscope\" itemtype=\"https:\/\/schema.org\/ImageObject\"  ><div class='avia-image-container-inner'><div class='avia-image-overlay-wrap'><img decoding=\"async\" class='wp-image-34766 avia-img-lazy-loading-not-34766 avia_image' src=\"https:\/\/radiorevelacionfm.cl\/wp-content\/uploads\/2023\/09\/conversatorio-50-aysen-2-1_optimized.jpg\" alt='' title='conversatorio-50-aysen-2-(1)_optimized' height=\"600\" width=\"1067\"  itemprop=\"thumbnailUrl\" srcset=\"https:\/\/radiorevelacionfm.cl\/wp-content\/uploads\/2023\/09\/conversatorio-50-aysen-2-1_optimized.jpg 1067w, https:\/\/radiorevelacionfm.cl\/wp-content\/uploads\/2023\/09\/conversatorio-50-aysen-2-1_optimized-300x169.jpg 300w, https:\/\/radiorevelacionfm.cl\/wp-content\/uploads\/2023\/09\/conversatorio-50-aysen-2-1_optimized-1030x579.jpg 1030w, https:\/\/radiorevelacionfm.cl\/wp-content\/uploads\/2023\/09\/conversatorio-50-aysen-2-1_optimized-768x432.jpg 768w, https:\/\/radiorevelacionfm.cl\/wp-content\/uploads\/2023\/09\/conversatorio-50-aysen-2-1_optimized-705x396.jpg 705w, https:\/\/radiorevelacionfm.cl\/wp-content\/uploads\/2023\/09\/conversatorio-50-aysen-2-1_optimized-450x253.jpg 450w, https:\/\/radiorevelacionfm.cl\/wp-content\/uploads\/2023\/09\/conversatorio-50-aysen-2-1_optimized-600x337.jpg 600w\" sizes=\"(max-width: 1067px) 100vw, 1067px\" \/><\/div><\/div><\/div><\/div><div class=\"flex_column av_one_full  flex_column_div av-zero-column-padding first  avia-builder-el-2  el_after_av_one_full  el_before_av_one_full  column-top-margin\" style='border-radius:0px; '><section class=\"av_textblock_section \"  itemscope=\"itemscope\" itemtype=\"https:\/\/schema.org\/BlogPosting\" itemprop=\"blogPost\" ><div class='avia_textblock  '   itemprop=\"text\" ><p style=\"text-align: center;\"><strong><span style=\"font-size: 18pt;\">En Biblioteca P\u00fablica se realiz\u00f3 el conversatorio \u201cAys\u00e9n, todo est\u00e1 presente en la memoria\u201d<\/span><\/strong><\/p>\n<div id=\"gtx-trans\" style=\"position: absolute; left: -50px; top: 4.31534px;\">\n<div class=\"gtx-trans-icon\"><\/div>\n<\/div>\n<\/div><\/section><\/div><div class=\"flex_column av_one_full  flex_column_div av-zero-column-padding first  avia-builder-el-4  el_after_av_one_full  el_before_av_hr  column-top-margin\" style='border-radius:0px; '><section class=\"av_textblock_section \"  itemscope=\"itemscope\" itemtype=\"https:\/\/schema.org\/BlogPosting\" itemprop=\"blogPost\" ><div class='avia_textblock  '   itemprop=\"text\" ><p style=\"text-align: justify;\">Con la participaci\u00f3n de personas que en distintas \u00e1reas vivieron la dictadura de nuestro pa\u00eds, profesores, funcionarios de salud, dirigentes sociales, gestores culturales, entre otros, dialogaron con vecinos de otras generaciones en el conversatorio \u201cAys\u00e9n, todo est\u00e1 presente en la memoria\u201d.<\/p>\n<p style=\"text-align: justify;\">La actividad fue coordinada desde la Biblioteca P\u00fablica de Puerto Ays\u00e9n y se da en el contexto de los 50 a\u00f1os del Golpe de Estado de 1973, la encargada del recinto, Yasna Jara, valor\u00f3 la presencia de la comunidad, destacando a quienes fueron los principales relatores.<\/p>\n<p style=\"text-align: justify;\">\u201cDon Jos\u00e9 Tocol Canipane, quien trabaj\u00f3 en la iglesia cat\u00f3lica, muchos deben recordar en la iglesia del Carmen, encargado tambi\u00e9n de Caritas. Tambi\u00e9n tuvimos a la se\u00f1ora, Aurora Mansilla Lepio, funcionaria del Servicio de Salud, nos contaba la experiencia que le toc\u00f3 vivir desde que ingres\u00f3 al servicio. Do\u00f1a Rosa Pesutic, profesora, actual presidenta regional del Colegio de Profesores, que el a\u00f1o 73 estaba justamente ejerciendo su primer a\u00f1o de docente y le toc\u00f3 estar ac\u00e1 en Puerto Ays\u00e9n. El cuarto invitado fue don Jos\u00e9 Jara Ampuero, que, si bien en ese momento tambi\u00e9n era ni\u00f1o, posteriormente en los a\u00f1os 80, tom\u00f3 relevancia con cultura en las pe\u00f1as que se realizaban, ya que, en esos 17 a\u00f1os no hubo permiso de reuni\u00f3n\u201d.<\/p>\n<p style=\"text-align: justify;\">Aurora Mansilla, ex funcionaria de Salud, quiso agradecer la posibilidad de contar su experiencia durante la dictadura, \u201cgracias por darme la oportunidad, todav\u00eda quedan algunos recuerdos dolorosos, pero con la esperanza de que alg\u00fan d\u00eda nuestro pa\u00eds se ilumine y podamos unirnos en el amor, en el perd\u00f3n, pero nunca en el olvido\u201d.<\/p>\n<p style=\"text-align: justify;\">En tanto, Jos\u00e9 Tocol, ex dirigente social y parte de la iglesia cat\u00f3lica, tambi\u00e9n relev\u00f3 la instancia de dialogo para conocer diversas historias vividas tras el golpe de Estado, afirmando que, \u201ca\u00fan hay mucho que hacer, en la sociedad hay que despertar conciencia, para que nunca m\u00e1s se vuelva a vivir lo que Chile vivi\u00f3 hace 50 a\u00f1os atr\u00e1s\u201d.<\/p>\n<\/div><\/section><\/div><div  style='height:50px' class='hr hr-invisible   avia-builder-el-6  el_after_av_one_full  el_before_av_social_share '><span class='hr-inner ' ><span class='hr-inner-style'><\/span><\/span><\/div><\/p>\n<div  class='av-social-sharing-box  avia-builder-el-7  el_after_av_hr  el_before_av_hr  '><div class='av-share-box'><h5 class='av-share-link-description av-no-toc '>Compartir esta noticia<\/h5><ul class='av-share-box-list noLightbox'><li class='av-share-link av-social-link-facebook' ><a target=\"_blank\" aria-label=\"Compartir en Facebook\" href='https:\/\/www.facebook.com\/sharer.php?u=https:\/\/radiorevelacionfm.cl\/?p=34765&#038;t=En%20Biblioteca%20P%C3%BAblica%20se%20realiz%C3%B3%20el%20conversatorio%20%E2%80%9CAys%C3%A9n%2C%20todo%20est%C3%A1%20presente%20en%20la%20memoria%E2%80%9D' aria-hidden='false' data-av_icon='\ue8f3' data-av_iconfont='entypo-fontello' title='' data-avia-related-tooltip='Compartir en Facebook' rel=\"noopener\"><span class='avia_hidden_link_text'>Compartir en Facebook<\/span><\/a><\/li><li class='av-share-link av-social-link-twitter' ><a target=\"_blank\" aria-label=\"Compartir en Twitter\" href='https:\/\/twitter.com\/share?text=En%20Biblioteca%20P%C3%BAblica%20se%20realiz%C3%B3%20el%20conversatorio%20%E2%80%9CAys%C3%A9n%2C%20todo%20est%C3%A1%20presente%20en%20la%20memoria%E2%80%9D&#038;url=https:\/\/radiorevelacionfm.cl\/?p=34765' aria-hidden='false' data-av_icon='\ue8f1' data-av_iconfont='entypo-fontello' title='' data-avia-related-tooltip='Compartir en Twitter' rel=\"noopener\"><span class='avia_hidden_link_text'>Compartir en Twitter<\/span><\/a><\/li><li class='av-share-link av-social-link-whatsapp' ><a target=\"_blank\" aria-label=\"Compartir en Whatsapp\" href='https:\/\/api.whatsapp.com\/send?text=https:\/\/radiorevelacionfm.cl\/?p=34765' aria-hidden='false' data-av_icon='\uf232' data-av_iconfont='entypo-fontello' title='' data-avia-related-tooltip='Compartir en Whatsapp' rel=\"noopener\"><span class='avia_hidden_link_text'>Compartir en Whatsapp<\/span><\/a><\/li><li class='av-share-link av-social-link-linkedin' ><a target=\"_blank\" aria-label=\"Compartir en LinkedIn\" href='https:\/\/linkedin.com\/shareArticle?mini=true&#038;title=En%20Biblioteca%20P%C3%BAblica%20se%20realiz%C3%B3%20el%20conversatorio%20%E2%80%9CAys%C3%A9n%2C%20todo%20est%C3%A1%20presente%20en%20la%20memoria%E2%80%9D&#038;url=https:\/\/radiorevelacionfm.cl\/?p=34765' aria-hidden='false' data-av_icon='\ue8fc' data-av_iconfont='entypo-fontello' title='' data-avia-related-tooltip='Compartir en LinkedIn' rel=\"noopener\"><span class='avia_hidden_link_text'>Compartir en LinkedIn<\/span><\/a><\/li><li class='av-share-link av-social-link-mail' ><a  aria-label=\"Compartir por correo\" href='mailto:?subject=En%20Biblioteca%20P%C3%BAblica%20se%20realiz%C3%B3%20el%20conversatorio%20%E2%80%9CAys%C3%A9n%2C%20todo%20est%C3%A1%20presente%20en%20la%20memoria%E2%80%9D&#038;body=https:\/\/radiorevelacionfm.cl\/?p=34765' aria-hidden='false' data-av_icon='\ue805' data-av_iconfont='entypo-fontello' title='' data-avia-related-tooltip='Compartir por correo'><span class='avia_hidden_link_text'>Compartir por correo<\/span><\/a><\/li><\/ul><\/div><\/div>\n<div  style='height:50px' class='hr hr-invisible   avia-builder-el-8  el_after_av_social_share  el_before_av_comments_list '><span class='hr-inner ' ><span class='hr-inner-style'><\/span><\/span><\/div>\n<div  class='av-buildercomment  av-blog-meta-html-info-disabled av-blog-meta-tag-disabled  '><\/div>\n","protected":false},"excerpt":{"rendered":"","protected":false},"author":1,"featured_media":34766,"comment_status":"open","ping_status":"open","sticky":false,"template":"","format":"standard","meta":{"footnotes":""},"categories":[38],"tags":[],"class_list":["post-34765","post","type-post","status-publish","format-standard","has-post-thumbnail","hentry","category-regional"],"jetpack_featured_media_url":"https:\/\/radiorevelacionfm.cl\/wp-content\/uploads\/2023\/09\/conversatorio-50-aysen-2-1_optimized.jpg","_links":{"self":[{"href":"https:\/\/radiorevelacionfm.cl\/index.php?rest_route=\/wp\/v2\/posts\/34765","targetHints":{"allow":["GET"]}}],"collection":[{"href":"https:\/\/radiorevelacionfm.cl\/index.php?rest_route=\/wp\/v2\/posts"}],"about":[{"href":"https:\/\/radiorevelacionfm.cl\/index.php?rest_route=\/wp\/v2\/types\/post"}],"author":[{"embeddable":true,"href":"https:\/\/radiorevelacionfm.cl\/index.php?rest_route=\/wp\/v2\/users\/1"}],"replies":[{"embeddable":true,"href":"https:\/\/radiorevelacionfm.cl\/index.php?rest_route=%2Fwp%2Fv2%2Fcomments&post=34765"}],"version-history":[{"count":1,"href":"https:\/\/radiorevelacionfm.cl\/index.php?rest_route=\/wp\/v2\/posts\/34765\/revisions"}],"predecessor-version":[{"id":34767,"href":"https:\/\/radiorevelacionfm.cl\/index.php?rest_route=\/wp\/v2\/posts\/34765\/revisions\/34767"}],"wp:featuredmedia":[{"embeddable":true,"href":"https:\/\/radiorevelacionfm.cl\/index.php?rest_route=\/wp\/v2\/media\/34766"}],"wp:attachment":[{"href":"https:\/\/radiorevelacionfm.cl\/index.php?rest_route=%2Fwp%2Fv2%2Fmedia&parent=34765"}],"wp:term":[{"taxonomy":"category","embeddable":true,"href":"https:\/\/radiorevelacionfm.cl\/index.php?rest_route=%2Fwp%2Fv2%2Fcategories&post=34765"},{"taxonomy":"post_tag","embeddable":true,"href":"https:\/\/radiorevelacionfm.cl\/index.php?rest_route=%2Fwp%2Fv2%2Ftags&post=34765"}],"curies":[{"name":"wp","href":"https:\/\/api.w.org\/{rel}","templated":true}]}}