{"id":34762,"date":"2023-09-08T11:34:47","date_gmt":"2023-09-08T14:34:47","guid":{"rendered":"https:\/\/radiorevelacionfm.cl\/?p=34762"},"modified":"2023-09-08T11:34:47","modified_gmt":"2023-09-08T14:34:47","slug":"con-dialogos-ciudadanos-recogen-necesidades-de-conectividad-aerea-en-cochrane-y-caleta-tortel","status":"publish","type":"post","link":"https:\/\/radiorevelacionfm.cl\/?p=34762","title":{"rendered":"Con di\u00e1logos ciudadanos recogen necesidades de conectividad a\u00e9rea en Cochrane y Caleta Tortel"},"content":{"rendered":"<div class=\"flex_column av_one_full  flex_column_div av-zero-column-padding first  avia-builder-el-0  el_before_av_one_full  avia-builder-el-first  \" style='border-radius:0px; '><div  class='avia-image-container  av-styling-    avia-builder-el-1  avia-builder-el-no-sibling  avia-align-center '  itemprop=\"image\" itemscope=\"itemscope\" itemtype=\"https:\/\/schema.org\/ImageObject\"  ><div class='avia-image-container-inner'><div class='avia-image-overlay-wrap'><img decoding=\"async\" class='wp-image-34763 avia-img-lazy-loading-not-34763 avia_image' src=\"https:\/\/radiorevelacionfm.cl\/wp-content\/uploads\/2023\/09\/DSC_6348-1-1.jpg\" alt='' title='DSC_6348 (1) (1)' height=\"600\" width=\"903\"  itemprop=\"thumbnailUrl\" srcset=\"https:\/\/radiorevelacionfm.cl\/wp-content\/uploads\/2023\/09\/DSC_6348-1-1.jpg 903w, https:\/\/radiorevelacionfm.cl\/wp-content\/uploads\/2023\/09\/DSC_6348-1-1-300x199.jpg 300w, https:\/\/radiorevelacionfm.cl\/wp-content\/uploads\/2023\/09\/DSC_6348-1-1-768x510.jpg 768w, https:\/\/radiorevelacionfm.cl\/wp-content\/uploads\/2023\/09\/DSC_6348-1-1-705x468.jpg 705w, https:\/\/radiorevelacionfm.cl\/wp-content\/uploads\/2023\/09\/DSC_6348-1-1-450x299.jpg 450w, https:\/\/radiorevelacionfm.cl\/wp-content\/uploads\/2023\/09\/DSC_6348-1-1-600x399.jpg 600w\" sizes=\"(max-width: 903px) 100vw, 903px\" \/><\/div><\/div><\/div><\/div><div class=\"flex_column av_one_full  flex_column_div av-zero-column-padding first  avia-builder-el-2  el_after_av_one_full  el_before_av_one_full  column-top-margin\" style='border-radius:0px; '><section class=\"av_textblock_section \"  itemscope=\"itemscope\" itemtype=\"https:\/\/schema.org\/BlogPosting\" itemprop=\"blogPost\" ><div class='avia_textblock  '   itemprop=\"text\" ><p style=\"text-align: center;\"><span style=\"font-size: 18pt;\"><b>Con di\u00e1logos ciudadanos recogen necesidades de conectividad a\u00e9rea en Cochrane y Caleta Tortel<\/b><\/span><\/p>\n<div id=\"gtx-trans\" style=\"position: absolute; left: -50px; top: 4.31534px;\">\n<div class=\"gtx-trans-icon\"><\/div>\n<\/div>\n<\/div><\/section><\/div><div class=\"flex_column av_one_full  flex_column_div av-zero-column-padding first  avia-builder-el-4  el_after_av_one_full  el_before_av_hr  column-top-margin\" style='border-radius:0px; '><section class=\"av_textblock_section \"  itemscope=\"itemscope\" itemtype=\"https:\/\/schema.org\/BlogPosting\" itemprop=\"blogPost\" ><div class='avia_textblock  '   itemprop=\"text\" ><p style=\"text-align: justify;\">Ubicadas al extremo sur de la regi\u00f3n de Ays\u00e9n, las comunas de Caleta Tortel y Cochrane, que agrupan a m\u00e1s de 3500 personas; cuentan con una v\u00eda de conexi\u00f3n terrestre con la capital regional Coyhaique, ciudad que agrupa la mayor cantidad de oficinas p\u00fablicas y servicios, como especialidades de salud. Las largas distancias que recorren sus habitantes pueden ser de 7 a 8 horas, por la Ruta 7 en transporte p\u00fablico, periodos que pueden ser incluso m\u00e1s prolongados dependiendo de los cortes, o condiciones del camino en invierno.<\/p>\n<p style=\"text-align: justify;\">Ante esta realidad, el Ministerio de Transportes y Telecomunicaciones (MTT), inici\u00f3 las gestiones para poder habilitar una nueva alternativa de conectividad que permita dar mayores opciones a los usuarios, mediante la implementaci\u00f3n de un subsidio a\u00e9reo. En este contexto, la Divisi\u00f3n de Transporte Regional del MTT, con el apoyo de la delegaci\u00f3n provincial de Capit\u00e1n Prat y los municipios de Cochrane y Caleta Tortel, desarrollaron di\u00e1logos ciudadanos que permitieron identificar, mediante el uso de una encuesta y trabajo grupal, las necesidades que deber\u00eda cubrir este nuevo medio de movilizaci\u00f3n subsidiado.<\/p>\n<p style=\"text-align: justify;\">El seremiTT (s) Carlos D\u00edaz expres\u00f3 su satisfacci\u00f3n por estas jornadas de trabajo con la comunidad: \u201cNuestro objetivo es definir las caracter\u00edsticas de un subsidio de conectividad a\u00e9rea para ambas localidades, por lo que los aportes que entregaron los participantes de estos di\u00e1logos ser\u00e1n insumos muy importantes. Con este trabajo, nuestro equipo ministerial pudo conocer de primera fuente las necesidades de los vecinos, por lo que ahora inicia un periodo de planificaci\u00f3n que permita habilitar vuelos para estas localidades tan aisladas.\u201d<\/p>\n<p style=\"text-align: justify;\">Los ediles de ambas comunas valoraron la voluntad ministerial de poder implementar vuelos subvencionados para sus territorios. \u201cSe abri\u00f3 el di\u00e1logo respecto de temas que son relevantes, que debiesen permitirnos concretar, un subsidio a\u00e9reo que permita mejorar las condiciones de conectividad desde Cochrane hacia Coyhaique, optimizar, por supuesto, los tiempos y ofrecer, en definitiva, una alternativa de viaje que es tan necesario, que ha sido tan demandado\u201d, indic\u00f3 el alcalde de Cochrane Jorge Calder\u00f3n.<\/p>\n<p style=\"text-align: justify;\">Desde la localidad de las pasarelas, Abel Becerra, alcalde de la comuna de Tortel, explic\u00f3: \u201cEsta era una prestaci\u00f3n que el Estado en un principio estaba haciendo, pero\u00a0 cuando tuvimos acceso a la Ruta 7 se dej\u00f3 de hacer el servicio. Con el tiempo vimos que era un recorrido sumamente importante principalmente para los pobladores cuando tienen que salir a una hora al m\u00e9dico, por ejemplo. Por los temas de salud, los traslados de los alumnos que estudian fuera de la regi\u00f3n, porque Coyhaique es la combinaci\u00f3n con el resto de nuestro pa\u00eds\u201d.<\/p>\n<p style=\"text-align: justify;\">Quienes participaron de esta actividad, se\u00f1alaron los d\u00edas m\u00e1s convenientes para hacer un recorrido de dos frecuencias semanales, los usos m\u00e1s frecuentes que tendr\u00eda el servicio a\u00e9reo y otras necesidades especiales de los usuarios. Por ejemplo, Gavi Vel\u00e1zquez, representante de la Uni\u00f3n Comunal de Adulto Mayor de Cochrane indic\u00f3: \u201cA nosotros se nos limita mucho porque nos cansamos demasiado, adem\u00e1s de las enfermedades, porque generalmente salimos por enfermedad, no por pasear. Y es por eso que necesitamos este servicio, porque ser\u00edan 45 minutos a Coyhaique. Aunque tuvi\u00e9ramos que alojarnos un d\u00eda por las horas m\u00e9dicas, pero as\u00ed el cansancio, el agotamiento, la enfermedad no se agudiza. Para nosotros lo ideal ser\u00eda que estuviera este transporte a\u00e9reo\u201d.<\/p>\n<p style=\"text-align: justify;\">La dirigenta vecinal del sector Rinc\u00f3n Bajo de Caleta Tortel, Silvia Vega, se manifest\u00f3 muy optimista ante la convocatoria. \u201cLa recibo con bastante emoci\u00f3n, al igual que mis otros compa\u00f1eros, porque la verdad es algo que est\u00e1bamos esperando hace mucho tiempo. Me parece s\u00faper buena la metodolog\u00eda que est\u00e1n usando, no vienen con una pauta ya previa para hacer el trabajo de este di\u00e1logo, sino que es bien flexible y nosotros pod\u00edamos modificar o sugerir algunos puntos de vista y que fueron muy bien recibidos\u201d.<\/p>\n<p style=\"text-align: justify;\">Luego de este trabajo, corresponde definir las caracter\u00edsticas de la operaci\u00f3n del servicio a\u00e9reo, para la posterior elaboraci\u00f3n de bases de licitaci\u00f3n de servicios a\u00e9reos para Cochrane y Caleta Tortel.<\/p>\n<\/div><\/section><\/div><div  style='height:50px' class='hr hr-invisible   avia-builder-el-6  el_after_av_one_full  el_before_av_social_share '><span class='hr-inner ' ><span class='hr-inner-style'><\/span><\/span><\/div><\/p>\n<div  class='av-social-sharing-box  avia-builder-el-7  el_after_av_hr  el_before_av_hr  '><div class='av-share-box'><h5 class='av-share-link-description av-no-toc '>Compartir esta noticia<\/h5><ul class='av-share-box-list noLightbox'><li class='av-share-link av-social-link-facebook' ><a target=\"_blank\" aria-label=\"Compartir en Facebook\" href='https:\/\/www.facebook.com\/sharer.php?u=https:\/\/radiorevelacionfm.cl\/?p=34762&#038;t=Con%20di%C3%A1logos%20ciudadanos%20recogen%20necesidades%20de%20conectividad%20a%C3%A9rea%20en%20Cochrane%20y%20Caleta%20Tortel' aria-hidden='false' data-av_icon='\ue8f3' data-av_iconfont='entypo-fontello' title='' data-avia-related-tooltip='Compartir en Facebook' rel=\"noopener\"><span class='avia_hidden_link_text'>Compartir en Facebook<\/span><\/a><\/li><li class='av-share-link av-social-link-twitter' ><a target=\"_blank\" aria-label=\"Compartir en Twitter\" href='https:\/\/twitter.com\/share?text=Con%20di%C3%A1logos%20ciudadanos%20recogen%20necesidades%20de%20conectividad%20a%C3%A9rea%20en%20Cochrane%20y%20Caleta%20Tortel&#038;url=https:\/\/radiorevelacionfm.cl\/?p=34762' aria-hidden='false' data-av_icon='\ue8f1' data-av_iconfont='entypo-fontello' title='' data-avia-related-tooltip='Compartir en Twitter' rel=\"noopener\"><span class='avia_hidden_link_text'>Compartir en Twitter<\/span><\/a><\/li><li class='av-share-link av-social-link-whatsapp' ><a target=\"_blank\" aria-label=\"Compartir en Whatsapp\" href='https:\/\/api.whatsapp.com\/send?text=https:\/\/radiorevelacionfm.cl\/?p=34762' aria-hidden='false' data-av_icon='\uf232' data-av_iconfont='entypo-fontello' title='' data-avia-related-tooltip='Compartir en Whatsapp' rel=\"noopener\"><span class='avia_hidden_link_text'>Compartir en Whatsapp<\/span><\/a><\/li><li class='av-share-link av-social-link-linkedin' ><a target=\"_blank\" aria-label=\"Compartir en LinkedIn\" href='https:\/\/linkedin.com\/shareArticle?mini=true&#038;title=Con%20di%C3%A1logos%20ciudadanos%20recogen%20necesidades%20de%20conectividad%20a%C3%A9rea%20en%20Cochrane%20y%20Caleta%20Tortel&#038;url=https:\/\/radiorevelacionfm.cl\/?p=34762' aria-hidden='false' data-av_icon='\ue8fc' data-av_iconfont='entypo-fontello' title='' data-avia-related-tooltip='Compartir en LinkedIn' rel=\"noopener\"><span class='avia_hidden_link_text'>Compartir en LinkedIn<\/span><\/a><\/li><li class='av-share-link av-social-link-mail' ><a  aria-label=\"Compartir por correo\" href='mailto:?subject=Con%20di%C3%A1logos%20ciudadanos%20recogen%20necesidades%20de%20conectividad%20a%C3%A9rea%20en%20Cochrane%20y%20Caleta%20Tortel&#038;body=https:\/\/radiorevelacionfm.cl\/?p=34762' aria-hidden='false' data-av_icon='\ue805' data-av_iconfont='entypo-fontello' title='' data-avia-related-tooltip='Compartir por correo'><span class='avia_hidden_link_text'>Compartir por correo<\/span><\/a><\/li><\/ul><\/div><\/div>\n<div  style='height:50px' class='hr hr-invisible   avia-builder-el-8  el_after_av_social_share  el_before_av_comments_list '><span class='hr-inner ' ><span class='hr-inner-style'><\/span><\/span><\/div>\n<div  class='av-buildercomment  av-blog-meta-html-info-disabled av-blog-meta-tag-disabled  '><\/div>\n","protected":false},"excerpt":{"rendered":"","protected":false},"author":1,"featured_media":34763,"comment_status":"open","ping_status":"open","sticky":false,"template":"","format":"standard","meta":{"footnotes":""},"categories":[38],"tags":[],"class_list":["post-34762","post","type-post","status-publish","format-standard","has-post-thumbnail","hentry","category-regional"],"jetpack_featured_media_url":"https:\/\/radiorevelacionfm.cl\/wp-content\/uploads\/2023\/09\/DSC_6348-1-1.jpg","_links":{"self":[{"href":"https:\/\/radiorevelacionfm.cl\/index.php?rest_route=\/wp\/v2\/posts\/34762","targetHints":{"allow":["GET"]}}],"collection":[{"href":"https:\/\/radiorevelacionfm.cl\/index.php?rest_route=\/wp\/v2\/posts"}],"about":[{"href":"https:\/\/radiorevelacionfm.cl\/index.php?rest_route=\/wp\/v2\/types\/post"}],"author":[{"embeddable":true,"href":"https:\/\/radiorevelacionfm.cl\/index.php?rest_route=\/wp\/v2\/users\/1"}],"replies":[{"embeddable":true,"href":"https:\/\/radiorevelacionfm.cl\/index.php?rest_route=%2Fwp%2Fv2%2Fcomments&post=34762"}],"version-history":[{"count":1,"href":"https:\/\/radiorevelacionfm.cl\/index.php?rest_route=\/wp\/v2\/posts\/34762\/revisions"}],"predecessor-version":[{"id":34764,"href":"https:\/\/radiorevelacionfm.cl\/index.php?rest_route=\/wp\/v2\/posts\/34762\/revisions\/34764"}],"wp:featuredmedia":[{"embeddable":true,"href":"https:\/\/radiorevelacionfm.cl\/index.php?rest_route=\/wp\/v2\/media\/34763"}],"wp:attachment":[{"href":"https:\/\/radiorevelacionfm.cl\/index.php?rest_route=%2Fwp%2Fv2%2Fmedia&parent=34762"}],"wp:term":[{"taxonomy":"category","embeddable":true,"href":"https:\/\/radiorevelacionfm.cl\/index.php?rest_route=%2Fwp%2Fv2%2Fcategories&post=34762"},{"taxonomy":"post_tag","embeddable":true,"href":"https:\/\/radiorevelacionfm.cl\/index.php?rest_route=%2Fwp%2Fv2%2Ftags&post=34762"}],"curies":[{"name":"wp","href":"https:\/\/api.w.org\/{rel}","templated":true}]}}