{"id":34759,"date":"2023-09-07T21:19:22","date_gmt":"2023-09-08T00:19:22","guid":{"rendered":"https:\/\/radiorevelacionfm.cl\/?p=34759"},"modified":"2023-09-07T21:19:22","modified_gmt":"2023-09-08T00:19:22","slug":"35-organizaciones-de-adultos-mayores-de-la-region-reciben-fondos-autogestionados-desde-senama","status":"publish","type":"post","link":"https:\/\/radiorevelacionfm.cl\/?p=34759","title":{"rendered":"35 Organizaciones de Adultos Mayores de la regi\u00f3n reciben Fondos Autogestionados desde Senama"},"content":{"rendered":"<div class=\"flex_column av_one_full  flex_column_div av-zero-column-padding first  avia-builder-el-0  el_before_av_one_full  avia-builder-el-first  \" style='border-radius:0px; '><div  class='avia-image-container  av-styling-    avia-builder-el-1  avia-builder-el-no-sibling  avia-align-center '  itemprop=\"image\" itemscope=\"itemscope\" itemtype=\"https:\/\/schema.org\/ImageObject\"  ><div class='avia-image-container-inner'><div class='avia-image-overlay-wrap'><img decoding=\"async\" class='wp-image-34760 avia-img-lazy-loading-not-34760 avia_image' src=\"https:\/\/radiorevelacionfm.cl\/wp-content\/uploads\/2023\/09\/senama1-1_optimized.jpeg\" alt='' title='senama1-(1)_optimized' height=\"600\" width=\"1067\"  itemprop=\"thumbnailUrl\" srcset=\"https:\/\/radiorevelacionfm.cl\/wp-content\/uploads\/2023\/09\/senama1-1_optimized.jpeg 1067w, https:\/\/radiorevelacionfm.cl\/wp-content\/uploads\/2023\/09\/senama1-1_optimized-300x169.jpeg 300w, https:\/\/radiorevelacionfm.cl\/wp-content\/uploads\/2023\/09\/senama1-1_optimized-1030x579.jpeg 1030w, https:\/\/radiorevelacionfm.cl\/wp-content\/uploads\/2023\/09\/senama1-1_optimized-768x432.jpeg 768w, https:\/\/radiorevelacionfm.cl\/wp-content\/uploads\/2023\/09\/senama1-1_optimized-705x396.jpeg 705w, https:\/\/radiorevelacionfm.cl\/wp-content\/uploads\/2023\/09\/senama1-1_optimized-450x253.jpeg 450w, https:\/\/radiorevelacionfm.cl\/wp-content\/uploads\/2023\/09\/senama1-1_optimized-600x337.jpeg 600w\" sizes=\"(max-width: 1067px) 100vw, 1067px\" \/><\/div><\/div><\/div><\/div><div class=\"flex_column av_one_full  flex_column_div av-zero-column-padding first  avia-builder-el-2  el_after_av_one_full  el_before_av_one_full  column-top-margin\" style='border-radius:0px; '><section class=\"av_textblock_section \"  itemscope=\"itemscope\" itemtype=\"https:\/\/schema.org\/BlogPosting\" itemprop=\"blogPost\" ><div class='avia_textblock  '   itemprop=\"text\" ><p style=\"text-align: center;\"><span style=\"font-size: 18pt;\"><b>35\u00a0Organizaciones de Adultos Mayores de la regi\u00f3n reciben Fondos Autogestionados desde Senama<\/b><\/span><\/p>\n<div id=\"gtx-trans\" style=\"position: absolute; left: -50px; top: 4.31534px;\">\n<div class=\"gtx-trans-icon\"><\/div>\n<\/div>\n<\/div><\/section><\/div><div class=\"flex_column av_one_full  flex_column_div av-zero-column-padding first  avia-builder-el-4  el_after_av_one_full  el_before_av_hr  column-top-margin\" style='border-radius:0px; '><section class=\"av_textblock_section \"  itemscope=\"itemscope\" itemtype=\"https:\/\/schema.org\/BlogPosting\" itemprop=\"blogPost\" ><div class='avia_textblock  '   itemprop=\"text\" ><div>\n<div style=\"text-align: justify;\">\n<p>Con el fin de promover la participaci\u00f3n, autonom\u00eda y autogesti\u00f3n de las organizaciones de personas mayores de todo el pa\u00eds, es que en Coyhaique se desarroll\u00f3 la ceremonia de adjudicaci\u00f3n del Fondo Nacional del Adulto Mayor \u00abHern\u00e1n Zapata Far\u00edas\u00bb de SENAMA, donde participaron 18 organizaciones de Coyhaique de un total de 35 a nivel regional beneficiadas junto a las autoridades de Desarrollo Social y Familia, de Gobierno, Justicia y Derechos Humanos, Salud y Gobierno Regional.<\/p>\n<p>En la provincia de Coyhaique se entregaron 38 millones de pesos que permitir\u00e1n que un total\u00a0 de 1650 personas mayores de clubes, talleres, asociaciones y uniones comunales\u00a0puedan desarrollar sus proyectos. Es as\u00ed que la seremi de Desarrollo Social y Familia, Karina Acevedo valor\u00f3 esta instancia \u00abfelicitamos a las 18 organizaciones de personas mayores que ganaron el concurso del Fondo Nacional de Adulto Mayor en Coyhaique ya que pueden ver a trav\u00e9s de este fondo, la mirada que cada organizaci\u00f3n ha puesto a este concurso, donde pueden definir en qu\u00e9 \u00e1mbito lo utilizan. Ac\u00e1 lo importante y en lo que el presidente Boric ha puesto \u00e9nfasis, es que podamos vincularnos con los adultos mayores para que haya una integraci\u00f3n en lo comunitario, social, con participaci\u00f3n y colaboraci\u00f3n entre ellos. As\u00ed que estamos contentos de haber visto sus proyectos, que se los hayan adjudicado y seguimos trabajando para fortalecer el envejecimiento activo en el territorio aysenino\u00bb.<\/p>\n<p>A trav\u00e9s de esta iniciativa SENAMA busca incentivar un envejecimiento activo y fomentar la autonom\u00eda y autogesti\u00f3n de las organizaciones de personas mayores, a trav\u00e9s de la realizaci\u00f3n de proyectos elaborados y ejecutados por ellos mismos. As\u00ed lo destac\u00f3 el coordinador regional de Servicio Nacional del Adulto Mayor (SENAMA), Nicol\u00e1s Quilodr\u00e1n \u00abcon este Fondo trabajamos directamente con las organizaciones en esta l\u00ednea de autogestionados, que busca premiar a la organizaci\u00f3n, el ponerse de acuerdo, a la autonom\u00eda de las organizaciones, buscamos potenciar la participaci\u00f3n en todos los espacios de las personas mayores. Sabemos que los recursos son limitados, pero habr\u00e1 m\u00e1s instancias\u00bb.<\/p>\n<p>Los dirigentes de diversas organizaciones de personas mayores que asistieron a esta ceremonia valoraron el Fondo, entre ellos Margarita Riffo Garay representante del taller Adulto Mayor Eterna Primavera quien se\u00f1al\u00f3 que \u00abes s\u00faper importante involucrar a los adultos mayores en todas estas instancias con las autoridades, para tener ese contacto, esa capacitaci\u00f3n y el entusiasmo de poder participar y presentar proyectos es importante. Nosotros nos vamos a agasajar con un almuerzo, en donde vivamos un momento de camarader\u00eda, de compartir\u00bb.<\/p>\n<p>Por su lado C\u00e9sar \u00d1ancul Santana del taller Olinda Cadag\u00e1n de Lago Atravesado coment\u00f3 en qu\u00e9 usar\u00e1n estos recursos \u00abestamos contentos, hace cuatro a\u00f1os que no funcionaba nuestra agrupaci\u00f3n y elegimos una nueva directiva y postulamos a 30 canastas familiares para 30 adultos mayores, ante la necesidad que existe en todos lados, as\u00ed lo decidimos en votaci\u00f3n porque esto beneficia a todos, mientras que a un viaje van algunos\u00bb. Similar mirada es la que tuvo Margarita Ule Calisto, secretaria del Taller Adulto Mayor Vista Hermosa quien se\u00f1al\u00f3 \u00abme parece muy bueno este fondo porque es para todos los adultos mayores que lo necesitan, estaban contentos pero no sab\u00edan que era. Nosotros postulamos a 20 canastas familiares y ser\u00e1 un lindo regalo de unos 90 mil pesos por persona\u00bb.<\/p>\n<p>Finalmente, con estos recursos podr\u00e1n ejecutar proyectos en \u00e1mbitos como voluntariado y servicio a la comunidad; vida saludable y desarrollo personal; fortalecimiento institucional, habilitaci\u00f3n y\/o equipamiento; fomento de actividades productivas; inclusi\u00f3n digital y capacitaci\u00f3n; y recreaci\u00f3n y uso del tiempo libre.<\/p>\n<\/div>\n<\/div>\n<div style=\"text-align: justify;\"><\/div>\n<\/div><\/section><\/div><div  style='height:50px' class='hr hr-invisible   avia-builder-el-6  el_after_av_one_full  el_before_av_social_share '><span class='hr-inner ' ><span class='hr-inner-style'><\/span><\/span><\/div><\/p>\n<div  class='av-social-sharing-box  avia-builder-el-7  el_after_av_hr  el_before_av_hr  '><div class='av-share-box'><h5 class='av-share-link-description av-no-toc '>Compartir esta noticia<\/h5><ul class='av-share-box-list noLightbox'><li class='av-share-link av-social-link-facebook' ><a target=\"_blank\" aria-label=\"Compartir en Facebook\" href='https:\/\/www.facebook.com\/sharer.php?u=https:\/\/radiorevelacionfm.cl\/?p=34759&#038;t=35%20Organizaciones%20de%20Adultos%20Mayores%20de%20la%20regi%C3%B3n%20reciben%20Fondos%20Autogestionados%20desde%20Senama' aria-hidden='false' data-av_icon='\ue8f3' data-av_iconfont='entypo-fontello' title='' data-avia-related-tooltip='Compartir en Facebook' rel=\"noopener\"><span class='avia_hidden_link_text'>Compartir en Facebook<\/span><\/a><\/li><li class='av-share-link av-social-link-twitter' ><a target=\"_blank\" aria-label=\"Compartir en Twitter\" href='https:\/\/twitter.com\/share?text=35%20Organizaciones%20de%20Adultos%20Mayores%20de%20la%20regi%C3%B3n%20reciben%20Fondos%20Autogestionados%20desde%20Senama&#038;url=https:\/\/radiorevelacionfm.cl\/?p=34759' aria-hidden='false' data-av_icon='\ue8f1' data-av_iconfont='entypo-fontello' title='' data-avia-related-tooltip='Compartir en Twitter' rel=\"noopener\"><span class='avia_hidden_link_text'>Compartir en Twitter<\/span><\/a><\/li><li class='av-share-link av-social-link-whatsapp' ><a target=\"_blank\" aria-label=\"Compartir en Whatsapp\" href='https:\/\/api.whatsapp.com\/send?text=https:\/\/radiorevelacionfm.cl\/?p=34759' aria-hidden='false' data-av_icon='\uf232' data-av_iconfont='entypo-fontello' title='' data-avia-related-tooltip='Compartir en Whatsapp' rel=\"noopener\"><span class='avia_hidden_link_text'>Compartir en Whatsapp<\/span><\/a><\/li><li class='av-share-link av-social-link-linkedin' ><a target=\"_blank\" aria-label=\"Compartir en LinkedIn\" href='https:\/\/linkedin.com\/shareArticle?mini=true&#038;title=35%20Organizaciones%20de%20Adultos%20Mayores%20de%20la%20regi%C3%B3n%20reciben%20Fondos%20Autogestionados%20desde%20Senama&#038;url=https:\/\/radiorevelacionfm.cl\/?p=34759' aria-hidden='false' data-av_icon='\ue8fc' data-av_iconfont='entypo-fontello' title='' data-avia-related-tooltip='Compartir en LinkedIn' rel=\"noopener\"><span class='avia_hidden_link_text'>Compartir en LinkedIn<\/span><\/a><\/li><li class='av-share-link av-social-link-mail' ><a  aria-label=\"Compartir por correo\" href='mailto:?subject=35%20Organizaciones%20de%20Adultos%20Mayores%20de%20la%20regi%C3%B3n%20reciben%20Fondos%20Autogestionados%20desde%20Senama&#038;body=https:\/\/radiorevelacionfm.cl\/?p=34759' aria-hidden='false' data-av_icon='\ue805' data-av_iconfont='entypo-fontello' title='' data-avia-related-tooltip='Compartir por correo'><span class='avia_hidden_link_text'>Compartir por correo<\/span><\/a><\/li><\/ul><\/div><\/div>\n<div  style='height:50px' class='hr hr-invisible   avia-builder-el-8  el_after_av_social_share  el_before_av_comments_list '><span class='hr-inner ' ><span class='hr-inner-style'><\/span><\/span><\/div>\n<div  class='av-buildercomment  av-blog-meta-html-info-disabled av-blog-meta-tag-disabled  '><\/div>\n","protected":false},"excerpt":{"rendered":"","protected":false},"author":1,"featured_media":34760,"comment_status":"open","ping_status":"open","sticky":false,"template":"","format":"standard","meta":{"footnotes":""},"categories":[38],"tags":[],"class_list":["post-34759","post","type-post","status-publish","format-standard","has-post-thumbnail","hentry","category-regional"],"jetpack_featured_media_url":"https:\/\/radiorevelacionfm.cl\/wp-content\/uploads\/2023\/09\/senama1-1_optimized.jpeg","_links":{"self":[{"href":"https:\/\/radiorevelacionfm.cl\/index.php?rest_route=\/wp\/v2\/posts\/34759","targetHints":{"allow":["GET"]}}],"collection":[{"href":"https:\/\/radiorevelacionfm.cl\/index.php?rest_route=\/wp\/v2\/posts"}],"about":[{"href":"https:\/\/radiorevelacionfm.cl\/index.php?rest_route=\/wp\/v2\/types\/post"}],"author":[{"embeddable":true,"href":"https:\/\/radiorevelacionfm.cl\/index.php?rest_route=\/wp\/v2\/users\/1"}],"replies":[{"embeddable":true,"href":"https:\/\/radiorevelacionfm.cl\/index.php?rest_route=%2Fwp%2Fv2%2Fcomments&post=34759"}],"version-history":[{"count":1,"href":"https:\/\/radiorevelacionfm.cl\/index.php?rest_route=\/wp\/v2\/posts\/34759\/revisions"}],"predecessor-version":[{"id":34761,"href":"https:\/\/radiorevelacionfm.cl\/index.php?rest_route=\/wp\/v2\/posts\/34759\/revisions\/34761"}],"wp:featuredmedia":[{"embeddable":true,"href":"https:\/\/radiorevelacionfm.cl\/index.php?rest_route=\/wp\/v2\/media\/34760"}],"wp:attachment":[{"href":"https:\/\/radiorevelacionfm.cl\/index.php?rest_route=%2Fwp%2Fv2%2Fmedia&parent=34759"}],"wp:term":[{"taxonomy":"category","embeddable":true,"href":"https:\/\/radiorevelacionfm.cl\/index.php?rest_route=%2Fwp%2Fv2%2Fcategories&post=34759"},{"taxonomy":"post_tag","embeddable":true,"href":"https:\/\/radiorevelacionfm.cl\/index.php?rest_route=%2Fwp%2Fv2%2Ftags&post=34759"}],"curies":[{"name":"wp","href":"https:\/\/api.w.org\/{rel}","templated":true}]}}