{"id":34754,"date":"2023-09-07T19:50:24","date_gmt":"2023-09-07T22:50:24","guid":{"rendered":"https:\/\/radiorevelacionfm.cl\/?p=34754"},"modified":"2023-09-07T19:50:24","modified_gmt":"2023-09-07T22:50:24","slug":"mujeres-dirigentas-de-aysen-participaran-en-curso-formacion-de-directoras-de-organizaciones-de-usuarios-con-enfoque-de-genero","status":"publish","type":"post","link":"https:\/\/radiorevelacionfm.cl\/?p=34754","title":{"rendered":"Mujeres dirigentas de Ays\u00e9n participar\u00e1n en curso \u201cFormaci\u00f3n de Directoras de Organizaciones de Usuarios con Enfoque de G\u00e9nero\u201d"},"content":{"rendered":"<div class=\"flex_column av_one_full  flex_column_div av-zero-column-padding first  avia-builder-el-0  el_before_av_one_full  avia-builder-el-first  \" style='border-radius:0px; '><div  class='avia-image-container  av-styling-    avia-builder-el-1  avia-builder-el-no-sibling  avia-align-center '  itemprop=\"image\" itemscope=\"itemscope\" itemtype=\"https:\/\/schema.org\/ImageObject\"  ><div class='avia-image-container-inner'><div class='avia-image-overlay-wrap'><img decoding=\"async\" class='wp-image-34755 avia-img-lazy-loading-not-34755 avia_image' src=\"https:\/\/radiorevelacionfm.cl\/wp-content\/uploads\/2023\/09\/aguas-3-comuni-1_optimized.jpg\" alt='' title='aguas-3-comuni-(1)_optimized' height=\"600\" width=\"1315\"  itemprop=\"thumbnailUrl\" srcset=\"https:\/\/radiorevelacionfm.cl\/wp-content\/uploads\/2023\/09\/aguas-3-comuni-1_optimized.jpg 1315w, https:\/\/radiorevelacionfm.cl\/wp-content\/uploads\/2023\/09\/aguas-3-comuni-1_optimized-300x137.jpg 300w, https:\/\/radiorevelacionfm.cl\/wp-content\/uploads\/2023\/09\/aguas-3-comuni-1_optimized-1030x470.jpg 1030w, https:\/\/radiorevelacionfm.cl\/wp-content\/uploads\/2023\/09\/aguas-3-comuni-1_optimized-768x350.jpg 768w, https:\/\/radiorevelacionfm.cl\/wp-content\/uploads\/2023\/09\/aguas-3-comuni-1_optimized-705x322.jpg 705w, https:\/\/radiorevelacionfm.cl\/wp-content\/uploads\/2023\/09\/aguas-3-comuni-1_optimized-450x205.jpg 450w, https:\/\/radiorevelacionfm.cl\/wp-content\/uploads\/2023\/09\/aguas-3-comuni-1_optimized-600x274.jpg 600w\" sizes=\"(max-width: 1315px) 100vw, 1315px\" \/><\/div><\/div><\/div><\/div><div class=\"flex_column av_one_full  flex_column_div av-zero-column-padding first  avia-builder-el-2  el_after_av_one_full  el_before_av_one_full  column-top-margin\" style='border-radius:0px; '><section class=\"av_textblock_section \"  itemscope=\"itemscope\" itemtype=\"https:\/\/schema.org\/BlogPosting\" itemprop=\"blogPost\" ><div class='avia_textblock  '   itemprop=\"text\" ><p style=\"text-align: center;\"><strong><span style=\"font-size: 18pt;\">Mujeres dirigentas de Ays\u00e9n participar\u00e1n en curso \u201cFormaci\u00f3n de Directoras de Organizaciones de Usuarios con Enfoque de G\u00e9nero\u201d <\/span><\/strong><\/p>\n<div id=\"gtx-trans\" style=\"position: absolute; left: -50px; top: 4.31534px;\">\n<div class=\"gtx-trans-icon\"><\/div>\n<\/div>\n<\/div><\/section><\/div><div class=\"flex_column av_one_full  flex_column_div av-zero-column-padding first  avia-builder-el-4  el_after_av_one_full  el_before_av_hr  column-top-margin\" style='border-radius:0px; '><section class=\"av_textblock_section \"  itemscope=\"itemscope\" itemtype=\"https:\/\/schema.org\/BlogPosting\" itemprop=\"blogPost\" ><div class='avia_textblock  '   itemprop=\"text\" ><p style=\"text-align: justify;\"><em>Iniciativa surge desde la Direcci\u00f3n General de Aguas del Ministerio de Obras P\u00fablicas para fortalecer liderazgo femenino <\/em><em>de mujeres dirigentes ligadas a las Organizaciones de Usuarios de Agua.<\/em><\/p>\n<p style=\"text-align: justify;\">El Secretario Regional Ministerial de Obras P\u00fablicas, Patricio Sanhueza Ulloa destac\u00f3 esta semana que los d\u00edas 02, 03 y 04 de octubre del a\u00f1o en curso, las dirigentes de las comunidades de aguas Canal Chile Chico Yohana Berrocal Ortiz y de Estero Lechoso -en proceso de constituci\u00f3n para su posterior registro en la DGA- Jessy Vargas Bustamante, participar\u00e1n en el curso \u201cFormaci\u00f3n de Directoras de Organizaciones de Usuarios con Enfoque de G\u00e9nero\u201d, que impartir\u00e1 el Centro de Ciencia del Clima y la Resiliencia (CR2), en el marco de la ejecuci\u00f3n del Programa de Acompa\u00f1amiento de Organizaciones de Usuarios de Aguas (OUA) que da origen al convenio suscrito entre la Direcci\u00f3n General de Aguas del MOP y la Universidad de Chile.<\/p>\n<p style=\"text-align: justify;\">\u201cEstamos muy contentos por la participaci\u00f3n de ambas mujeres en esta iniciativa, la que va en l\u00ednea con lo que queremos como gobierno, que es que las mujeres tengan un rol protag\u00f3nico en su quehacer general y tambi\u00e9n en este caso, lo dentro de las Organizaciones de Usuarios de Agua; as\u00ed que en esta instancia, ellas contar\u00e1n con un espacio de comunicaci\u00f3n, traspaso y de compartir experiencias con otras mujeres de todo Chile, oportunidad en la que se les va a entregar diversas herramientas para que puedan abordar los grandes desaf\u00edos que tienen como organizaciones desde diferentes aspectos t\u00e9cnicos, legales y de gesti\u00f3n relacionados a la operaci\u00f3n y administraci\u00f3n de las Organizaciones de Usuarios. El objetivo del curso, es fortalecer las competencias t\u00e9cnicas y transversales de las Directoras y potenciales Directoras de Organizaciones de Usuarios de Aguas con enfoque de g\u00e9nero, para facilitar su participaci\u00f3n efectiva y fomentar liderazgos de mujeres al interior de estas organizaciones, avanzando hacia una gesti\u00f3n integrada de los recursos h\u00eddricos, y potenciando el desarrollo de sus conocimientos y habilidades en relaci\u00f3n al cargo que desempe\u00f1en o aspiren desempe\u00f1ar\u201d, destac\u00f3 el SEREMI del MOP.<\/p>\n<p style=\"text-align: justify;\">Por su parte, el Director de la Direcci\u00f3n General de Aguas en la Regi\u00f3n de Ays\u00e9n, H\u00e9ctor Cort\u00e9s Gaete expres\u00f3 que en esta zona del pa\u00eds existen cinco Organizaciones de Usuarios de Aguas Superficiales registradas en la DGA-MOP y tambi\u00e9n hay algunas en proceso de constituci\u00f3n para su posterior registro, y se ubican en diferentes sectores de la regi\u00f3n. Estas comunidades de agua tienen un directorio, y en ellos hay presencia de mujeres con gran capacidad de liderazgo. En raz\u00f3n a ello, dos dirigentes fueron invitadas a esta actividad que financia nuestra Direcci\u00f3n de Aguas. Esta instancia de participaci\u00f3n de las mujeres permite destacar sus diferentes roles desde la perspectiva de los liderazgos, desarrollando capacidades, promoviendo las organizaciones y facilitando de alguna manera la participaci\u00f3n de la Administraci\u00f3n del Estado en una tarea tan importante como es favorecer que cada una de las personas vaya fortaleciendo las organizaciones y a partir de ah\u00ed, puedan tener una participaci\u00f3n m\u00e1s efectiva en el sentido de poder acceder a mayor cantidad de beneficios y de mejor calidad. En esta oportunidad, estamos haciendo un reconocimiento hist\u00f3rico a la tarea de las mujeres en los roles de liderazgo que en muchas oportunidades han fortalecido el desarrollo de nuestro pa\u00eds y nos han permitido reconocer la participaci\u00f3n de todos y todas en igualdad de condiciones. Esta es una tarea que se va a mantener en el tiempo, a trav\u00e9s de capacitaciones permanentes y en el desarrollo de actividades, que en definitiva fortalecen y relevan la presencia de todos y de todas y que van en beneficio de las comunidades, incluidas las m\u00e1s distantes dentro del territorio\u201d.<\/p>\n<\/div><\/section><\/div><div  style='height:50px' class='hr hr-invisible   avia-builder-el-6  el_after_av_one_full  el_before_av_social_share '><span class='hr-inner ' ><span class='hr-inner-style'><\/span><\/span><\/div><\/p>\n<div  class='av-social-sharing-box  avia-builder-el-7  el_after_av_hr  el_before_av_hr  '><div class='av-share-box'><h5 class='av-share-link-description av-no-toc '>Compartir esta noticia<\/h5><ul class='av-share-box-list noLightbox'><li class='av-share-link av-social-link-facebook' ><a target=\"_blank\" aria-label=\"Compartir en Facebook\" href='https:\/\/www.facebook.com\/sharer.php?u=https:\/\/radiorevelacionfm.cl\/?p=34754&#038;t=Mujeres%20dirigentas%20de%20Ays%C3%A9n%20participar%C3%A1n%20en%20curso%20%E2%80%9CFormaci%C3%B3n%20de%20Directoras%20de%20Organizaciones%20de%20Usuarios%20con%20Enfoque%20de%20G%C3%A9nero%E2%80%9D' aria-hidden='false' data-av_icon='\ue8f3' data-av_iconfont='entypo-fontello' title='' data-avia-related-tooltip='Compartir en Facebook' rel=\"noopener\"><span class='avia_hidden_link_text'>Compartir en Facebook<\/span><\/a><\/li><li class='av-share-link av-social-link-twitter' ><a target=\"_blank\" aria-label=\"Compartir en Twitter\" href='https:\/\/twitter.com\/share?text=Mujeres%20dirigentas%20de%20Ays%C3%A9n%20participar%C3%A1n%20en%20curso%20%E2%80%9CFormaci%C3%B3n%20de%20Directoras%20de%20Organizaciones%20de%20Usuarios%20con%20Enfoque%20de%20G%C3%A9nero%E2%80%9D&#038;url=https:\/\/radiorevelacionfm.cl\/?p=34754' aria-hidden='false' data-av_icon='\ue8f1' data-av_iconfont='entypo-fontello' title='' data-avia-related-tooltip='Compartir en Twitter' rel=\"noopener\"><span class='avia_hidden_link_text'>Compartir en Twitter<\/span><\/a><\/li><li class='av-share-link av-social-link-whatsapp' ><a target=\"_blank\" aria-label=\"Compartir en Whatsapp\" href='https:\/\/api.whatsapp.com\/send?text=https:\/\/radiorevelacionfm.cl\/?p=34754' aria-hidden='false' data-av_icon='\uf232' data-av_iconfont='entypo-fontello' title='' data-avia-related-tooltip='Compartir en Whatsapp' rel=\"noopener\"><span class='avia_hidden_link_text'>Compartir en Whatsapp<\/span><\/a><\/li><li class='av-share-link av-social-link-linkedin' ><a target=\"_blank\" aria-label=\"Compartir en LinkedIn\" href='https:\/\/linkedin.com\/shareArticle?mini=true&#038;title=Mujeres%20dirigentas%20de%20Ays%C3%A9n%20participar%C3%A1n%20en%20curso%20%E2%80%9CFormaci%C3%B3n%20de%20Directoras%20de%20Organizaciones%20de%20Usuarios%20con%20Enfoque%20de%20G%C3%A9nero%E2%80%9D&#038;url=https:\/\/radiorevelacionfm.cl\/?p=34754' aria-hidden='false' data-av_icon='\ue8fc' data-av_iconfont='entypo-fontello' title='' data-avia-related-tooltip='Compartir en LinkedIn' rel=\"noopener\"><span class='avia_hidden_link_text'>Compartir en LinkedIn<\/span><\/a><\/li><li class='av-share-link av-social-link-mail' ><a  aria-label=\"Compartir por correo\" href='mailto:?subject=Mujeres%20dirigentas%20de%20Ays%C3%A9n%20participar%C3%A1n%20en%20curso%20%E2%80%9CFormaci%C3%B3n%20de%20Directoras%20de%20Organizaciones%20de%20Usuarios%20con%20Enfoque%20de%20G%C3%A9nero%E2%80%9D&#038;body=https:\/\/radiorevelacionfm.cl\/?p=34754' aria-hidden='false' data-av_icon='\ue805' data-av_iconfont='entypo-fontello' title='' data-avia-related-tooltip='Compartir por correo'><span class='avia_hidden_link_text'>Compartir por correo<\/span><\/a><\/li><\/ul><\/div><\/div>\n<div  style='height:50px' class='hr hr-invisible   avia-builder-el-8  el_after_av_social_share  el_before_av_comments_list '><span class='hr-inner ' ><span class='hr-inner-style'><\/span><\/span><\/div>\n<div  class='av-buildercomment  av-blog-meta-html-info-disabled av-blog-meta-tag-disabled  '><\/div>\n","protected":false},"excerpt":{"rendered":"","protected":false},"author":1,"featured_media":34755,"comment_status":"open","ping_status":"open","sticky":false,"template":"","format":"standard","meta":{"footnotes":""},"categories":[38],"tags":[],"class_list":["post-34754","post","type-post","status-publish","format-standard","has-post-thumbnail","hentry","category-regional"],"jetpack_featured_media_url":"https:\/\/radiorevelacionfm.cl\/wp-content\/uploads\/2023\/09\/aguas-3-comuni-1_optimized.jpg","_links":{"self":[{"href":"https:\/\/radiorevelacionfm.cl\/index.php?rest_route=\/wp\/v2\/posts\/34754","targetHints":{"allow":["GET"]}}],"collection":[{"href":"https:\/\/radiorevelacionfm.cl\/index.php?rest_route=\/wp\/v2\/posts"}],"about":[{"href":"https:\/\/radiorevelacionfm.cl\/index.php?rest_route=\/wp\/v2\/types\/post"}],"author":[{"embeddable":true,"href":"https:\/\/radiorevelacionfm.cl\/index.php?rest_route=\/wp\/v2\/users\/1"}],"replies":[{"embeddable":true,"href":"https:\/\/radiorevelacionfm.cl\/index.php?rest_route=%2Fwp%2Fv2%2Fcomments&post=34754"}],"version-history":[{"count":1,"href":"https:\/\/radiorevelacionfm.cl\/index.php?rest_route=\/wp\/v2\/posts\/34754\/revisions"}],"predecessor-version":[{"id":34756,"href":"https:\/\/radiorevelacionfm.cl\/index.php?rest_route=\/wp\/v2\/posts\/34754\/revisions\/34756"}],"wp:featuredmedia":[{"embeddable":true,"href":"https:\/\/radiorevelacionfm.cl\/index.php?rest_route=\/wp\/v2\/media\/34755"}],"wp:attachment":[{"href":"https:\/\/radiorevelacionfm.cl\/index.php?rest_route=%2Fwp%2Fv2%2Fmedia&parent=34754"}],"wp:term":[{"taxonomy":"category","embeddable":true,"href":"https:\/\/radiorevelacionfm.cl\/index.php?rest_route=%2Fwp%2Fv2%2Fcategories&post=34754"},{"taxonomy":"post_tag","embeddable":true,"href":"https:\/\/radiorevelacionfm.cl\/index.php?rest_route=%2Fwp%2Fv2%2Ftags&post=34754"}],"curies":[{"name":"wp","href":"https:\/\/api.w.org\/{rel}","templated":true}]}}