{"id":34751,"date":"2023-09-07T17:50:01","date_gmt":"2023-09-07T20:50:01","guid":{"rendered":"https:\/\/radiorevelacionfm.cl\/?p=34751"},"modified":"2023-09-07T17:50:01","modified_gmt":"2023-09-07T20:50:01","slug":"en-menos-de-24-horas-lector-de-patentes-operado-por-seguridad-publica-de-aysen-realizo-su-primer-procedimiento","status":"publish","type":"post","link":"https:\/\/radiorevelacionfm.cl\/?p=34751","title":{"rendered":"En menos de 24 horas lector de patentes operado por Seguridad Publica de Ays\u00e9n realiz\u00f3 su primer procedimiento"},"content":{"rendered":"<div class=\"flex_column av_one_full  flex_column_div av-zero-column-padding first  avia-builder-el-0  el_before_av_one_full  avia-builder-el-first  \" style='border-radius:0px; '><div  class='avia-image-container  av-styling-    avia-builder-el-1  avia-builder-el-no-sibling  avia-align-center '  itemprop=\"image\" itemscope=\"itemscope\" itemtype=\"https:\/\/schema.org\/ImageObject\"  ><div class='avia-image-container-inner'><div class='avia-image-overlay-wrap'><img decoding=\"async\" class='wp-image-34752 avia-img-lazy-loading-not-34752 avia_image' src=\"https:\/\/radiorevelacionfm.cl\/wp-content\/uploads\/2023\/09\/lector-2-1-1.jpeg\" alt='' title='lector 2 (1) (1)' height=\"600\" width=\"800\"  itemprop=\"thumbnailUrl\" srcset=\"https:\/\/radiorevelacionfm.cl\/wp-content\/uploads\/2023\/09\/lector-2-1-1.jpeg 800w, https:\/\/radiorevelacionfm.cl\/wp-content\/uploads\/2023\/09\/lector-2-1-1-300x225.jpeg 300w, https:\/\/radiorevelacionfm.cl\/wp-content\/uploads\/2023\/09\/lector-2-1-1-768x576.jpeg 768w, https:\/\/radiorevelacionfm.cl\/wp-content\/uploads\/2023\/09\/lector-2-1-1-705x529.jpeg 705w, https:\/\/radiorevelacionfm.cl\/wp-content\/uploads\/2023\/09\/lector-2-1-1-450x338.jpeg 450w, https:\/\/radiorevelacionfm.cl\/wp-content\/uploads\/2023\/09\/lector-2-1-1-600x450.jpeg 600w\" sizes=\"(max-width: 800px) 100vw, 800px\" \/><\/div><\/div><\/div><\/div><div class=\"flex_column av_one_full  flex_column_div av-zero-column-padding first  avia-builder-el-2  el_after_av_one_full  el_before_av_one_full  column-top-margin\" style='border-radius:0px; '><section class=\"av_textblock_section \"  itemscope=\"itemscope\" itemtype=\"https:\/\/schema.org\/BlogPosting\" itemprop=\"blogPost\" ><div class='avia_textblock  '   itemprop=\"text\" ><p style=\"text-align: center;\"><strong><span style=\"font-size: 18pt;\">En menos de 24 horas lector de patentes operado por Seguridad Publica de Ays\u00e9n realiz\u00f3 su primer procedimiento<\/span><\/strong><\/p>\n<div id=\"gtx-trans\" style=\"position: absolute; left: -50px; top: 4.31534px;\">\n<div class=\"gtx-trans-icon\"><\/div>\n<\/div>\n<\/div><\/section><\/div><div class=\"flex_column av_one_full  flex_column_div av-zero-column-padding first  avia-builder-el-4  el_after_av_one_full  el_before_av_hr  column-top-margin\" style='border-radius:0px; '><section class=\"av_textblock_section \"  itemscope=\"itemscope\" itemtype=\"https:\/\/schema.org\/BlogPosting\" itemprop=\"blogPost\" ><div class='avia_textblock  '   itemprop=\"text\" ><p style=\"text-align: justify;\"><em>Es el primero en la regi\u00f3n, est\u00e1 conectado a una central instalada en Santiago, que en menos de 15 segundos env\u00eda una alerta al identificar la patente de un veh\u00edculo que tenga encargo por robo.<\/em><\/p>\n<p style=\"text-align: justify;\">La Direcci\u00f3n Municipal de Seguridad Publica de Ays\u00e9n, ha instalado un moderno sistema, \u00fanico en la regi\u00f3n, que permite advertir patentes de veh\u00edculos que tengan encargo por robo en alg\u00fan punto de nuestro pa\u00eds. Modalidad que en las \u00faltimas horas ha logrado llevar a cabo un primer procedimiento en Puerto Ays\u00e9n.<\/p>\n<p style=\"text-align: justify;\">Feliz con esta nueva herramienta para dar tranquilidad a la comunidad, se mostr\u00f3 el director de Seguridad P\u00fablica, Marco Co\u00f1uecar.<\/p>\n<p style=\"text-align: justify;\">\u201cEstamos muy contentos, ya hemos instalado en nuestro veh\u00edculo preventivo de Seguridad P\u00fablica, un lector de patente, que es un sistema \u00fanico en la regi\u00f3n, somos la primera Municipalidad que ya est\u00e1 trabajando con esto y ha dado muy buenos resultados. Quiero informar a la comunidad que, en menos de 24 horas, hemos podido dar aviso a Carabineros de un veh\u00edculo por encargo de robo. El d\u00eda de ayer, a eso de las 20 horas desde la central de televigilancia en coordinaci\u00f3n con nuestros equipos de patrullaje, se tom\u00f3 conocimiento de un veh\u00edculo que circulaba en Ays\u00e9n por encargo de robo, luego de ello, nuestra patrulla a cargo del inspector Patricio Chiguay, fue al lugar de los hechos, encontr\u00f3 al veh\u00edculo, se hizo el procedimiento de rigor, la persona se encuentra detenida. Nosotros seguimos trabajando, muy contentos, porque estas son acciones que la gente valora, poder innovar en seguridad y por sobre todo dar tranquilidad a los vecinos de la comuna\u201d.<\/p>\n<p style=\"text-align: justify;\">Respecto a las caracter\u00edsticas del nuevo sistema, Marco Co\u00f1uecar, detall\u00f3, \u201ces un tel\u00e9fono moderno que est\u00e1 conectado con una central en Santiago, no somos la \u00fanica comuna, hay muchas municipalidades en el pa\u00eds. En detalle, una vez que el sistema lee una patente en 15 segundos se hace una revisi\u00f3n y luego de ello, si es que el sistema arroja posible encargo por robo, se hace un an\u00e1lisis de 5 minutos, que lo hace el sistema en Santiago, despu\u00e9s nosotros damos curso al procedimiento y en ese sentido vamos en b\u00fasqueda del veh\u00edculo. As\u00ed es que, es algo muy innovador, ha dado muy buenos resultados, en menos de 24 horas ya tenemos a una persona detenida por circular con un veh\u00edculo que presenta un encargo por robo. Decir tambi\u00e9n que, el convenio OS 14 nos ha dado muy buenos resultados, ya que, todo lo que hacemos siempre se trabaja de la mano con Carabineros y esta no fue la excepci\u00f3n\u201d, puntualiz\u00f3 el director municipal de Seguridad P\u00fablica.<\/p>\n<\/div><\/section><\/div><div  style='height:50px' class='hr hr-invisible   avia-builder-el-6  el_after_av_one_full  el_before_av_social_share '><span class='hr-inner ' ><span class='hr-inner-style'><\/span><\/span><\/div><\/p>\n<div  class='av-social-sharing-box  avia-builder-el-7  el_after_av_hr  el_before_av_hr  '><div class='av-share-box'><h5 class='av-share-link-description av-no-toc '>Compartir esta noticia<\/h5><ul class='av-share-box-list noLightbox'><li class='av-share-link av-social-link-facebook' ><a target=\"_blank\" aria-label=\"Compartir en Facebook\" href='https:\/\/www.facebook.com\/sharer.php?u=https:\/\/radiorevelacionfm.cl\/?p=34751&#038;t=En%20menos%20de%2024%20horas%20lector%20de%20patentes%20operado%20por%20Seguridad%20Publica%20de%20Ays%C3%A9n%20realiz%C3%B3%20su%20primer%20procedimiento' aria-hidden='false' data-av_icon='\ue8f3' data-av_iconfont='entypo-fontello' title='' data-avia-related-tooltip='Compartir en Facebook' rel=\"noopener\"><span class='avia_hidden_link_text'>Compartir en Facebook<\/span><\/a><\/li><li class='av-share-link av-social-link-twitter' ><a target=\"_blank\" aria-label=\"Compartir en Twitter\" href='https:\/\/twitter.com\/share?text=En%20menos%20de%2024%20horas%20lector%20de%20patentes%20operado%20por%20Seguridad%20Publica%20de%20Ays%C3%A9n%20realiz%C3%B3%20su%20primer%20procedimiento&#038;url=https:\/\/radiorevelacionfm.cl\/?p=34751' aria-hidden='false' data-av_icon='\ue8f1' data-av_iconfont='entypo-fontello' title='' data-avia-related-tooltip='Compartir en Twitter' rel=\"noopener\"><span class='avia_hidden_link_text'>Compartir en Twitter<\/span><\/a><\/li><li class='av-share-link av-social-link-whatsapp' ><a target=\"_blank\" aria-label=\"Compartir en Whatsapp\" href='https:\/\/api.whatsapp.com\/send?text=https:\/\/radiorevelacionfm.cl\/?p=34751' aria-hidden='false' data-av_icon='\uf232' data-av_iconfont='entypo-fontello' title='' data-avia-related-tooltip='Compartir en Whatsapp' rel=\"noopener\"><span class='avia_hidden_link_text'>Compartir en Whatsapp<\/span><\/a><\/li><li class='av-share-link av-social-link-linkedin' ><a target=\"_blank\" aria-label=\"Compartir en LinkedIn\" href='https:\/\/linkedin.com\/shareArticle?mini=true&#038;title=En%20menos%20de%2024%20horas%20lector%20de%20patentes%20operado%20por%20Seguridad%20Publica%20de%20Ays%C3%A9n%20realiz%C3%B3%20su%20primer%20procedimiento&#038;url=https:\/\/radiorevelacionfm.cl\/?p=34751' aria-hidden='false' data-av_icon='\ue8fc' data-av_iconfont='entypo-fontello' title='' data-avia-related-tooltip='Compartir en LinkedIn' rel=\"noopener\"><span class='avia_hidden_link_text'>Compartir en LinkedIn<\/span><\/a><\/li><li class='av-share-link av-social-link-mail' ><a  aria-label=\"Compartir por correo\" href='mailto:?subject=En%20menos%20de%2024%20horas%20lector%20de%20patentes%20operado%20por%20Seguridad%20Publica%20de%20Ays%C3%A9n%20realiz%C3%B3%20su%20primer%20procedimiento&#038;body=https:\/\/radiorevelacionfm.cl\/?p=34751' aria-hidden='false' data-av_icon='\ue805' data-av_iconfont='entypo-fontello' title='' data-avia-related-tooltip='Compartir por correo'><span class='avia_hidden_link_text'>Compartir por correo<\/span><\/a><\/li><\/ul><\/div><\/div>\n<div  style='height:50px' class='hr hr-invisible   avia-builder-el-8  el_after_av_social_share  el_before_av_comments_list '><span class='hr-inner ' ><span class='hr-inner-style'><\/span><\/span><\/div>\n<div  class='av-buildercomment  av-blog-meta-html-info-disabled av-blog-meta-tag-disabled  '><\/div>\n","protected":false},"excerpt":{"rendered":"","protected":false},"author":1,"featured_media":34752,"comment_status":"open","ping_status":"open","sticky":false,"template":"","format":"standard","meta":{"footnotes":""},"categories":[38],"tags":[],"class_list":["post-34751","post","type-post","status-publish","format-standard","has-post-thumbnail","hentry","category-regional"],"jetpack_featured_media_url":"https:\/\/radiorevelacionfm.cl\/wp-content\/uploads\/2023\/09\/lector-2-1-1.jpeg","_links":{"self":[{"href":"https:\/\/radiorevelacionfm.cl\/index.php?rest_route=\/wp\/v2\/posts\/34751","targetHints":{"allow":["GET"]}}],"collection":[{"href":"https:\/\/radiorevelacionfm.cl\/index.php?rest_route=\/wp\/v2\/posts"}],"about":[{"href":"https:\/\/radiorevelacionfm.cl\/index.php?rest_route=\/wp\/v2\/types\/post"}],"author":[{"embeddable":true,"href":"https:\/\/radiorevelacionfm.cl\/index.php?rest_route=\/wp\/v2\/users\/1"}],"replies":[{"embeddable":true,"href":"https:\/\/radiorevelacionfm.cl\/index.php?rest_route=%2Fwp%2Fv2%2Fcomments&post=34751"}],"version-history":[{"count":1,"href":"https:\/\/radiorevelacionfm.cl\/index.php?rest_route=\/wp\/v2\/posts\/34751\/revisions"}],"predecessor-version":[{"id":34753,"href":"https:\/\/radiorevelacionfm.cl\/index.php?rest_route=\/wp\/v2\/posts\/34751\/revisions\/34753"}],"wp:featuredmedia":[{"embeddable":true,"href":"https:\/\/radiorevelacionfm.cl\/index.php?rest_route=\/wp\/v2\/media\/34752"}],"wp:attachment":[{"href":"https:\/\/radiorevelacionfm.cl\/index.php?rest_route=%2Fwp%2Fv2%2Fmedia&parent=34751"}],"wp:term":[{"taxonomy":"category","embeddable":true,"href":"https:\/\/radiorevelacionfm.cl\/index.php?rest_route=%2Fwp%2Fv2%2Fcategories&post=34751"},{"taxonomy":"post_tag","embeddable":true,"href":"https:\/\/radiorevelacionfm.cl\/index.php?rest_route=%2Fwp%2Fv2%2Ftags&post=34751"}],"curies":[{"name":"wp","href":"https:\/\/api.w.org\/{rel}","templated":true}]}}