{"id":34748,"date":"2023-09-07T15:55:57","date_gmt":"2023-09-07T18:55:57","guid":{"rendered":"https:\/\/radiorevelacionfm.cl\/?p=34748"},"modified":"2023-09-07T15:55:57","modified_gmt":"2023-09-07T18:55:57","slug":"refuerzan-llamado-a-comprar-alimentos-solo-en-locales-autorizados-ante-proximidad-de-fiestas-patrias","status":"publish","type":"post","link":"https:\/\/radiorevelacionfm.cl\/?p=34748","title":{"rendered":"Refuerzan llamado a comprar alimentos solo en locales autorizados ante proximidad de Fiestas Patrias"},"content":{"rendered":"<div class=\"flex_column av_one_full  flex_column_div av-zero-column-padding first  avia-builder-el-0  el_before_av_one_full  avia-builder-el-first  \" style='border-radius:0px; '><div  class='avia-image-container  av-styling-    avia-builder-el-1  avia-builder-el-no-sibling  avia-align-center '  itemprop=\"image\" itemscope=\"itemscope\" itemtype=\"https:\/\/schema.org\/ImageObject\"  ><div class='avia-image-container-inner'><div class='avia-image-overlay-wrap'><img decoding=\"async\" class='wp-image-34749 avia-img-lazy-loading-not-34749 avia_image' src=\"https:\/\/radiorevelacionfm.cl\/wp-content\/uploads\/2023\/09\/fiscalizacion-carnicerias-1_optimized.jpeg\" alt='' title='fiscalizaci\u00f3n-carnicer\u00edas-(1)_optimized' height=\"600\" width=\"800\"  itemprop=\"thumbnailUrl\" srcset=\"https:\/\/radiorevelacionfm.cl\/wp-content\/uploads\/2023\/09\/fiscalizacion-carnicerias-1_optimized.jpeg 800w, https:\/\/radiorevelacionfm.cl\/wp-content\/uploads\/2023\/09\/fiscalizacion-carnicerias-1_optimized-300x225.jpeg 300w, https:\/\/radiorevelacionfm.cl\/wp-content\/uploads\/2023\/09\/fiscalizacion-carnicerias-1_optimized-768x576.jpeg 768w, https:\/\/radiorevelacionfm.cl\/wp-content\/uploads\/2023\/09\/fiscalizacion-carnicerias-1_optimized-705x529.jpeg 705w, https:\/\/radiorevelacionfm.cl\/wp-content\/uploads\/2023\/09\/fiscalizacion-carnicerias-1_optimized-450x338.jpeg 450w, https:\/\/radiorevelacionfm.cl\/wp-content\/uploads\/2023\/09\/fiscalizacion-carnicerias-1_optimized-600x450.jpeg 600w\" sizes=\"(max-width: 800px) 100vw, 800px\" \/><\/div><\/div><\/div><\/div><div class=\"flex_column av_one_full  flex_column_div av-zero-column-padding first  avia-builder-el-2  el_after_av_one_full  el_before_av_one_full  column-top-margin\" style='border-radius:0px; '><section class=\"av_textblock_section \"  itemscope=\"itemscope\" itemtype=\"https:\/\/schema.org\/BlogPosting\" itemprop=\"blogPost\" ><div class='avia_textblock  '   itemprop=\"text\" ><p style=\"text-align: center;\"><strong><span style=\"font-size: 18pt;\">Refuerzan llamado a comprar alimentos solo en locales autorizados ante proximidad de Fiestas Patrias<\/span><\/strong><\/p>\n<div id=\"gtx-trans\" style=\"position: absolute; left: -50px; top: 4.31534px;\">\n<div class=\"gtx-trans-icon\"><\/div>\n<\/div>\n<\/div><\/section><\/div><div class=\"flex_column av_one_full  flex_column_div av-zero-column-padding first  avia-builder-el-4  el_after_av_one_full  el_before_av_hr  column-top-margin\" style='border-radius:0px; '><section class=\"av_textblock_section \"  itemscope=\"itemscope\" itemtype=\"https:\/\/schema.org\/BlogPosting\" itemprop=\"blogPost\" ><div class='avia_textblock  '   itemprop=\"text\" ><p style=\"text-align: justify;\">Hasta la carnicer\u00eda \u201cCorrales de la Patagonia\u201d en Coyhaique llegaron equipos de profesionales de la Autoridad Sanitaria y el Servicio Agr\u00edcola y Ganadero, con el objetivo de entregar consejos y recomendaciones a los ayseninos a d\u00edas de Fiestas Patrias, con el fin de resguardar la salud de las personas, recordando que \u201ces relevante obtener todos los productos\u00a0 que adquiera en locales autorizados\u201d, dijo la Seremi de Salud Carmen Monsalve G\u00f3mez.<\/p>\n<p style=\"text-align: justify;\">Acompa\u00f1ada por la directora regional del Servicio Agr\u00edcola y Ganadero, SAG, Valeria Carrasco y profesionales inspectores de ambas entidades recordaron a la poblaci\u00f3n que \u201cen esta fecha normalmente la gente consume m\u00e1s productos que los que hace habitualmente, como la carne, mucho condimento, bebidas alcoh\u00f3licas, y es ah\u00ed el llamado a prevenir cualquier situaci\u00f3n que pueda afectar nuestra salud\u201d, recalc\u00f3 la Autoridad Sanitaria.<\/p>\n<p style=\"text-align: justify;\">Para la directora del SAG este trabajo conjunto que hace a\u00f1os vienen desarrollando ambas entidades permite unificar este tipo de acciones donde \u201cnosotros como servicio fiscalizamos principalmente la trazabilidad que va desde la identificaci\u00f3n del animal, pasando por el transporte de los animales vivos, que pasen por un matadero certificado, el transporte de la carne y su comercializaci\u00f3n, adem\u00e1s de su correcta categorizaci\u00f3n en los puntos de venta\u201d, destac\u00f3.<\/p>\n<p style=\"text-align: justify;\">En la ocasi\u00f3n las autoridades entregaron recomendaciones a considerar al momento de adquirir carnes. Entre ellas destacan:<\/p>\n<ul style=\"text-align: justify;\">\n<li>Comprar siempre en locales establecidos y que cuenten con resoluci\u00f3n sanitaria.<\/li>\n<li>Preferir locales cuyas superficies y equipos que contactan los alimentos se encuentren limpios.<\/li>\n<li>Las carnes y otros alimentos destinados para la venta deben estar refrigerados. Los refrigeradores o vitrinas refrigeradas deben contar con un term\u00f3metro, cuya temperatura se mantenga entre 0\u00ba y 7\u00baC.<\/li>\n<li>Mantener siempre separadas las carnes crudas de los dem\u00e1s alimentos<\/li>\n<li>Verificar que las caracter\u00edsticas de las carnes sea la \u00f3ptima como se indica a continuaci\u00f3n (Considera T\u00edtulo XI del D. S. 977\/96)<\/li>\n<\/ul>\n<p style=\"text-align: justify;\"><strong>RECOMENDACIONES AL PREPARAR LAS COMIDAS EN CASA<\/strong><\/p>\n<p style=\"text-align: justify;\">&#8211; Lavar siempre sus manos antes de preparar y consumir alimentos, especialmente despu\u00e9s de manipular carnes crudas. La t\u00e9cnica para el lavado de manos se encuentra disponible en el siguiente enlace https:\/\/www.youtube.com\/watch?v=EkMIWdiMVew.<\/p>\n<p style=\"text-align: justify;\">&#8211; Las carnes congeladas deben descongelarse en el refrigerador, nunca a temperatura ambiente; y aquellas carnes descongeladas no deben volver a congelarse.<\/p>\n<p style=\"text-align: justify;\">&#8211; Lavar verduras, frutas y hortalizas con agua potable, especialmente si van a ser consumidas crudas.<\/p>\n<p style=\"text-align: justify;\">&#8211; Mantener separadas las carnes crudas de los dem\u00e1s alimentos.<\/p>\n<p style=\"text-align: justify;\">&#8211; No utilizar los mismos utensilios (cuchillos y tablas para cortar) usados para las carnes con los dem\u00e1s alimentos, o lavarlos muy bien despu\u00e9s de usarlos.<\/p>\n<p style=\"text-align: justify;\">&#8211; Cocinar completamente las carnes, asegurando que los jugos no tengan color rojo o rosado.<\/p>\n<p style=\"text-align: justify;\">Respecto a los alimentos que no fueron consumidos, se recomienda que sean refrigerados lo antes posible; evitando que permanezcan por m\u00e1s de dos horas a temperatura ambiente.<\/p>\n<p style=\"text-align: justify;\">En el refrigerador, guardar las carnes crudas en niveles m\u00e1s bajos respecto de otros alimentos cocinados o listos para el consumo; y evitar guardar los alimentos por m\u00e1s de tres d\u00edas en el refrigerador, para lo cual es necesario planificar la compra de sus alimentos.<\/p>\n<\/div><\/section><\/div><div  style='height:50px' class='hr hr-invisible   avia-builder-el-6  el_after_av_one_full  el_before_av_social_share '><span class='hr-inner ' ><span class='hr-inner-style'><\/span><\/span><\/div><\/p>\n<div  class='av-social-sharing-box  avia-builder-el-7  el_after_av_hr  el_before_av_hr  '><div class='av-share-box'><h5 class='av-share-link-description av-no-toc '>Compartir esta noticia<\/h5><ul class='av-share-box-list noLightbox'><li class='av-share-link av-social-link-facebook' ><a target=\"_blank\" aria-label=\"Compartir en Facebook\" href='https:\/\/www.facebook.com\/sharer.php?u=https:\/\/radiorevelacionfm.cl\/?p=34748&#038;t=Refuerzan%20llamado%20a%20comprar%20alimentos%20solo%20en%20locales%20autorizados%20ante%20proximidad%20de%20Fiestas%20Patrias' aria-hidden='false' data-av_icon='\ue8f3' data-av_iconfont='entypo-fontello' title='' data-avia-related-tooltip='Compartir en Facebook' rel=\"noopener\"><span class='avia_hidden_link_text'>Compartir en Facebook<\/span><\/a><\/li><li class='av-share-link av-social-link-twitter' ><a target=\"_blank\" aria-label=\"Compartir en Twitter\" href='https:\/\/twitter.com\/share?text=Refuerzan%20llamado%20a%20comprar%20alimentos%20solo%20en%20locales%20autorizados%20ante%20proximidad%20de%20Fiestas%20Patrias&#038;url=https:\/\/radiorevelacionfm.cl\/?p=34748' aria-hidden='false' data-av_icon='\ue8f1' data-av_iconfont='entypo-fontello' title='' data-avia-related-tooltip='Compartir en Twitter' rel=\"noopener\"><span class='avia_hidden_link_text'>Compartir en Twitter<\/span><\/a><\/li><li class='av-share-link av-social-link-whatsapp' ><a target=\"_blank\" aria-label=\"Compartir en Whatsapp\" href='https:\/\/api.whatsapp.com\/send?text=https:\/\/radiorevelacionfm.cl\/?p=34748' aria-hidden='false' data-av_icon='\uf232' data-av_iconfont='entypo-fontello' title='' data-avia-related-tooltip='Compartir en Whatsapp' rel=\"noopener\"><span class='avia_hidden_link_text'>Compartir en Whatsapp<\/span><\/a><\/li><li class='av-share-link av-social-link-linkedin' ><a target=\"_blank\" aria-label=\"Compartir en LinkedIn\" href='https:\/\/linkedin.com\/shareArticle?mini=true&#038;title=Refuerzan%20llamado%20a%20comprar%20alimentos%20solo%20en%20locales%20autorizados%20ante%20proximidad%20de%20Fiestas%20Patrias&#038;url=https:\/\/radiorevelacionfm.cl\/?p=34748' aria-hidden='false' data-av_icon='\ue8fc' data-av_iconfont='entypo-fontello' title='' data-avia-related-tooltip='Compartir en LinkedIn' rel=\"noopener\"><span class='avia_hidden_link_text'>Compartir en LinkedIn<\/span><\/a><\/li><li class='av-share-link av-social-link-mail' ><a  aria-label=\"Compartir por correo\" href='mailto:?subject=Refuerzan%20llamado%20a%20comprar%20alimentos%20solo%20en%20locales%20autorizados%20ante%20proximidad%20de%20Fiestas%20Patrias&#038;body=https:\/\/radiorevelacionfm.cl\/?p=34748' aria-hidden='false' data-av_icon='\ue805' data-av_iconfont='entypo-fontello' title='' data-avia-related-tooltip='Compartir por correo'><span class='avia_hidden_link_text'>Compartir por correo<\/span><\/a><\/li><\/ul><\/div><\/div>\n<div  style='height:50px' class='hr hr-invisible   avia-builder-el-8  el_after_av_social_share  el_before_av_comments_list '><span class='hr-inner ' ><span class='hr-inner-style'><\/span><\/span><\/div>\n<div  class='av-buildercomment  av-blog-meta-html-info-disabled av-blog-meta-tag-disabled  '><\/div>\n","protected":false},"excerpt":{"rendered":"","protected":false},"author":1,"featured_media":34749,"comment_status":"open","ping_status":"open","sticky":false,"template":"","format":"standard","meta":{"footnotes":""},"categories":[46],"tags":[],"class_list":["post-34748","post","type-post","status-publish","format-standard","has-post-thumbnail","hentry","category-salud"],"jetpack_featured_media_url":"https:\/\/radiorevelacionfm.cl\/wp-content\/uploads\/2023\/09\/fiscalizacion-carnicerias-1_optimized.jpeg","_links":{"self":[{"href":"https:\/\/radiorevelacionfm.cl\/index.php?rest_route=\/wp\/v2\/posts\/34748","targetHints":{"allow":["GET"]}}],"collection":[{"href":"https:\/\/radiorevelacionfm.cl\/index.php?rest_route=\/wp\/v2\/posts"}],"about":[{"href":"https:\/\/radiorevelacionfm.cl\/index.php?rest_route=\/wp\/v2\/types\/post"}],"author":[{"embeddable":true,"href":"https:\/\/radiorevelacionfm.cl\/index.php?rest_route=\/wp\/v2\/users\/1"}],"replies":[{"embeddable":true,"href":"https:\/\/radiorevelacionfm.cl\/index.php?rest_route=%2Fwp%2Fv2%2Fcomments&post=34748"}],"version-history":[{"count":1,"href":"https:\/\/radiorevelacionfm.cl\/index.php?rest_route=\/wp\/v2\/posts\/34748\/revisions"}],"predecessor-version":[{"id":34750,"href":"https:\/\/radiorevelacionfm.cl\/index.php?rest_route=\/wp\/v2\/posts\/34748\/revisions\/34750"}],"wp:featuredmedia":[{"embeddable":true,"href":"https:\/\/radiorevelacionfm.cl\/index.php?rest_route=\/wp\/v2\/media\/34749"}],"wp:attachment":[{"href":"https:\/\/radiorevelacionfm.cl\/index.php?rest_route=%2Fwp%2Fv2%2Fmedia&parent=34748"}],"wp:term":[{"taxonomy":"category","embeddable":true,"href":"https:\/\/radiorevelacionfm.cl\/index.php?rest_route=%2Fwp%2Fv2%2Fcategories&post=34748"},{"taxonomy":"post_tag","embeddable":true,"href":"https:\/\/radiorevelacionfm.cl\/index.php?rest_route=%2Fwp%2Fv2%2Ftags&post=34748"}],"curies":[{"name":"wp","href":"https:\/\/api.w.org\/{rel}","templated":true}]}}