{"id":34738,"date":"2023-09-07T11:12:48","date_gmt":"2023-09-07T14:12:48","guid":{"rendered":"https:\/\/radiorevelacionfm.cl\/?p=34738"},"modified":"2023-09-07T11:12:48","modified_gmt":"2023-09-07T14:12:48","slug":"con-mejoras-significativas-para-las-pymes-locales-proveedoras-de-la-industria-salmonera-finaliza-programa-territorial-integrado-de-corfo-aysen","status":"publish","type":"post","link":"https:\/\/radiorevelacionfm.cl\/?p=34738","title":{"rendered":"Con mejoras significativas para las pymes locales proveedoras de la industria salmonera finaliza Programa Territorial Integrado de Corfo Ays\u00e9n"},"content":{"rendered":"<div class=\"flex_column av_one_full  flex_column_div av-zero-column-padding first  avia-builder-el-0  el_before_av_one_full  avia-builder-el-first  \" style='border-radius:0px; '><div  class='avia-image-container  av-styling-    avia-builder-el-1  avia-builder-el-no-sibling  avia-align-center '  itemprop=\"image\" itemscope=\"itemscope\" itemtype=\"https:\/\/schema.org\/ImageObject\"  ><div class='avia-image-container-inner'><div class='avia-image-overlay-wrap'><img decoding=\"async\" class='wp-image-34741 avia-img-lazy-loading-not-34741 avia_image' src=\"https:\/\/radiorevelacionfm.cl\/wp-content\/uploads\/2023\/09\/pti-1_optimized.jpg\" alt='' title='pti-(1)_optimized' height=\"600\" width=\"802\"  itemprop=\"thumbnailUrl\" srcset=\"https:\/\/radiorevelacionfm.cl\/wp-content\/uploads\/2023\/09\/pti-1_optimized.jpg 802w, https:\/\/radiorevelacionfm.cl\/wp-content\/uploads\/2023\/09\/pti-1_optimized-300x224.jpg 300w, https:\/\/radiorevelacionfm.cl\/wp-content\/uploads\/2023\/09\/pti-1_optimized-768x575.jpg 768w, https:\/\/radiorevelacionfm.cl\/wp-content\/uploads\/2023\/09\/pti-1_optimized-705x527.jpg 705w, https:\/\/radiorevelacionfm.cl\/wp-content\/uploads\/2023\/09\/pti-1_optimized-450x337.jpg 450w, https:\/\/radiorevelacionfm.cl\/wp-content\/uploads\/2023\/09\/pti-1_optimized-600x449.jpg 600w\" sizes=\"(max-width: 802px) 100vw, 802px\" \/><\/div><\/div><\/div><\/div><div class=\"flex_column av_one_full  flex_column_div av-zero-column-padding first  avia-builder-el-2  el_after_av_one_full  el_before_av_one_full  column-top-margin\" style='border-radius:0px; '><section class=\"av_textblock_section \"  itemscope=\"itemscope\" itemtype=\"https:\/\/schema.org\/BlogPosting\" itemprop=\"blogPost\" ><div class='avia_textblock  '   itemprop=\"text\" ><p style=\"text-align: center;\"><strong><span style=\"font-size: 18pt;\">Con mejoras significativas para las pymes locales proveedoras de la industria salmonera finaliza Programa Territorial Integrado de Corfo Ays\u00e9n<\/span><\/strong><\/p>\n<div id=\"gtx-trans\" style=\"position: absolute; left: -50px; top: 4.31534px;\">\n<div class=\"gtx-trans-icon\"><\/div>\n<\/div>\n<\/div><\/section><\/div><div class=\"flex_column av_one_full  flex_column_div av-zero-column-padding first  avia-builder-el-4  el_after_av_one_full  el_before_av_hr  column-top-margin\" style='border-radius:0px; '><section class=\"av_textblock_section \"  itemscope=\"itemscope\" itemtype=\"https:\/\/schema.org\/BlogPosting\" itemprop=\"blogPost\" ><div class='avia_textblock  '   itemprop=\"text\" ><p style=\"font-weight: 400; text-align: justify;\">Luego de tres a\u00f1os de ejecuci\u00f3n, finaliz\u00f3 el Programa Territorial Integrado de Corfo Ays\u00e9n \u00abDesarrollo de Fiordos y Canales de Ays\u00e9n\u00bb que busc\u00f3 fortalecer la competitividad y el desarrollo de las pymes locales proveedoras de la industria acu\u00edcola.<\/p>\n<p style=\"font-weight: 400; text-align: justify;\">As\u00ed lo inform\u00f3 Humberto Mar\u00edn Leiva, director de la corporaci\u00f3n en el territorio, explicando que el programa, que inici\u00f3 el a\u00f1o 2020, ha sido una iniciativa estrat\u00e9gica impulsada por Corfo para potenciar el crecimiento y la diversificaci\u00f3n econ\u00f3mica en Ays\u00e9n. \u201cA trav\u00e9s de este programa, se han implementado diversas acciones y medidas destinadas a apoyar a las pymes proveedoras de servicios de la industria acu\u00edcola, brind\u00e1ndoles herramientas y oportunidades para mejorar su competitividad y contribuir al desarrollo sostenible de la regi\u00f3n\u201d.<\/p>\n<p style=\"font-weight: 400; text-align: justify;\">Mar\u00edn explic\u00f3 que, durante la ejecuci\u00f3n del programa, se brindaron capacitaciones y asesor\u00edas especializadas a las pymes para fortalecer sus habilidades t\u00e9cnicas y empresariales, lo que les permiti\u00f3 mejorar la eficiencia de sus procesos y ofrecer servicios de mayor calidad. \u201cEl programa territorial Desarrollo de Fiordos y Canales de Ays\u00e9n ha beneficiado a las pymes proveedoras de servicios en la industria acu\u00edcola, fortaleciendo su competitividad y promoviendo su crecimiento. Gracias a este programa, estas empresas han mejorado sus capacidades y accedido a nuevas oportunidades de negocio, lo que las prepara para enfrentar desaf\u00edos futuros y continuar expandi\u00e9ndose en el mercado\u201d.<\/p>\n<p style=\"font-weight: 400; text-align: justify;\">Agreg\u00f3 que el PTI\u00a0se enmarca en las pol\u00edticas de fomento productivo de Corfo\u00a0para\u00a0potenciar el crecimiento econ\u00f3mico de la regi\u00f3n, aprovechando su gran potencial acu\u00edcola y generando oportunidades para las peque\u00f1as y medianas empresas del sector y cont\u00f3 con el apoyo del Gobierno Regional de Ays\u00e9n, SalmonChile, el Consejo del Salm\u00f3n y Acuiprov.<\/p>\n<p style=\"font-weight: 400; text-align: justify;\"><strong>LOGROS Y ALCANCES<\/strong><\/p>\n<p style=\"font-weight: 400; text-align: justify;\">El Programa Territorial Integrado (PTI) Desarrollo de Fiordos y Canales de Ays\u00e9n, ha llevado a cabo una serie de actividades que han tenido un impacto significativo en el fortalecimiento y visibilidad de las peque\u00f1as y medianas empresas (pymes) locales en el sector salmonero.<\/p>\n<p style=\"font-weight: 400; text-align: justify;\">Destacan la creaci\u00f3n de Acuiprov A.G., que ha sido fundamental para el crecimiento de los proveedores locales, y las exitosas ruedas de negocios que han generado m\u00e1s de 200 reuniones con resultados positivos. Los seminarios y capacitaciones han abordado temas clave como emprendimiento, tecnolog\u00edas y econom\u00eda circular, brindando herramientas de actualizaci\u00f3n y formaci\u00f3n a los participantes. Las giras tecnol\u00f3gicas a Puerto Montt han permitido a los proveedores locales conocer y adoptar nuevas soluciones. Adem\u00e1s, el cat\u00e1logo virtual\u00a0<a href=\"http:\/\/proaqaysen.cl\/\" data-saferedirecturl=\"https:\/\/www.google.com\/url?q=http:\/\/proaqaysen.cl&amp;source=gmail&amp;ust=1694179677440000&amp;usg=AOvVaw0BfbVONrhFc-renr4z-kCa\">proaqaysen.cl<\/a>\u00a0ha aumentado la visibilidad de los proveedores locales y facilitado el acceso a informaci\u00f3n sobre sus productos y servicios. Como resultado, se han creado exitosamente 8 empresas durante el PTI, y se ha observado un aumento en las ventas y la contrataci\u00f3n local. M\u00e1s de 30 instrumentos de financiamiento han sido adjudicados a las empresas prestadoras de servicios, impulsando su crecimiento. Seg\u00fan una muestra de 61 empresas encuestadas, el PTI ha tenido un impacto positivo en el desarrollo de los negocios locales, con un aumento en las ventas, la adquisici\u00f3n de nuevos clientes y el cierre de nuevos negocios. Los empresarios destacan la contribuci\u00f3n del PTI al fortalecimiento de la actividad econ\u00f3mica y la potenciaci\u00f3n de la industria local.<\/p>\n<p style=\"font-weight: 400; text-align: justify;\">Finalmente, el director de Corfo detall\u00f3 que \u201cestos resultados exitosos del PTI Fiordos y Canales de Ays\u00e9n se deben a varias razones clave. En primer lugar, porque abordamos desaf\u00edos y oportunidades espec\u00edficas de la regi\u00f3n. En segundo lugar, porque cont\u00f3 con una amplia participaci\u00f3n de actores locales y sectoriales, lo que facilit\u00f3 la planificaci\u00f3n y ejecuci\u00f3n efectiva. Adem\u00e1s, promovi\u00f3 enfoques innovadores para el desarrollo econ\u00f3mico. Y finalmente, porque logr\u00f3 resultados tangibles como el aumento de la productividad, la creaci\u00f3n de empleo y la mejora del bienestar socioecon\u00f3mico en las comunidades locales\u201d.<\/p>\n<\/div><\/section><\/div><\/p>\n<div  style='height:50px' class='hr hr-invisible   avia-builder-el-6  el_after_av_one_full  el_before_av_social_share '><span class='hr-inner ' ><span class='hr-inner-style'><\/span><\/span><\/div>\n<div  class='av-social-sharing-box  avia-builder-el-7  el_after_av_hr  el_before_av_hr  '><div class='av-share-box'><h5 class='av-share-link-description av-no-toc '>Compartir esta noticia<\/h5><ul class='av-share-box-list noLightbox'><li class='av-share-link av-social-link-facebook' ><a target=\"_blank\" aria-label=\"Compartir en Facebook\" href='https:\/\/www.facebook.com\/sharer.php?u=https:\/\/radiorevelacionfm.cl\/?p=34738&#038;t=Con%20mejoras%20significativas%20para%20las%20pymes%20locales%20proveedoras%20de%20la%20industria%20salmonera%20finaliza%20Programa%20Territorial%20Integrado%20de%20Corfo%20Ays%C3%A9n' aria-hidden='false' data-av_icon='\ue8f3' data-av_iconfont='entypo-fontello' title='' data-avia-related-tooltip='Compartir en Facebook' rel=\"noopener\"><span class='avia_hidden_link_text'>Compartir en Facebook<\/span><\/a><\/li><li class='av-share-link av-social-link-twitter' ><a target=\"_blank\" aria-label=\"Compartir en Twitter\" href='https:\/\/twitter.com\/share?text=Con%20mejoras%20significativas%20para%20las%20pymes%20locales%20proveedoras%20de%20la%20industria%20salmonera%20finaliza%20Programa%20Territorial%20Integrado%20de%20Corfo%20Ays%C3%A9n&#038;url=https:\/\/radiorevelacionfm.cl\/?p=34738' aria-hidden='false' data-av_icon='\ue8f1' data-av_iconfont='entypo-fontello' title='' data-avia-related-tooltip='Compartir en Twitter' rel=\"noopener\"><span class='avia_hidden_link_text'>Compartir en Twitter<\/span><\/a><\/li><li class='av-share-link av-social-link-whatsapp' ><a target=\"_blank\" aria-label=\"Compartir en Whatsapp\" href='https:\/\/api.whatsapp.com\/send?text=https:\/\/radiorevelacionfm.cl\/?p=34738' aria-hidden='false' data-av_icon='\uf232' data-av_iconfont='entypo-fontello' title='' data-avia-related-tooltip='Compartir en Whatsapp' rel=\"noopener\"><span class='avia_hidden_link_text'>Compartir en Whatsapp<\/span><\/a><\/li><li class='av-share-link av-social-link-linkedin' ><a target=\"_blank\" aria-label=\"Compartir en LinkedIn\" href='https:\/\/linkedin.com\/shareArticle?mini=true&#038;title=Con%20mejoras%20significativas%20para%20las%20pymes%20locales%20proveedoras%20de%20la%20industria%20salmonera%20finaliza%20Programa%20Territorial%20Integrado%20de%20Corfo%20Ays%C3%A9n&#038;url=https:\/\/radiorevelacionfm.cl\/?p=34738' aria-hidden='false' data-av_icon='\ue8fc' data-av_iconfont='entypo-fontello' title='' data-avia-related-tooltip='Compartir en LinkedIn' rel=\"noopener\"><span class='avia_hidden_link_text'>Compartir en LinkedIn<\/span><\/a><\/li><li class='av-share-link av-social-link-mail' ><a  aria-label=\"Compartir por correo\" href='mailto:?subject=Con%20mejoras%20significativas%20para%20las%20pymes%20locales%20proveedoras%20de%20la%20industria%20salmonera%20finaliza%20Programa%20Territorial%20Integrado%20de%20Corfo%20Ays%C3%A9n&#038;body=https:\/\/radiorevelacionfm.cl\/?p=34738' aria-hidden='false' data-av_icon='\ue805' data-av_iconfont='entypo-fontello' title='' data-avia-related-tooltip='Compartir por correo'><span class='avia_hidden_link_text'>Compartir por correo<\/span><\/a><\/li><\/ul><\/div><\/div>\n<div  style='height:50px' class='hr hr-invisible   avia-builder-el-8  el_after_av_social_share  el_before_av_comments_list '><span class='hr-inner ' ><span class='hr-inner-style'><\/span><\/span><\/div>\n<div  class='av-buildercomment  av-blog-meta-html-info-disabled av-blog-meta-tag-disabled  '><\/div>\n","protected":false},"excerpt":{"rendered":"","protected":false},"author":1,"featured_media":34741,"comment_status":"open","ping_status":"open","sticky":false,"template":"","format":"standard","meta":{"footnotes":""},"categories":[38],"tags":[],"class_list":["post-34738","post","type-post","status-publish","format-standard","has-post-thumbnail","hentry","category-regional"],"jetpack_featured_media_url":"https:\/\/radiorevelacionfm.cl\/wp-content\/uploads\/2023\/09\/pti-1_optimized.jpg","_links":{"self":[{"href":"https:\/\/radiorevelacionfm.cl\/index.php?rest_route=\/wp\/v2\/posts\/34738","targetHints":{"allow":["GET"]}}],"collection":[{"href":"https:\/\/radiorevelacionfm.cl\/index.php?rest_route=\/wp\/v2\/posts"}],"about":[{"href":"https:\/\/radiorevelacionfm.cl\/index.php?rest_route=\/wp\/v2\/types\/post"}],"author":[{"embeddable":true,"href":"https:\/\/radiorevelacionfm.cl\/index.php?rest_route=\/wp\/v2\/users\/1"}],"replies":[{"embeddable":true,"href":"https:\/\/radiorevelacionfm.cl\/index.php?rest_route=%2Fwp%2Fv2%2Fcomments&post=34738"}],"version-history":[{"count":2,"href":"https:\/\/radiorevelacionfm.cl\/index.php?rest_route=\/wp\/v2\/posts\/34738\/revisions"}],"predecessor-version":[{"id":34742,"href":"https:\/\/radiorevelacionfm.cl\/index.php?rest_route=\/wp\/v2\/posts\/34738\/revisions\/34742"}],"wp:featuredmedia":[{"embeddable":true,"href":"https:\/\/radiorevelacionfm.cl\/index.php?rest_route=\/wp\/v2\/media\/34741"}],"wp:attachment":[{"href":"https:\/\/radiorevelacionfm.cl\/index.php?rest_route=%2Fwp%2Fv2%2Fmedia&parent=34738"}],"wp:term":[{"taxonomy":"category","embeddable":true,"href":"https:\/\/radiorevelacionfm.cl\/index.php?rest_route=%2Fwp%2Fv2%2Fcategories&post=34738"},{"taxonomy":"post_tag","embeddable":true,"href":"https:\/\/radiorevelacionfm.cl\/index.php?rest_route=%2Fwp%2Fv2%2Ftags&post=34738"}],"curies":[{"name":"wp","href":"https:\/\/api.w.org\/{rel}","templated":true}]}}