{"id":34735,"date":"2023-09-07T10:58:51","date_gmt":"2023-09-07T13:58:51","guid":{"rendered":"https:\/\/radiorevelacionfm.cl\/?p=34735"},"modified":"2023-09-07T10:58:51","modified_gmt":"2023-09-07T13:58:51","slug":"carabineros-detuvo-a-sujeto-por-receptacion-y-recupero-especies-de-al-menos-cinco-delitos-de-robo-y-hurto-en-puerto-aysen","status":"publish","type":"post","link":"https:\/\/radiorevelacionfm.cl\/?p=34735","title":{"rendered":"Carabineros detuvo a sujeto por receptaci\u00f3n y recuper\u00f3 especies de al menos cinco delitos de robo y hurto en Puerto Ays\u00e9n"},"content":{"rendered":"<div class=\"flex_column av_one_full  flex_column_div av-zero-column-padding first  avia-builder-el-0  el_before_av_one_full  avia-builder-el-first  \" style='border-radius:0px; '><div  class='avia-image-container  av-styling-    avia-builder-el-1  avia-builder-el-no-sibling  avia-align-center '  itemprop=\"image\" itemscope=\"itemscope\" itemtype=\"https:\/\/schema.org\/ImageObject\"  ><div class='avia-image-container-inner'><div class='avia-image-overlay-wrap'><img decoding=\"async\" class='wp-image-34736 avia-img-lazy-loading-not-34736 avia_image' src=\"https:\/\/radiorevelacionfm.cl\/wp-content\/uploads\/2023\/09\/a0262ce8-4989-4426-99f0-83c20135a1f7-1-1_optimized-1.jpg\" alt='' title='a0262ce8-4989-4426-99f0-83c20135a1f7-(1)-(1)_optimized (1)' height=\"600\" width=\"1067\"  itemprop=\"thumbnailUrl\" srcset=\"https:\/\/radiorevelacionfm.cl\/wp-content\/uploads\/2023\/09\/a0262ce8-4989-4426-99f0-83c20135a1f7-1-1_optimized-1.jpg 1067w, https:\/\/radiorevelacionfm.cl\/wp-content\/uploads\/2023\/09\/a0262ce8-4989-4426-99f0-83c20135a1f7-1-1_optimized-1-300x169.jpg 300w, https:\/\/radiorevelacionfm.cl\/wp-content\/uploads\/2023\/09\/a0262ce8-4989-4426-99f0-83c20135a1f7-1-1_optimized-1-1030x579.jpg 1030w, https:\/\/radiorevelacionfm.cl\/wp-content\/uploads\/2023\/09\/a0262ce8-4989-4426-99f0-83c20135a1f7-1-1_optimized-1-768x432.jpg 768w, https:\/\/radiorevelacionfm.cl\/wp-content\/uploads\/2023\/09\/a0262ce8-4989-4426-99f0-83c20135a1f7-1-1_optimized-1-705x396.jpg 705w, https:\/\/radiorevelacionfm.cl\/wp-content\/uploads\/2023\/09\/a0262ce8-4989-4426-99f0-83c20135a1f7-1-1_optimized-1-450x253.jpg 450w, https:\/\/radiorevelacionfm.cl\/wp-content\/uploads\/2023\/09\/a0262ce8-4989-4426-99f0-83c20135a1f7-1-1_optimized-1-600x337.jpg 600w\" sizes=\"(max-width: 1067px) 100vw, 1067px\" \/><\/div><\/div><\/div><\/div><div class=\"flex_column av_one_full  flex_column_div av-zero-column-padding first  avia-builder-el-2  el_after_av_one_full  el_before_av_one_full  column-top-margin\" style='border-radius:0px; '><section class=\"av_textblock_section \"  itemscope=\"itemscope\" itemtype=\"https:\/\/schema.org\/BlogPosting\" itemprop=\"blogPost\" ><div class='avia_textblock  '   itemprop=\"text\" ><p style=\"text-align: center;\"><span style=\"font-size: 18pt;\"><b>Carabineros detuvo a sujeto por receptaci\u00f3n y recuper\u00f3 especies de al menos cinco delitos de robo y hurto en Puerto Ays\u00e9n<\/b><\/span><\/p>\n<div id=\"gtx-trans\" style=\"position: absolute; left: -50px; top: 4.31534px;\">\n<div class=\"gtx-trans-icon\"><\/div>\n<\/div>\n<\/div><\/section><\/div><div class=\"flex_column av_one_full  flex_column_div av-zero-column-padding first  avia-builder-el-4  el_after_av_one_full  el_before_av_hr  column-top-margin\" style='border-radius:0px; '><section class=\"av_textblock_section \"  itemscope=\"itemscope\" itemtype=\"https:\/\/schema.org\/BlogPosting\" itemprop=\"blogPost\" ><div class='avia_textblock  '   itemprop=\"text\" ><p class=\"v1MsoNormal\" style=\"text-align: justify;\">Diligencias desarrolladas por parte de Carabineros de la 2da. Comisar\u00eda de Puerto Ays\u00e9n permiti\u00f3 la detenci\u00f3n de un sujeto por el delito de receptaci\u00f3n, logrando con ello el esclarecimiento de al menos otros cinco il\u00edcitos que hab\u00edan sido denunciados en la comuna.<\/p>\n<p class=\"v1MsoNormal\" style=\"text-align: justify;\">El Subcomisario de los Servicios, Capit\u00e1n Jaime Esparza Fern\u00e1ndez se\u00f1al\u00f3 que una persona compareci\u00f3 en la Unidad policial, y denunci\u00f3 la venta de un tel\u00e9fono celular de su propiedad a trav\u00e9s de redes sociales, situaci\u00f3n que motiv\u00f3 diversas diligencias por parte de personal especializado de la Secci\u00f3n de Investigaci\u00f3n Policial (SIP) en coordinaci\u00f3n con la Fiscal\u00eda local de esta comuna, logrando la detenci\u00f3n de un sujeto de 27 a\u00f1os, quien se encontraba pr\u00f3fugo de la justicia al mantener una orden de detenci\u00f3n vigente por el delito de da\u00f1os simples.<\/p>\n<p class=\"v1MsoNormal\" style=\"text-align: justify;\">\u00abEn el proceso de fiscalizaci\u00f3n se identifica dentro de su veh\u00edculo, especies que (seg\u00fan se estableci\u00f3 con posterioridad) eran provenientes de otros delitos que se encontraban en investigaci\u00f3n por parte de la SIP\u00bb, expres\u00f3 el Oficial.<\/p>\n<p class=\"v1MsoNormal\" style=\"text-align: justify;\"><b>Especies en domicilio<\/b><\/p>\n<p class=\"v1MsoNormal\" style=\"text-align: justify;\">Como parte de las diligencias, Carabineros se traslad\u00f3 hasta el domicilio del sujeto quien en forma voluntaria autoriz\u00f3 el ingreso al inmueble.<\/p>\n<p class=\"v1MsoNormal\" style=\"text-align: justify;\">\u00abSe logr\u00f3 incautar diversas especies de al menos cinco procedimientos de robo y hurtos ocurridos en diferentes inmuebles de esta comuna\u00bb, a\u00f1adi\u00f3 el Capit\u00e1n Esparza.<\/p>\n<p class=\"v1MsoNormal\" style=\"text-align: justify;\">Carabineros a trav\u00e9s de la SIP desarroll\u00f3 m\u00faltiples diligencias orientadas a determinar la procedencia de las especies en cuesti\u00f3n, as\u00ed como la identidad y ubicaci\u00f3n de los propietarios de estas, quienes reconocieron las pertenencias como su propiedad. Los antecedentes del procedimiento fueron puestos en conocimiento de la Fiscal\u00eda que dirige investigaci\u00f3n por este hecho.<\/p>\n<p class=\"v1MsoNormal\" style=\"text-align: justify;\">Carabineros reiter\u00f3 el llamado a la comunidad a no adquirir productos de origen desconocido -muchas veces ofertados a trav\u00e9s de redes sociales- sin la debida documentaci\u00f3n (boleta o factura) que acrediten su procedencia, prefiriendo siempre el comercio formal, evitando de este modo incurrir en el delito de receptaci\u00f3n.<\/p>\n<p class=\"v1MsoNormal\" style=\"text-align: justify;\">Cabe mencionar que, desde el mes de enero al 3 de septiembre del presente a\u00f1o, Carabineros ha detenido en la regi\u00f3n de Ays\u00e9n a 3.356 personas, un 29% m\u00e1s que el a\u00f1o pasado en igual periodo. Del total de detenidos, 400 son por \u00f3rdenes judiciales pendientes, de los cuales 133 corresponden a la provincia de Ays\u00e9n, 48 a Capit\u00e1n Prat, 203 a la provincia de Coyhaique y 36 a General Carrera.<\/p>\n<\/div><\/section><\/div><div  style='height:50px' class='hr hr-invisible   avia-builder-el-6  el_after_av_one_full  el_before_av_social_share '><span class='hr-inner ' ><span class='hr-inner-style'><\/span><\/span><\/div><\/p>\n<div  class='av-social-sharing-box  avia-builder-el-7  el_after_av_hr  el_before_av_hr  '><div class='av-share-box'><h5 class='av-share-link-description av-no-toc '>Compartir esta noticia<\/h5><ul class='av-share-box-list noLightbox'><li class='av-share-link av-social-link-facebook' ><a target=\"_blank\" aria-label=\"Compartir en Facebook\" href='https:\/\/www.facebook.com\/sharer.php?u=https:\/\/radiorevelacionfm.cl\/?p=34735&#038;t=Carabineros%20detuvo%20a%20sujeto%20por%20receptaci%C3%B3n%20y%20recuper%C3%B3%20especies%20de%20al%20menos%20cinco%20delitos%20de%20robo%20y%20hurto%20en%20Puerto%20Ays%C3%A9n' aria-hidden='false' data-av_icon='\ue8f3' data-av_iconfont='entypo-fontello' title='' data-avia-related-tooltip='Compartir en Facebook' rel=\"noopener\"><span class='avia_hidden_link_text'>Compartir en Facebook<\/span><\/a><\/li><li class='av-share-link av-social-link-twitter' ><a target=\"_blank\" aria-label=\"Compartir en Twitter\" href='https:\/\/twitter.com\/share?text=Carabineros%20detuvo%20a%20sujeto%20por%20receptaci%C3%B3n%20y%20recuper%C3%B3%20especies%20de%20al%20menos%20cinco%20delitos%20de%20robo%20y%20hurto%20en%20Puerto%20Ays%C3%A9n&#038;url=https:\/\/radiorevelacionfm.cl\/?p=34735' aria-hidden='false' data-av_icon='\ue8f1' data-av_iconfont='entypo-fontello' title='' data-avia-related-tooltip='Compartir en Twitter' rel=\"noopener\"><span class='avia_hidden_link_text'>Compartir en Twitter<\/span><\/a><\/li><li class='av-share-link av-social-link-whatsapp' ><a target=\"_blank\" aria-label=\"Compartir en Whatsapp\" href='https:\/\/api.whatsapp.com\/send?text=https:\/\/radiorevelacionfm.cl\/?p=34735' aria-hidden='false' data-av_icon='\uf232' data-av_iconfont='entypo-fontello' title='' data-avia-related-tooltip='Compartir en Whatsapp' rel=\"noopener\"><span class='avia_hidden_link_text'>Compartir en Whatsapp<\/span><\/a><\/li><li class='av-share-link av-social-link-linkedin' ><a target=\"_blank\" aria-label=\"Compartir en LinkedIn\" href='https:\/\/linkedin.com\/shareArticle?mini=true&#038;title=Carabineros%20detuvo%20a%20sujeto%20por%20receptaci%C3%B3n%20y%20recuper%C3%B3%20especies%20de%20al%20menos%20cinco%20delitos%20de%20robo%20y%20hurto%20en%20Puerto%20Ays%C3%A9n&#038;url=https:\/\/radiorevelacionfm.cl\/?p=34735' aria-hidden='false' data-av_icon='\ue8fc' data-av_iconfont='entypo-fontello' title='' data-avia-related-tooltip='Compartir en LinkedIn' rel=\"noopener\"><span class='avia_hidden_link_text'>Compartir en LinkedIn<\/span><\/a><\/li><li class='av-share-link av-social-link-mail' ><a  aria-label=\"Compartir por correo\" href='mailto:?subject=Carabineros%20detuvo%20a%20sujeto%20por%20receptaci%C3%B3n%20y%20recuper%C3%B3%20especies%20de%20al%20menos%20cinco%20delitos%20de%20robo%20y%20hurto%20en%20Puerto%20Ays%C3%A9n&#038;body=https:\/\/radiorevelacionfm.cl\/?p=34735' aria-hidden='false' data-av_icon='\ue805' data-av_iconfont='entypo-fontello' title='' data-avia-related-tooltip='Compartir por correo'><span class='avia_hidden_link_text'>Compartir por correo<\/span><\/a><\/li><\/ul><\/div><\/div>\n<div  style='height:50px' class='hr hr-invisible   avia-builder-el-8  el_after_av_social_share  el_before_av_comments_list '><span class='hr-inner ' ><span class='hr-inner-style'><\/span><\/span><\/div>\n<div  class='av-buildercomment  av-blog-meta-html-info-disabled av-blog-meta-tag-disabled  '><\/div>\n","protected":false},"excerpt":{"rendered":"","protected":false},"author":1,"featured_media":34736,"comment_status":"open","ping_status":"open","sticky":false,"template":"","format":"standard","meta":{"footnotes":""},"categories":[36],"tags":[],"class_list":["post-34735","post","type-post","status-publish","format-standard","has-post-thumbnail","hentry","category-policial"],"jetpack_featured_media_url":"https:\/\/radiorevelacionfm.cl\/wp-content\/uploads\/2023\/09\/a0262ce8-4989-4426-99f0-83c20135a1f7-1-1_optimized-1.jpg","_links":{"self":[{"href":"https:\/\/radiorevelacionfm.cl\/index.php?rest_route=\/wp\/v2\/posts\/34735","targetHints":{"allow":["GET"]}}],"collection":[{"href":"https:\/\/radiorevelacionfm.cl\/index.php?rest_route=\/wp\/v2\/posts"}],"about":[{"href":"https:\/\/radiorevelacionfm.cl\/index.php?rest_route=\/wp\/v2\/types\/post"}],"author":[{"embeddable":true,"href":"https:\/\/radiorevelacionfm.cl\/index.php?rest_route=\/wp\/v2\/users\/1"}],"replies":[{"embeddable":true,"href":"https:\/\/radiorevelacionfm.cl\/index.php?rest_route=%2Fwp%2Fv2%2Fcomments&post=34735"}],"version-history":[{"count":1,"href":"https:\/\/radiorevelacionfm.cl\/index.php?rest_route=\/wp\/v2\/posts\/34735\/revisions"}],"predecessor-version":[{"id":34737,"href":"https:\/\/radiorevelacionfm.cl\/index.php?rest_route=\/wp\/v2\/posts\/34735\/revisions\/34737"}],"wp:featuredmedia":[{"embeddable":true,"href":"https:\/\/radiorevelacionfm.cl\/index.php?rest_route=\/wp\/v2\/media\/34736"}],"wp:attachment":[{"href":"https:\/\/radiorevelacionfm.cl\/index.php?rest_route=%2Fwp%2Fv2%2Fmedia&parent=34735"}],"wp:term":[{"taxonomy":"category","embeddable":true,"href":"https:\/\/radiorevelacionfm.cl\/index.php?rest_route=%2Fwp%2Fv2%2Fcategories&post=34735"},{"taxonomy":"post_tag","embeddable":true,"href":"https:\/\/radiorevelacionfm.cl\/index.php?rest_route=%2Fwp%2Fv2%2Ftags&post=34735"}],"curies":[{"name":"wp","href":"https:\/\/api.w.org\/{rel}","templated":true}]}}