{"id":34732,"date":"2023-09-07T17:04:10","date_gmt":"2023-09-07T20:04:10","guid":{"rendered":"https:\/\/radiorevelacionfm.cl\/?p=34732"},"modified":"2023-09-07T17:04:10","modified_gmt":"2023-09-07T20:04:10","slug":"gobierno-invita-a-encuentro-por-la-reforma-de-pensiones-y-pacto-fiscal","status":"publish","type":"post","link":"https:\/\/radiorevelacionfm.cl\/?p=34732","title":{"rendered":"Gobierno invita a encuentro por la Reforma de Pensiones y Pacto Fiscal"},"content":{"rendered":"<div class=\"flex_column av_one_full  flex_column_div av-zero-column-padding first  avia-builder-el-0  el_before_av_one_full  avia-builder-el-first  \" style='border-radius:0px; '><div  class='avia-image-container  av-styling-    avia-builder-el-1  avia-builder-el-no-sibling  avia-align-center '  itemprop=\"image\" itemscope=\"itemscope\" itemtype=\"https:\/\/schema.org\/ImageObject\"  ><div class='avia-image-container-inner'><div class='avia-image-overlay-wrap'><img decoding=\"async\" class='wp-image-34733 avia-img-lazy-loading-not-34733 avia_image' src=\"https:\/\/radiorevelacionfm.cl\/wp-content\/uploads\/2023\/09\/seremitrab_gob_economia-1_optimized-1.jpeg\" alt='' title='seremitrab_gob_economia-(1)_optimized (1)' height=\"600\" width=\"936\"  itemprop=\"thumbnailUrl\" srcset=\"https:\/\/radiorevelacionfm.cl\/wp-content\/uploads\/2023\/09\/seremitrab_gob_economia-1_optimized-1.jpeg 936w, https:\/\/radiorevelacionfm.cl\/wp-content\/uploads\/2023\/09\/seremitrab_gob_economia-1_optimized-1-300x192.jpeg 300w, https:\/\/radiorevelacionfm.cl\/wp-content\/uploads\/2023\/09\/seremitrab_gob_economia-1_optimized-1-768x492.jpeg 768w, https:\/\/radiorevelacionfm.cl\/wp-content\/uploads\/2023\/09\/seremitrab_gob_economia-1_optimized-1-705x452.jpeg 705w, https:\/\/radiorevelacionfm.cl\/wp-content\/uploads\/2023\/09\/seremitrab_gob_economia-1_optimized-1-450x288.jpeg 450w, https:\/\/radiorevelacionfm.cl\/wp-content\/uploads\/2023\/09\/seremitrab_gob_economia-1_optimized-1-600x385.jpeg 600w\" sizes=\"(max-width: 936px) 100vw, 936px\" \/><\/div><\/div><\/div><\/div><div class=\"flex_column av_one_full  flex_column_div av-zero-column-padding first  avia-builder-el-2  el_after_av_one_full  el_before_av_one_full  column-top-margin\" style='border-radius:0px; '><section class=\"av_textblock_section \"  itemscope=\"itemscope\" itemtype=\"https:\/\/schema.org\/BlogPosting\" itemprop=\"blogPost\" ><div class='avia_textblock  '   itemprop=\"text\" ><p style=\"text-align: center;\"><span style=\"font-size: 18pt;\"><b>Gobierno invita a encuentro por la Reforma de Pensiones y Pacto Fiscal<\/b><\/span><\/p>\n<div id=\"gtx-trans\" style=\"position: absolute; left: -50px; top: 4.31534px;\">\n<div class=\"gtx-trans-icon\"><\/div>\n<\/div>\n<\/div><\/section><\/div><div class=\"flex_column av_one_full  flex_column_div av-zero-column-padding first  avia-builder-el-4  el_after_av_one_full  el_before_av_hr  column-top-margin\" style='border-radius:0px; '><section class=\"av_textblock_section \"  itemscope=\"itemscope\" itemtype=\"https:\/\/schema.org\/BlogPosting\" itemprop=\"blogPost\" ><div class='avia_textblock  '   itemprop=\"text\" ><p class=\"v1MsoNormal\" style=\"text-align: justify;\">El prop\u00f3sito de este encuentro lo coment\u00f3 la Seremi de Gobierno, Tatiana Pl\u00e1 \u00c1lvarez, \u00abDesde la Seremi de Gobierno, la Seremi del Trabajo y la Seremi de Econom\u00eda queremos invitarlos este viernes a este encuentro ciudadano que vamos a realizar, para exponer los beneficios y alcances que tiene el pacto fiscal que como Gobierno estamos proponiendo, el cual generar\u00eda m\u00e1s recaudaci\u00f3n para pensiones, cuidados, seguridad y salud y, como tambi\u00e9n la reforma de pensiones, busca mejorar tener mejores jubilaciones para los actuales pensionados y pensionadas y tambi\u00e9n, por supuesto para los futuros pensionados. Ser\u00e1 este viernes, a las 15 horas, en el sal\u00f3n auditorio del MOP, ubicado en calle Riquelme, a un costado de la Catedral de nuestra ciudad de Coyhaique\u00bb.<\/p>\n<p class=\"v1MsoNormal\" style=\"text-align: justify;\">Por su parte el Seremi de Trabajo y Previsi\u00f3n Social, Rodrigo D\u00edaz Cordaro, se refiri\u00f3 al contexto de este encuentro, \u00abHay una opini\u00f3n transversal que necesitamos mejores pensiones y por ello, los invitamos a participar en esta actividad que estamos organizando en conjunto, en Coyhaique y m\u00e1s adelante, en Puerto Ays\u00e9n, que es parte de las conversaciones e instancias de di\u00e1logos que estamos teniendo con diversas personas y grupos, en toda la regi\u00f3n de Ays\u00e9n. Queremos compartir informaci\u00f3n, aclarar dudas y conocer a trav\u00e9s de sus propias visiones qu\u00e9 piensan del proyecto de ley de la Reforma de Pensiones al sistema mixto y Pacto Fiscal\u00bb.<\/p>\n<p class=\"v1MsoNormal\" style=\"text-align: justify;\">A su vez, el Seremi Econom\u00eda, Fomento y Turismo, Felipe Rojas Pizarro, invit\u00f3 a informarse sobre el pacto fiscal, asistiendo a esta actividad, \u00abVecinos, vecinas, el d\u00eda viernes los invitamos a un di\u00e1logo donde conversaremos acerca del Pacto Fiscal para el desarrollo, sus implicancias, qu\u00e9 significa, qu\u00e9 alcances y ventajas tiene para la Regi\u00f3n de Ays\u00e9n, adem\u00e1s hablaremos de pensiones junto con el Seremi del Trabajo, un poco del diagn\u00f3stico y las distintas alternativas que est\u00e1 barajando el proyecto de reforma. Es una tremenda oportunidad para resolver dudas y tambi\u00e9n para sacar alguna sugerencia a nivel regional\u00bb.<\/p>\n<\/div><\/section><\/div><div  style='height:50px' class='hr hr-invisible   avia-builder-el-6  el_after_av_one_full  el_before_av_social_share '><span class='hr-inner ' ><span class='hr-inner-style'><\/span><\/span><\/div><\/p>\n<div  class='av-social-sharing-box  avia-builder-el-7  el_after_av_hr  el_before_av_hr  '><div class='av-share-box'><h5 class='av-share-link-description av-no-toc '>Compartir esta noticia<\/h5><ul class='av-share-box-list noLightbox'><li class='av-share-link av-social-link-facebook' ><a target=\"_blank\" aria-label=\"Compartir en Facebook\" href='https:\/\/www.facebook.com\/sharer.php?u=https:\/\/radiorevelacionfm.cl\/?p=34732&#038;t=Gobierno%20invita%20a%20encuentro%20por%20la%20Reforma%20de%20Pensiones%20y%20Pacto%20Fiscal' aria-hidden='false' data-av_icon='\ue8f3' data-av_iconfont='entypo-fontello' title='' data-avia-related-tooltip='Compartir en Facebook' rel=\"noopener\"><span class='avia_hidden_link_text'>Compartir en Facebook<\/span><\/a><\/li><li class='av-share-link av-social-link-twitter' ><a target=\"_blank\" aria-label=\"Compartir en Twitter\" href='https:\/\/twitter.com\/share?text=Gobierno%20invita%20a%20encuentro%20por%20la%20Reforma%20de%20Pensiones%20y%20Pacto%20Fiscal&#038;url=https:\/\/radiorevelacionfm.cl\/?p=34732' aria-hidden='false' data-av_icon='\ue8f1' data-av_iconfont='entypo-fontello' title='' data-avia-related-tooltip='Compartir en Twitter' rel=\"noopener\"><span class='avia_hidden_link_text'>Compartir en Twitter<\/span><\/a><\/li><li class='av-share-link av-social-link-whatsapp' ><a target=\"_blank\" aria-label=\"Compartir en Whatsapp\" href='https:\/\/api.whatsapp.com\/send?text=https:\/\/radiorevelacionfm.cl\/?p=34732' aria-hidden='false' data-av_icon='\uf232' data-av_iconfont='entypo-fontello' title='' data-avia-related-tooltip='Compartir en Whatsapp' rel=\"noopener\"><span class='avia_hidden_link_text'>Compartir en Whatsapp<\/span><\/a><\/li><li class='av-share-link av-social-link-linkedin' ><a target=\"_blank\" aria-label=\"Compartir en LinkedIn\" href='https:\/\/linkedin.com\/shareArticle?mini=true&#038;title=Gobierno%20invita%20a%20encuentro%20por%20la%20Reforma%20de%20Pensiones%20y%20Pacto%20Fiscal&#038;url=https:\/\/radiorevelacionfm.cl\/?p=34732' aria-hidden='false' data-av_icon='\ue8fc' data-av_iconfont='entypo-fontello' title='' data-avia-related-tooltip='Compartir en LinkedIn' rel=\"noopener\"><span class='avia_hidden_link_text'>Compartir en LinkedIn<\/span><\/a><\/li><li class='av-share-link av-social-link-mail' ><a  aria-label=\"Compartir por correo\" href='mailto:?subject=Gobierno%20invita%20a%20encuentro%20por%20la%20Reforma%20de%20Pensiones%20y%20Pacto%20Fiscal&#038;body=https:\/\/radiorevelacionfm.cl\/?p=34732' aria-hidden='false' data-av_icon='\ue805' data-av_iconfont='entypo-fontello' title='' data-avia-related-tooltip='Compartir por correo'><span class='avia_hidden_link_text'>Compartir por correo<\/span><\/a><\/li><\/ul><\/div><\/div>\n<div  style='height:50px' class='hr hr-invisible   avia-builder-el-8  el_after_av_social_share  el_before_av_comments_list '><span class='hr-inner ' ><span class='hr-inner-style'><\/span><\/span><\/div>\n<div  class='av-buildercomment  av-blog-meta-html-info-disabled av-blog-meta-tag-disabled  '><\/div>\n","protected":false},"excerpt":{"rendered":"","protected":false},"author":1,"featured_media":34733,"comment_status":"open","ping_status":"open","sticky":false,"template":"","format":"standard","meta":{"footnotes":""},"categories":[56],"tags":[],"class_list":["post-34732","post","type-post","status-publish","format-standard","has-post-thumbnail","hentry","category-trabajo"],"jetpack_featured_media_url":"https:\/\/radiorevelacionfm.cl\/wp-content\/uploads\/2023\/09\/seremitrab_gob_economia-1_optimized-1.jpeg","_links":{"self":[{"href":"https:\/\/radiorevelacionfm.cl\/index.php?rest_route=\/wp\/v2\/posts\/34732","targetHints":{"allow":["GET"]}}],"collection":[{"href":"https:\/\/radiorevelacionfm.cl\/index.php?rest_route=\/wp\/v2\/posts"}],"about":[{"href":"https:\/\/radiorevelacionfm.cl\/index.php?rest_route=\/wp\/v2\/types\/post"}],"author":[{"embeddable":true,"href":"https:\/\/radiorevelacionfm.cl\/index.php?rest_route=\/wp\/v2\/users\/1"}],"replies":[{"embeddable":true,"href":"https:\/\/radiorevelacionfm.cl\/index.php?rest_route=%2Fwp%2Fv2%2Fcomments&post=34732"}],"version-history":[{"count":1,"href":"https:\/\/radiorevelacionfm.cl\/index.php?rest_route=\/wp\/v2\/posts\/34732\/revisions"}],"predecessor-version":[{"id":34734,"href":"https:\/\/radiorevelacionfm.cl\/index.php?rest_route=\/wp\/v2\/posts\/34732\/revisions\/34734"}],"wp:featuredmedia":[{"embeddable":true,"href":"https:\/\/radiorevelacionfm.cl\/index.php?rest_route=\/wp\/v2\/media\/34733"}],"wp:attachment":[{"href":"https:\/\/radiorevelacionfm.cl\/index.php?rest_route=%2Fwp%2Fv2%2Fmedia&parent=34732"}],"wp:term":[{"taxonomy":"category","embeddable":true,"href":"https:\/\/radiorevelacionfm.cl\/index.php?rest_route=%2Fwp%2Fv2%2Fcategories&post=34732"},{"taxonomy":"post_tag","embeddable":true,"href":"https:\/\/radiorevelacionfm.cl\/index.php?rest_route=%2Fwp%2Fv2%2Ftags&post=34732"}],"curies":[{"name":"wp","href":"https:\/\/api.w.org\/{rel}","templated":true}]}}