{"id":34728,"date":"2023-09-07T14:59:58","date_gmt":"2023-09-07T17:59:58","guid":{"rendered":"https:\/\/radiorevelacionfm.cl\/?p=34728"},"modified":"2023-09-07T15:17:07","modified_gmt":"2023-09-07T18:17:07","slug":"reconocen-a-6-mujeres-por-su-defensa-de-los-ddhh-durante-la-dictadura-civico-militar","status":"publish","type":"post","link":"https:\/\/radiorevelacionfm.cl\/?p=34728","title":{"rendered":"Reconocen a 6 mujeres por su defensa de los DDHH durante la dictadura c\u00edvico militar"},"content":{"rendered":"<div class=\"flex_column av_one_full  flex_column_div av-zero-column-padding first  avia-builder-el-0  el_before_av_one_full  avia-builder-el-first  \" style='border-radius:0px; '><div  class='avia-image-container  av-styling-    avia-builder-el-1  avia-builder-el-no-sibling  avia-align-center '  itemprop=\"image\" itemscope=\"itemscope\" itemtype=\"https:\/\/schema.org\/ImageObject\"  ><div class='avia-image-container-inner'><div class='avia-image-overlay-wrap'><img decoding=\"async\" class='wp-image-34757 avia-img-lazy-loading-not-34757 avia_image' src=\"https:\/\/radiorevelacionfm.cl\/wp-content\/uploads\/2023\/09\/A-2-1-2.jpg\" alt='' title='A 2 (1) (2)' height=\"600\" width=\"945\"  itemprop=\"thumbnailUrl\" srcset=\"https:\/\/radiorevelacionfm.cl\/wp-content\/uploads\/2023\/09\/A-2-1-2.jpg 945w, https:\/\/radiorevelacionfm.cl\/wp-content\/uploads\/2023\/09\/A-2-1-2-300x190.jpg 300w, https:\/\/radiorevelacionfm.cl\/wp-content\/uploads\/2023\/09\/A-2-1-2-768x488.jpg 768w, https:\/\/radiorevelacionfm.cl\/wp-content\/uploads\/2023\/09\/A-2-1-2-705x448.jpg 705w, https:\/\/radiorevelacionfm.cl\/wp-content\/uploads\/2023\/09\/A-2-1-2-450x286.jpg 450w, https:\/\/radiorevelacionfm.cl\/wp-content\/uploads\/2023\/09\/A-2-1-2-600x381.jpg 600w\" sizes=\"(max-width: 945px) 100vw, 945px\" \/><\/div><\/div><\/div><\/div><div class=\"flex_column av_one_full  flex_column_div av-zero-column-padding first  avia-builder-el-2  el_after_av_one_full  el_before_av_one_full  column-top-margin\" style='border-radius:0px; '><section class=\"av_textblock_section \"  itemscope=\"itemscope\" itemtype=\"https:\/\/schema.org\/BlogPosting\" itemprop=\"blogPost\" ><div class='avia_textblock  '   itemprop=\"text\" ><p style=\"text-align: center;\"><span style=\"font-size: 18pt;\"><b>Reconocen a 6 mujeres por su defensa de los DDHH durante la dictadura c\u00edvico militar<\/b><\/span><\/p>\n<div id=\"gtx-trans\" style=\"position: absolute; left: -50px; top: 4.31534px;\">\n<div class=\"gtx-trans-icon\"><\/div>\n<\/div>\n<\/div><\/section><\/div><\/p>\n<div class=\"flex_column av_one_full  flex_column_div av-zero-column-padding first  avia-builder-el-4  el_after_av_one_full  el_before_av_hr  column-top-margin\" style='border-radius:0px; '><section class=\"av_textblock_section \"  itemscope=\"itemscope\" itemtype=\"https:\/\/schema.org\/BlogPosting\" itemprop=\"blogPost\" ><div class='avia_textblock  '   itemprop=\"text\" ><p style=\"font-weight: 400; text-align: justify;\">Seis mujeres de la regi\u00f3n fueron reconocidas por su importante labor en defensa de los DDHH durante la dictadura c\u00edvico militar, en una ceremonia realizada durante la tarde del martes 5 de septiembre, en el marco de la conmemoraci\u00f3n de los 50 a\u00f1os del golpe de Estado.<\/p>\n<p style=\"font-weight: 400; text-align: justify;\">La actividad fue organizada por la Delegaci\u00f3n Presidencial Regional, la Seremi de la Mujer y Equidad de G\u00e9nero, la Seremi de Justicia y DDHH y el Instituto Nacional de DDHH, teniendo lugar en las dependencias del Ministerio de Obras P\u00fablicas, en Coyhaique.<\/p>\n<p style=\"font-weight: 400; text-align: justify;\">En la instancia, el delegado presidencial Rodrigo Araya reflexion\u00f3 sobre el valor del di\u00e1logo pol\u00edtico como herramienta para resolver los conflictos, en democracia. \u201cCuando hablamos que democracia es memoria y futuro nos referimos a eso, al desaf\u00edo que tenemos con las generaciones que no vivieron dictadura y tienen que ver la importancia de la democracia y que todo se soluciona con la discusi\u00f3n, en el Congreso, con los partidos pol\u00edticos, no eliminando los partidos pol\u00edticos, no matando gente, no torturando, sin las brutalidades que se cometieron en dictadura\u201d, se\u00f1al\u00f3.<\/p>\n<p style=\"font-weight: 400; text-align: justify;\">Entre las mujeres homenajeadas se encontraba Flor Quiroz Vidal, reconocida por su destacada tarea en los a\u00f1os 80 en la Pastoral Juvenil de Coyhaique y la Pastoral Social del Vicariato, quien se\u00f1al\u00f3 \u201cque no puede haber un pa\u00eds reconciliado si no hay verdad, si no hay justicia. Ese fue el Cristo que me inspir\u00f3, como iglesia pueblo de Dios, encarnada en todas las realidades de hombres y de mujeres, especialmente de Ays\u00e9n\u201d.<\/p>\n<p style=\"font-weight: 400; text-align: justify;\">Por su parte, Mar\u00eda Vera Vera, record\u00f3 lo dif\u00edcil que fue tratar de mantener una vida normal mientras se lidiaba con el dolor de los atropellos sufridos. \u201cEra como que nadie pod\u00eda saber lo que t\u00fa sent\u00edas, pero ten\u00edas que seguir adelante y estudiar, en mi caso, y seguir con la labor de b\u00fasqueda, que en principio era silenciosa porque no se pod\u00eda dar a conocer por la dictadura y era terrible porque adem\u00e1s ya no estaban los compa\u00f1eros\u201d, relat\u00f3 quien fue destacada por su tenaz lucha por la verdad y por conocer el paradero de las v\u00edctimas de la represi\u00f3n del Estado, especialmente como hija del dirigente de la CUT Coyhaique, Juan Vera, detenido desaparecido desde el 27 de octubre de 1973.<\/p>\n<p style=\"font-weight: 400; text-align: justify;\">\u201cNo hay cosa m\u00e1s fuerte que una dictadura. Tuvimos tantos presos pol\u00edticos, ejecutados, desaparecidos. Lo que pido es que cuidemos la democracia porque nos cost\u00f3 17 a\u00f1os de terror recuperarla. Sobre todo se lo pido a la juventud, que participe y se hagan parte de la democracia que tenemos\u201d, manifest\u00f3 Nin\u00f3n Neira, destacada por liderar las acciones de apoyo y labor social en favor de los prisioneros pol\u00edticos desde el inicio del r\u00e9gimen dictatorial.<\/p>\n<p style=\"font-weight: 400; text-align: justify;\">Como integrante del \u201cMovimiento Contra la Tortura Sebasti\u00e1n Acevedo\u201d fue reconocida Gloria Hern\u00e1ndez Aravena, que asegur\u00f3 que \u201ces imprescindible tener en nuestra memoria lo que ocurri\u00f3. Tanto el horror que signific\u00f3 la dictadura pero tambi\u00e9n c\u00f3mo el pueblo, la comunidad, se organiz\u00f3 y se protegi\u00f3 mutuamente\u201d, expres\u00f3, desde su experiencia de haber participado tambi\u00e9n en la lucha anti dictatorial de los a\u00f1os 80, en el ex pedag\u00f3gico.<\/p>\n<p style=\"font-weight: 400; text-align: justify;\">Otra de las mujeres reconocidas fue Filomena Vargas Millalonco, seleccionada por su rol en el departamento femenino del Sindicato de la Construcci\u00f3n, de la capital regional. La homenajeada mencion\u00f3 que la sede sindical concentr\u00f3 muchas acciones contra el r\u00e9gimen de Pinochet y la p\u00e9rdida que signific\u00f3 el incendio intencional del recinto. \u201cLos j\u00f3venes, los hijos de los trabajadores, ten\u00edan profesores que eran de los mismos compa\u00f1eros que llegaban a reforzarles los ramos que les faltaban a los que estaban m\u00e1s d\u00e9biles. Y tambi\u00e9n hab\u00eda una muy buena biblioteca del sindicato que se perdi\u00f3 cuando lo quemaron\u201d, record\u00f3.<\/p>\n<p style=\"font-weight: 400; text-align: justify;\">Por \u00faltimo, la reconocida defensora de los Derechos Humanos, Ohri Donoso, recibi\u00f3 un homenaje p\u00f3stumo, record\u00e1ndose que en la dictadura fue detenida y mantenida prisionera en la Comisar\u00eda de Carabineros, el regimiento del Ej\u00e9rcito y finalmente, en la C\u00e1rcel P\u00fablica de Coyhaique, sufriendo torturas e incomunicaci\u00f3n, a pesar de lo cual en los a\u00f1os \u00b470 y \u00b480 particip\u00f3 comprometidamente en las protestas para recuperar la democracia.<\/p>\n<p style=\"font-weight: 400; text-align: justify;\">Ohri Donoso fue representada por su hija Lola Herrera Donoso, quien agradeci\u00f3 la iniciativa, se\u00f1alando que \u201cla memoria de lo ocurrido no se puede olvidar, porque es parte de la historia. Si no la escriben, si no la relatan, hoy en d\u00eda, no podemos continuar. No tendr\u00edamos llave hacia el futuro sin la memoria\u201d, expres\u00f3.<\/p>\n<p style=\"font-weight: 400; text-align: justify;\">Como cierre de la actividad las 5 reconocidas mujeres presentes en el audit\u00f3rium del MOP participaron del conversatorio \u201cSer Mujer en Dictadura\u201d, momento en el cual relataron detalles de sus vidas cotidianas durante ese per\u00edodo, as\u00ed como los momentos claves de las largas y dif\u00edciles luchas que encabezaron con el solo objetivo de que Chile y la regi\u00f3n de Ays\u00e9n volvieran a ser completamente libres.<\/p>\n<\/div><\/section><\/div>\n<div  style='height:50px' class='hr hr-invisible   avia-builder-el-6  el_after_av_one_full  el_before_av_social_share '><span class='hr-inner ' ><span class='hr-inner-style'><\/span><\/span><\/div>\n<div  class='av-social-sharing-box  avia-builder-el-7  el_after_av_hr  el_before_av_hr  '><div class='av-share-box'><h5 class='av-share-link-description av-no-toc '>Compartir esta noticia<\/h5><ul class='av-share-box-list noLightbox'><li class='av-share-link av-social-link-facebook' ><a target=\"_blank\" aria-label=\"Compartir en Facebook\" href='https:\/\/www.facebook.com\/sharer.php?u=https:\/\/radiorevelacionfm.cl\/?p=34728&#038;t=Reconocen%20a%206%20mujeres%20por%20su%20defensa%20de%20los%20DDHH%20durante%20la%20dictadura%20c%C3%ADvico%20militar' aria-hidden='false' data-av_icon='\ue8f3' data-av_iconfont='entypo-fontello' title='' data-avia-related-tooltip='Compartir en Facebook' rel=\"noopener\"><span class='avia_hidden_link_text'>Compartir en Facebook<\/span><\/a><\/li><li class='av-share-link av-social-link-twitter' ><a target=\"_blank\" aria-label=\"Compartir en Twitter\" href='https:\/\/twitter.com\/share?text=Reconocen%20a%206%20mujeres%20por%20su%20defensa%20de%20los%20DDHH%20durante%20la%20dictadura%20c%C3%ADvico%20militar&#038;url=https:\/\/radiorevelacionfm.cl\/?p=34728' aria-hidden='false' data-av_icon='\ue8f1' data-av_iconfont='entypo-fontello' title='' data-avia-related-tooltip='Compartir en Twitter' rel=\"noopener\"><span class='avia_hidden_link_text'>Compartir en Twitter<\/span><\/a><\/li><li class='av-share-link av-social-link-whatsapp' ><a target=\"_blank\" aria-label=\"Compartir en Whatsapp\" href='https:\/\/api.whatsapp.com\/send?text=https:\/\/radiorevelacionfm.cl\/?p=34728' aria-hidden='false' data-av_icon='\uf232' data-av_iconfont='entypo-fontello' title='' data-avia-related-tooltip='Compartir en Whatsapp' rel=\"noopener\"><span class='avia_hidden_link_text'>Compartir en Whatsapp<\/span><\/a><\/li><li class='av-share-link av-social-link-linkedin' ><a target=\"_blank\" aria-label=\"Compartir en LinkedIn\" href='https:\/\/linkedin.com\/shareArticle?mini=true&#038;title=Reconocen%20a%206%20mujeres%20por%20su%20defensa%20de%20los%20DDHH%20durante%20la%20dictadura%20c%C3%ADvico%20militar&#038;url=https:\/\/radiorevelacionfm.cl\/?p=34728' aria-hidden='false' data-av_icon='\ue8fc' data-av_iconfont='entypo-fontello' title='' data-avia-related-tooltip='Compartir en LinkedIn' rel=\"noopener\"><span class='avia_hidden_link_text'>Compartir en LinkedIn<\/span><\/a><\/li><li class='av-share-link av-social-link-mail' ><a  aria-label=\"Compartir por correo\" href='mailto:?subject=Reconocen%20a%206%20mujeres%20por%20su%20defensa%20de%20los%20DDHH%20durante%20la%20dictadura%20c%C3%ADvico%20militar&#038;body=https:\/\/radiorevelacionfm.cl\/?p=34728' aria-hidden='false' data-av_icon='\ue805' data-av_iconfont='entypo-fontello' title='' data-avia-related-tooltip='Compartir por correo'><span class='avia_hidden_link_text'>Compartir por correo<\/span><\/a><\/li><\/ul><\/div><\/div>\n<div  style='height:50px' class='hr hr-invisible   avia-builder-el-8  el_after_av_social_share  el_before_av_comments_list '><span class='hr-inner ' ><span class='hr-inner-style'><\/span><\/span><\/div>\n<div  class='av-buildercomment  av-blog-meta-html-info-disabled av-blog-meta-tag-disabled  '><\/div>\n","protected":false},"excerpt":{"rendered":"","protected":false},"author":1,"featured_media":34757,"comment_status":"open","ping_status":"open","sticky":false,"template":"","format":"standard","meta":{"footnotes":""},"categories":[38],"tags":[],"class_list":["post-34728","post","type-post","status-publish","format-standard","has-post-thumbnail","hentry","category-regional"],"jetpack_featured_media_url":"https:\/\/radiorevelacionfm.cl\/wp-content\/uploads\/2023\/09\/A-2-1-2.jpg","_links":{"self":[{"href":"https:\/\/radiorevelacionfm.cl\/index.php?rest_route=\/wp\/v2\/posts\/34728","targetHints":{"allow":["GET"]}}],"collection":[{"href":"https:\/\/radiorevelacionfm.cl\/index.php?rest_route=\/wp\/v2\/posts"}],"about":[{"href":"https:\/\/radiorevelacionfm.cl\/index.php?rest_route=\/wp\/v2\/types\/post"}],"author":[{"embeddable":true,"href":"https:\/\/radiorevelacionfm.cl\/index.php?rest_route=\/wp\/v2\/users\/1"}],"replies":[{"embeddable":true,"href":"https:\/\/radiorevelacionfm.cl\/index.php?rest_route=%2Fwp%2Fv2%2Fcomments&post=34728"}],"version-history":[{"count":2,"href":"https:\/\/radiorevelacionfm.cl\/index.php?rest_route=\/wp\/v2\/posts\/34728\/revisions"}],"predecessor-version":[{"id":34758,"href":"https:\/\/radiorevelacionfm.cl\/index.php?rest_route=\/wp\/v2\/posts\/34728\/revisions\/34758"}],"wp:featuredmedia":[{"embeddable":true,"href":"https:\/\/radiorevelacionfm.cl\/index.php?rest_route=\/wp\/v2\/media\/34757"}],"wp:attachment":[{"href":"https:\/\/radiorevelacionfm.cl\/index.php?rest_route=%2Fwp%2Fv2%2Fmedia&parent=34728"}],"wp:term":[{"taxonomy":"category","embeddable":true,"href":"https:\/\/radiorevelacionfm.cl\/index.php?rest_route=%2Fwp%2Fv2%2Fcategories&post=34728"},{"taxonomy":"post_tag","embeddable":true,"href":"https:\/\/radiorevelacionfm.cl\/index.php?rest_route=%2Fwp%2Fv2%2Ftags&post=34728"}],"curies":[{"name":"wp","href":"https:\/\/api.w.org\/{rel}","templated":true}]}}