{"id":34725,"date":"2023-09-07T09:51:33","date_gmt":"2023-09-07T12:51:33","guid":{"rendered":"https:\/\/radiorevelacionfm.cl\/?p=34725"},"modified":"2023-09-07T09:51:33","modified_gmt":"2023-09-07T12:51:33","slug":"un-anhelo-de-anos-gobernadora-firma-convenio-para-construir-nuevo-cuartel-de-la-7ma-compania-de-bomberos-de-manihuales","status":"publish","type":"post","link":"https:\/\/radiorevelacionfm.cl\/?p=34725","title":{"rendered":"\u00abUn anhelo de a\u00f1os\u00bb: Gobernadora firma convenio para construir nuevo cuartel de la 7ma Compa\u00f1\u00eda de Bomberos de Ma\u00f1ihuales"},"content":{"rendered":"<div class=\"flex_column av_one_full  flex_column_div av-zero-column-padding first  avia-builder-el-0  el_before_av_one_full  avia-builder-el-first  \" style='border-radius:0px; '><div  class='avia-image-container  av-styling-    avia-builder-el-1  avia-builder-el-no-sibling  avia-align-center '  itemprop=\"image\" itemscope=\"itemscope\" itemtype=\"https:\/\/schema.org\/ImageObject\"  ><div class='avia-image-container-inner'><div class='avia-image-overlay-wrap'><img decoding=\"async\" class='wp-image-34726 avia-img-lazy-loading-not-34726 avia_image' src=\"https:\/\/radiorevelacionfm.cl\/wp-content\/uploads\/2023\/09\/Bomberos-2-2-1-1.jpeg\" alt='' title='Bomberos 2 (2) (1) (1)' height=\"600\" width=\"1067\"  itemprop=\"thumbnailUrl\" srcset=\"https:\/\/radiorevelacionfm.cl\/wp-content\/uploads\/2023\/09\/Bomberos-2-2-1-1.jpeg 1067w, https:\/\/radiorevelacionfm.cl\/wp-content\/uploads\/2023\/09\/Bomberos-2-2-1-1-300x169.jpeg 300w, https:\/\/radiorevelacionfm.cl\/wp-content\/uploads\/2023\/09\/Bomberos-2-2-1-1-1030x579.jpeg 1030w, https:\/\/radiorevelacionfm.cl\/wp-content\/uploads\/2023\/09\/Bomberos-2-2-1-1-768x432.jpeg 768w, https:\/\/radiorevelacionfm.cl\/wp-content\/uploads\/2023\/09\/Bomberos-2-2-1-1-705x396.jpeg 705w, https:\/\/radiorevelacionfm.cl\/wp-content\/uploads\/2023\/09\/Bomberos-2-2-1-1-450x253.jpeg 450w, https:\/\/radiorevelacionfm.cl\/wp-content\/uploads\/2023\/09\/Bomberos-2-2-1-1-600x337.jpeg 600w\" sizes=\"(max-width: 1067px) 100vw, 1067px\" \/><\/div><\/div><\/div><\/div><div class=\"flex_column av_one_full  flex_column_div av-zero-column-padding first  avia-builder-el-2  el_after_av_one_full  el_before_av_one_full  column-top-margin\" style='border-radius:0px; '><section class=\"av_textblock_section \"  itemscope=\"itemscope\" itemtype=\"https:\/\/schema.org\/BlogPosting\" itemprop=\"blogPost\" ><div class='avia_textblock  '   itemprop=\"text\" ><p dir=\"ltr\" style=\"text-align: center;\"><strong><span style=\"font-size: 18pt;\">\u00abUn anhelo de a\u00f1os\u00bb: Gobernadora firma convenio para construir nuevo cuartel de la 7ma Compa\u00f1\u00eda de Bomberos de Ma\u00f1ihuales<\/span><\/strong><\/p>\n<div id=\"gtx-trans\" style=\"position: absolute; left: -50px; top: 4.31534px;\">\n<div class=\"gtx-trans-icon\"><\/div>\n<\/div>\n<\/div><\/section><\/div><div class=\"flex_column av_one_full  flex_column_div av-zero-column-padding first  avia-builder-el-4  el_after_av_one_full  el_before_av_hr  column-top-margin\" style='border-radius:0px; '><section class=\"av_textblock_section \"  itemscope=\"itemscope\" itemtype=\"https:\/\/schema.org\/BlogPosting\" itemprop=\"blogPost\" ><div class='avia_textblock  '   itemprop=\"text\" ><p dir=\"ltr\" style=\"text-align: justify;\">La Gobernadora Regional de Ays\u00e9n, Andrea Mac\u00edas Palma, lleg\u00f3 hasta la 7ma Compa\u00f1\u00eda de Bomberos de Ma\u00f1ihuales, donde junto al alcalde de la comuna, Julio Uribe Alvarado, y las y los voluntarios de la localidad, firm\u00f3 el convenio para avanzar con la reposici\u00f3n total de su cuartel, que ser\u00e1 financiada por el Gobierno Regional de Ays\u00e9n y su Consejo.<\/p>\n<p dir=\"ltr\" style=\"text-align: justify;\">La 7ma Compa\u00f1\u00eda de Bomberos de Ma\u00f1ihuales es un cuartel operativo que asiste a todas las emergencias requeridas en un amplio radio de acci\u00f3n en el sector rural noreste de la comuna de Ays\u00e9n. Sin embargo, las instalaciones actuales no permiten un desarrollo normal de las funciones, ni la \u00f3ptima convivencia. Esto significa que no se puede realizar vigilancia nocturna para acudir a llamados de la comunidad, lo que repercute directamente en los tiempos de respuesta ante eventuales emergencias.<\/p>\n<p dir=\"ltr\" style=\"text-align: justify;\">\u00abBomberos presta un servicio a la comunidad de manera gratuita, que debe prestarse adem\u00e1s en las mejores condiciones. En eso, en conjunto con el municipio estamos plenamente conscientes, y por ello hemos sacado adelante esta iniciativa\u00bb, se\u00f1al\u00f3 la Gobernadora Regional.<\/p>\n<p dir=\"ltr\" style=\"text-align: justify;\">\u00abSon m\u00e1s de 500 millones de pesos que van a permitir contar con una nueva infraestructura, que va a albergar a los voluntarios y voluntarias, pero tambi\u00e9n al material mayor y menor que va a llegar y el que tiene actualmente esta compa\u00f1\u00eda. As\u00ed que muy contentos, dando dignidad y entregando mayores condiciones de seguridad a aquellos que son quienes nos cuidan\u00bb, destac\u00f3 la m\u00e1xima autoridad de Ays\u00e9n.<\/p>\n<p dir=\"ltr\" style=\"text-align: justify;\">Por su parte, el director de la Compa\u00f1\u00eda de Ma\u00f1ihuales, Claudio Cabezas, hizo hincapi\u00e9 en lo que significa esta reposici\u00f3n para la comunidad, pero principalmente para quienes pertenecen o pertenecieron a la instituci\u00f3n, explicando que \u00abes un anhelo de a\u00f1os, de d\u00e9cadas ya, de los voluntarios de poder contar con dependencias de un cuartel como tal, ya que nuestra casa no fue concebida como un cuartel de Bomberos\u00bb.<\/p>\n<p dir=\"ltr\" style=\"text-align: justify;\">El proyecto propone la reposici\u00f3n del cuartel de Bomberos de Ma\u00f1ihuales, con una estructura de 278,86 m2, concebida en dos niveles: un primer piso de 222,08 m2 con oficinas, cocina, bodega, y sala de m\u00e1quinas; y un segundo piso de 50,57 m2 donde se construir\u00e1n habitaciones. El terreno donde se emplaza tiene una superficie de 840 m2.<\/p>\n<p dir=\"ltr\" style=\"text-align: justify;\">\u00abEste es un gran proyecto para Ma\u00f1ihuales, que tambi\u00e9n va a poder absorber mano de obra, por lo tanto nos tiene muy gratamente convencidos de que va a quedar una infraestructura de alto nivel, y que va a poder prestar los servicios a la Carretera Austral que tanto lo necesita. Adem\u00e1s de tener escuadrones de rescate, la labor que hace Bomberos ac\u00e1 es tremenda\u00bb, recalc\u00f3 el alcalde de la Municipalidad de Ays\u00e9n, Julio Uribe.<\/p>\n<\/div><\/section><\/div><div  style='height:50px' class='hr hr-invisible   avia-builder-el-6  el_after_av_one_full  el_before_av_social_share '><span class='hr-inner ' ><span class='hr-inner-style'><\/span><\/span><\/div><\/p>\n<div  class='av-social-sharing-box  avia-builder-el-7  el_after_av_hr  el_before_av_hr  '><div class='av-share-box'><h5 class='av-share-link-description av-no-toc '>Compartir esta noticia<\/h5><ul class='av-share-box-list noLightbox'><li class='av-share-link av-social-link-facebook' ><a target=\"_blank\" aria-label=\"Compartir en Facebook\" href='https:\/\/www.facebook.com\/sharer.php?u=https:\/\/radiorevelacionfm.cl\/?p=34725&#038;t=%C2%ABUn%20anhelo%20de%20a%C3%B1os%C2%BB%3A%20Gobernadora%20firma%20convenio%20para%20construir%20nuevo%20cuartel%20de%20la%207ma%20Compa%C3%B1%C3%ADa%20de%20Bomberos%20de%20Ma%C3%B1ihuales' aria-hidden='false' data-av_icon='\ue8f3' data-av_iconfont='entypo-fontello' title='' data-avia-related-tooltip='Compartir en Facebook' rel=\"noopener\"><span class='avia_hidden_link_text'>Compartir en Facebook<\/span><\/a><\/li><li class='av-share-link av-social-link-twitter' ><a target=\"_blank\" aria-label=\"Compartir en Twitter\" href='https:\/\/twitter.com\/share?text=%C2%ABUn%20anhelo%20de%20a%C3%B1os%C2%BB%3A%20Gobernadora%20firma%20convenio%20para%20construir%20nuevo%20cuartel%20de%20la%207ma%20Compa%C3%B1%C3%ADa%20de%20Bomberos%20de%20Ma%C3%B1ihuales&#038;url=https:\/\/radiorevelacionfm.cl\/?p=34725' aria-hidden='false' data-av_icon='\ue8f1' data-av_iconfont='entypo-fontello' title='' data-avia-related-tooltip='Compartir en Twitter' rel=\"noopener\"><span class='avia_hidden_link_text'>Compartir en Twitter<\/span><\/a><\/li><li class='av-share-link av-social-link-whatsapp' ><a target=\"_blank\" aria-label=\"Compartir en Whatsapp\" href='https:\/\/api.whatsapp.com\/send?text=https:\/\/radiorevelacionfm.cl\/?p=34725' aria-hidden='false' data-av_icon='\uf232' data-av_iconfont='entypo-fontello' title='' data-avia-related-tooltip='Compartir en Whatsapp' rel=\"noopener\"><span class='avia_hidden_link_text'>Compartir en Whatsapp<\/span><\/a><\/li><li class='av-share-link av-social-link-linkedin' ><a target=\"_blank\" aria-label=\"Compartir en LinkedIn\" href='https:\/\/linkedin.com\/shareArticle?mini=true&#038;title=%C2%ABUn%20anhelo%20de%20a%C3%B1os%C2%BB%3A%20Gobernadora%20firma%20convenio%20para%20construir%20nuevo%20cuartel%20de%20la%207ma%20Compa%C3%B1%C3%ADa%20de%20Bomberos%20de%20Ma%C3%B1ihuales&#038;url=https:\/\/radiorevelacionfm.cl\/?p=34725' aria-hidden='false' data-av_icon='\ue8fc' data-av_iconfont='entypo-fontello' title='' data-avia-related-tooltip='Compartir en LinkedIn' rel=\"noopener\"><span class='avia_hidden_link_text'>Compartir en LinkedIn<\/span><\/a><\/li><li class='av-share-link av-social-link-mail' ><a  aria-label=\"Compartir por correo\" href='mailto:?subject=%C2%ABUn%20anhelo%20de%20a%C3%B1os%C2%BB%3A%20Gobernadora%20firma%20convenio%20para%20construir%20nuevo%20cuartel%20de%20la%207ma%20Compa%C3%B1%C3%ADa%20de%20Bomberos%20de%20Ma%C3%B1ihuales&#038;body=https:\/\/radiorevelacionfm.cl\/?p=34725' aria-hidden='false' data-av_icon='\ue805' data-av_iconfont='entypo-fontello' title='' data-avia-related-tooltip='Compartir por correo'><span class='avia_hidden_link_text'>Compartir por correo<\/span><\/a><\/li><\/ul><\/div><\/div>\n<div  style='height:50px' class='hr hr-invisible   avia-builder-el-8  el_after_av_social_share  el_before_av_comments_list '><span class='hr-inner ' ><span class='hr-inner-style'><\/span><\/span><\/div>\n<div  class='av-buildercomment  av-blog-meta-html-info-disabled av-blog-meta-tag-disabled  '><\/div>\n","protected":false},"excerpt":{"rendered":"","protected":false},"author":1,"featured_media":34726,"comment_status":"open","ping_status":"open","sticky":false,"template":"","format":"standard","meta":{"footnotes":""},"categories":[38],"tags":[],"class_list":["post-34725","post","type-post","status-publish","format-standard","has-post-thumbnail","hentry","category-regional"],"jetpack_featured_media_url":"https:\/\/radiorevelacionfm.cl\/wp-content\/uploads\/2023\/09\/Bomberos-2-2-1-1.jpeg","_links":{"self":[{"href":"https:\/\/radiorevelacionfm.cl\/index.php?rest_route=\/wp\/v2\/posts\/34725","targetHints":{"allow":["GET"]}}],"collection":[{"href":"https:\/\/radiorevelacionfm.cl\/index.php?rest_route=\/wp\/v2\/posts"}],"about":[{"href":"https:\/\/radiorevelacionfm.cl\/index.php?rest_route=\/wp\/v2\/types\/post"}],"author":[{"embeddable":true,"href":"https:\/\/radiorevelacionfm.cl\/index.php?rest_route=\/wp\/v2\/users\/1"}],"replies":[{"embeddable":true,"href":"https:\/\/radiorevelacionfm.cl\/index.php?rest_route=%2Fwp%2Fv2%2Fcomments&post=34725"}],"version-history":[{"count":1,"href":"https:\/\/radiorevelacionfm.cl\/index.php?rest_route=\/wp\/v2\/posts\/34725\/revisions"}],"predecessor-version":[{"id":34727,"href":"https:\/\/radiorevelacionfm.cl\/index.php?rest_route=\/wp\/v2\/posts\/34725\/revisions\/34727"}],"wp:featuredmedia":[{"embeddable":true,"href":"https:\/\/radiorevelacionfm.cl\/index.php?rest_route=\/wp\/v2\/media\/34726"}],"wp:attachment":[{"href":"https:\/\/radiorevelacionfm.cl\/index.php?rest_route=%2Fwp%2Fv2%2Fmedia&parent=34725"}],"wp:term":[{"taxonomy":"category","embeddable":true,"href":"https:\/\/radiorevelacionfm.cl\/index.php?rest_route=%2Fwp%2Fv2%2Fcategories&post=34725"},{"taxonomy":"post_tag","embeddable":true,"href":"https:\/\/radiorevelacionfm.cl\/index.php?rest_route=%2Fwp%2Fv2%2Ftags&post=34725"}],"curies":[{"name":"wp","href":"https:\/\/api.w.org\/{rel}","templated":true}]}}