{"id":34722,"date":"2023-09-07T09:08:59","date_gmt":"2023-09-07T12:08:59","guid":{"rendered":"https:\/\/radiorevelacionfm.cl\/?p=34722"},"modified":"2023-09-07T09:08:59","modified_gmt":"2023-09-07T12:08:59","slug":"a-un-ano-de-su-puesta-en-marcha-mas-de-900-millones-en-gastos-medicos-han-ahorrado-familias-ayseninas-gracias-a-copago-0","status":"publish","type":"post","link":"https:\/\/radiorevelacionfm.cl\/?p=34722","title":{"rendered":"A un a\u00f1o de su puesta en marcha: M\u00e1s de 900 millones en gastos m\u00e9dicos han ahorrado familias ayseninas gracias a COPAGO 0"},"content":{"rendered":"<div class=\"flex_column av_one_full  flex_column_div av-zero-column-padding first  avia-builder-el-0  el_before_av_one_full  avia-builder-el-first  \" style='border-radius:0px; '><div  class='avia-image-container  av-styling-    avia-builder-el-1  avia-builder-el-no-sibling  avia-align-center '  itemprop=\"image\" itemscope=\"itemscope\" itemtype=\"https:\/\/schema.org\/ImageObject\"  ><div class='avia-image-container-inner'><div class='avia-image-overlay-wrap'><img decoding=\"async\" class='wp-image-34723 avia-img-lazy-loading-not-34723 avia_image' src=\"https:\/\/radiorevelacionfm.cl\/wp-content\/uploads\/2023\/09\/usuarios-copago-0-1_optimized.jpeg\" alt='' title='usuarios-copago-0-(1)_optimized' height=\"600\" width=\"934\"  itemprop=\"thumbnailUrl\" srcset=\"https:\/\/radiorevelacionfm.cl\/wp-content\/uploads\/2023\/09\/usuarios-copago-0-1_optimized.jpeg 934w, https:\/\/radiorevelacionfm.cl\/wp-content\/uploads\/2023\/09\/usuarios-copago-0-1_optimized-300x193.jpeg 300w, https:\/\/radiorevelacionfm.cl\/wp-content\/uploads\/2023\/09\/usuarios-copago-0-1_optimized-768x493.jpeg 768w, https:\/\/radiorevelacionfm.cl\/wp-content\/uploads\/2023\/09\/usuarios-copago-0-1_optimized-705x453.jpeg 705w, https:\/\/radiorevelacionfm.cl\/wp-content\/uploads\/2023\/09\/usuarios-copago-0-1_optimized-450x289.jpeg 450w, https:\/\/radiorevelacionfm.cl\/wp-content\/uploads\/2023\/09\/usuarios-copago-0-1_optimized-600x385.jpeg 600w\" sizes=\"(max-width: 934px) 100vw, 934px\" \/><\/div><\/div><\/div><\/div><div class=\"flex_column av_one_full  flex_column_div av-zero-column-padding first  avia-builder-el-2  el_after_av_one_full  el_before_av_one_full  column-top-margin\" style='border-radius:0px; '><section class=\"av_textblock_section \"  itemscope=\"itemscope\" itemtype=\"https:\/\/schema.org\/BlogPosting\" itemprop=\"blogPost\" ><div class='avia_textblock  '   itemprop=\"text\" ><p style=\"text-align: center;\"><strong><span style=\"font-size: 18pt;\">A un a\u00f1o de su puesta en marcha: M\u00e1s de 900 millones en gastos m\u00e9dicos han ahorrado familias ayseninas gracias a COPAGO 0<\/span><\/strong><\/p>\n<div id=\"gtx-trans\" style=\"position: absolute; left: -50px; top: 4.31534px;\">\n<div class=\"gtx-trans-icon\"><\/div>\n<\/div>\n<\/div><\/section><\/div><div class=\"flex_column av_one_full  flex_column_div av-zero-column-padding first  avia-builder-el-4  el_after_av_one_full  el_before_av_hr  column-top-margin\" style='border-radius:0px; '><section class=\"av_textblock_section \"  itemscope=\"itemscope\" itemtype=\"https:\/\/schema.org\/BlogPosting\" itemprop=\"blogPost\" ><div class='avia_textblock  '   itemprop=\"text\" ><p style=\"text-align: justify;\">Tras cumplirse un a\u00f1o desde la puesta en marcha de \u201cCopago Cero\u201d, iniciativa presidencial que establece la gratuidad total para los m\u00e1s de 15 millones de usuarios del Fondo Nacional de Salud (FONASA), a nivel regional esta medida se ha traducido en un ahorro de m\u00e1s de 900 millones de pesos para el bolsillo de los ayseninos que han requerido atenciones de salud en la red asistencial.<\/p>\n<p style=\"text-align: justify;\">As\u00ed lo reforzaron autoridades regionales durante una visita a las oficinas locales de FONASA, donde compartieron junto a usuarios de este servicio que programaban atenciones m\u00e9dicas en la red de salud p\u00fablica. Oportunidad, donde el Delegado Presidencial Regional, Rodrigo Araya Morales, destac\u00f3 los alcances de esta iniciativa presidencial. \u201cAhora estamos agregando, desde el 01 de septiembre del a\u00f1o 2022, a todos los beneficiarios de los grupos C y D de FONASA menores de 60 a\u00f1os, eso ha significado un beneficio directo para cerca de cinco millones de personas en el pa\u00eds, y aqu\u00ed en la regi\u00f3n alrededor de 29 mil 600 personas estaban en ese tramo, lo que significa que estas personas no tuvieron que pagar en el Hospital Regional por las prestaciones de especialistas, ex\u00e1menes y cirug\u00edas, ya sean patolog\u00edas incluidas en las Garant\u00edas Expl\u00edcitas de Salud (GES) y no GES, es un tremendo alivio al bolsillo, donde se estima que son alrededor de 900 millones de pesos que la gente dej\u00f3 de gastar de su bolsillo en la regi\u00f3n, eso es altamente significativo y nos llena de orgullo\u201d.<\/p>\n<p style=\"text-align: justify;\">Fue as\u00ed como Hugo Pimentel, beneficiario de COPAGO 0, detall\u00f3 el impacto de esta medida en su salud \u201ctengo que agradecer porque salve la vista de mi ojo izquierdo, llegu\u00e9 un domingo a urgencia y tuvieron que intervenirme, me operaron y despu\u00e9s yo no ten\u00eda el dinero para pagar, pero me explicaron que no ten\u00eda que cancelar nada porque era FONASA. Ahora, me voy a someter a una operaci\u00f3n de cataratas, as\u00ed que super agradecido\u201d.<\/p>\n<p style=\"text-align: justify;\">En este contexto, la Seremi de Salud, Carmen Monsalve G\u00f3mez, tambi\u00e9n expres\u00f3 su alegr\u00eda por los resultados del COPAGO 0 en las familias de Ays\u00e9n. \u201cEstamos sumamente contentos porque en nuestra regi\u00f3n tenemos un ahorro que ya probablemente esta bordeando los mil millones de pesos, tenemos a m\u00e1s de 11 mil personas que han sido beneficiarias con estas medidas, prueba de ello es el incremento progresivo de personas que est\u00e1n migrando a FONASA para poder acceder a prestaciones en forma gratuita como ha ocurrido desde el mes de septiembre del a\u00f1o 2022. Esta es una de las medidas m\u00e1s estrat\u00e9gicas e importantes para la salud de nuestro pa\u00eds\u201d.<\/p>\n<p style=\"text-align: justify;\">De igual forma, Adolfo Torres, usuario de FONASA, valor\u00f3 el COPAGO 0. \u201cMe parece bien porque las lucas no est\u00e1n como para pagar algunas cosas, entonces es bien bueno este sistema\u201d.<\/p>\n<p style=\"text-align: justify;\">Efectos positivos del COPAGO 0 que tambi\u00e9n son reconocidos por los funcionarios de FONASA, como lo explic\u00f3 Lucerina Nanco Tavie, quien record\u00f3 los a\u00f1os que se demor\u00f3 esta importante iniciativa de salud p\u00fablica. \u201cLlev\u00f3 m\u00e1s de 30 a\u00f1os en este servicio, y para las personas el COPAGO 0 es fundamental, tener una cuenta m\u00e9dica en estos minutos con un costo elevado es complejo, pero llegar a un hospital, que te atiendan y que despu\u00e9s no pagues nada le sirve mucho a las familias. La gente todav\u00eda no cree que puede llegar a un hospital p\u00fablico y no pagar nada. Esta es una idea de muchos a\u00f1os, yo recuerdo hace 20 o 25 a\u00f1os se so\u00f1aba que FONASA podr\u00eda ser un seguro costo cero, y ahora que lo veo realizado me siento orgullosa del Ministerio de Salud y FONASA, y sobretodo agradecer al Pdte. de la Rep\u00fablica que pudo concretar este anhelo en favor de la comunidad\u201d.<\/p>\n<p style=\"text-align: justify;\">Asimismo, Jorge P\u00e9rez Urra, Jefe FONASA Ays\u00e9n, manifest\u00f3 que con la puesta en marcha de COPAGO 0 se ha traducido en una constante migraci\u00f3n de usuarios del sistema privado a FONASA. \u201cPara las personas ha sido relevante darse cuenta que existe esta medida que implica una reducci\u00f3n de los costos en beneficio de cada uno de los bolsillos de nuestros usuarios, donde existen personas que estando en ISAPRES se han afiliado a este seguro p\u00fablico de FONASA, aumentado el n\u00famero de afiliados en la regi\u00f3n\u201d.<\/p>\n<p style=\"text-align: justify;\">Para el Director del Servicio de Salud Ays\u00e9n, Mauricio Cort\u00e9s Molina, la implementaci\u00f3n de esta modalidad ha implicado seguir mejorando la red asistencial. \u201cLa salud es un derecho, es as\u00ed como nosotros estamos coordinados en toda nuestra red p\u00fablica para entregar servicios oportunos y humanizados, y que mejor que aquellas personas que est\u00e1n en los tramos C y D no tengan que pagar nada respecto a las prestaciones que realizamos dentro del sector, donde estamos beneficiando a cerca de 26 mil beneficiarios en toda la red\u201d.<\/p>\n<p style=\"text-align: justify;\">De esta forma, la aplicaci\u00f3n de COPAGO 0 en la Red P\u00fablica de Salud es una medida concreta que permite que m\u00e1s de 5 millones de personas que pertenecen al Fondo Nacional de Salud (Fonasa) en sus Tramos C y D, menores de 60 a\u00f1os, no tengan que pagar por sus atenciones de salud. Con esto se concreta la gratuidad total en la Red P\u00fablica de Salud, que en el caso de la regi\u00f3n de Ays\u00e9n, esta medida beneficia a cerca de 30 mil personas.<\/p>\n<\/div><\/section><\/div><div  style='height:50px' class='hr hr-invisible   avia-builder-el-6  el_after_av_one_full  el_before_av_social_share '><span class='hr-inner ' ><span class='hr-inner-style'><\/span><\/span><\/div><\/p>\n<div  class='av-social-sharing-box  avia-builder-el-7  el_after_av_hr  el_before_av_hr  '><div class='av-share-box'><h5 class='av-share-link-description av-no-toc '>Compartir esta noticia<\/h5><ul class='av-share-box-list noLightbox'><li class='av-share-link av-social-link-facebook' ><a target=\"_blank\" aria-label=\"Compartir en Facebook\" href='https:\/\/www.facebook.com\/sharer.php?u=https:\/\/radiorevelacionfm.cl\/?p=34722&#038;t=A%20un%20a%C3%B1o%20de%20su%20puesta%20en%20marcha%3A%20M%C3%A1s%20de%20900%20millones%20en%20gastos%20m%C3%A9dicos%20han%20ahorrado%20familias%20ayseninas%20gracias%20a%20COPAGO%200' aria-hidden='false' data-av_icon='\ue8f3' data-av_iconfont='entypo-fontello' title='' data-avia-related-tooltip='Compartir en Facebook' rel=\"noopener\"><span class='avia_hidden_link_text'>Compartir en Facebook<\/span><\/a><\/li><li class='av-share-link av-social-link-twitter' ><a target=\"_blank\" aria-label=\"Compartir en Twitter\" href='https:\/\/twitter.com\/share?text=A%20un%20a%C3%B1o%20de%20su%20puesta%20en%20marcha%3A%20M%C3%A1s%20de%20900%20millones%20en%20gastos%20m%C3%A9dicos%20han%20ahorrado%20familias%20ayseninas%20gracias%20a%20COPAGO%200&#038;url=https:\/\/radiorevelacionfm.cl\/?p=34722' aria-hidden='false' data-av_icon='\ue8f1' data-av_iconfont='entypo-fontello' title='' data-avia-related-tooltip='Compartir en Twitter' rel=\"noopener\"><span class='avia_hidden_link_text'>Compartir en Twitter<\/span><\/a><\/li><li class='av-share-link av-social-link-whatsapp' ><a target=\"_blank\" aria-label=\"Compartir en Whatsapp\" href='https:\/\/api.whatsapp.com\/send?text=https:\/\/radiorevelacionfm.cl\/?p=34722' aria-hidden='false' data-av_icon='\uf232' data-av_iconfont='entypo-fontello' title='' data-avia-related-tooltip='Compartir en Whatsapp' rel=\"noopener\"><span class='avia_hidden_link_text'>Compartir en Whatsapp<\/span><\/a><\/li><li class='av-share-link av-social-link-linkedin' ><a target=\"_blank\" aria-label=\"Compartir en LinkedIn\" href='https:\/\/linkedin.com\/shareArticle?mini=true&#038;title=A%20un%20a%C3%B1o%20de%20su%20puesta%20en%20marcha%3A%20M%C3%A1s%20de%20900%20millones%20en%20gastos%20m%C3%A9dicos%20han%20ahorrado%20familias%20ayseninas%20gracias%20a%20COPAGO%200&#038;url=https:\/\/radiorevelacionfm.cl\/?p=34722' aria-hidden='false' data-av_icon='\ue8fc' data-av_iconfont='entypo-fontello' title='' data-avia-related-tooltip='Compartir en LinkedIn' rel=\"noopener\"><span class='avia_hidden_link_text'>Compartir en LinkedIn<\/span><\/a><\/li><li class='av-share-link av-social-link-mail' ><a  aria-label=\"Compartir por correo\" href='mailto:?subject=A%20un%20a%C3%B1o%20de%20su%20puesta%20en%20marcha%3A%20M%C3%A1s%20de%20900%20millones%20en%20gastos%20m%C3%A9dicos%20han%20ahorrado%20familias%20ayseninas%20gracias%20a%20COPAGO%200&#038;body=https:\/\/radiorevelacionfm.cl\/?p=34722' aria-hidden='false' data-av_icon='\ue805' data-av_iconfont='entypo-fontello' title='' data-avia-related-tooltip='Compartir por correo'><span class='avia_hidden_link_text'>Compartir por correo<\/span><\/a><\/li><\/ul><\/div><\/div>\n<div  style='height:50px' class='hr hr-invisible   avia-builder-el-8  el_after_av_social_share  el_before_av_comments_list '><span class='hr-inner ' ><span class='hr-inner-style'><\/span><\/span><\/div>\n<div  class='av-buildercomment  av-blog-meta-html-info-disabled av-blog-meta-tag-disabled  '><\/div>\n","protected":false},"excerpt":{"rendered":"","protected":false},"author":1,"featured_media":34723,"comment_status":"open","ping_status":"open","sticky":false,"template":"","format":"standard","meta":{"footnotes":""},"categories":[46],"tags":[],"class_list":["post-34722","post","type-post","status-publish","format-standard","has-post-thumbnail","hentry","category-salud"],"jetpack_featured_media_url":"https:\/\/radiorevelacionfm.cl\/wp-content\/uploads\/2023\/09\/usuarios-copago-0-1_optimized.jpeg","_links":{"self":[{"href":"https:\/\/radiorevelacionfm.cl\/index.php?rest_route=\/wp\/v2\/posts\/34722","targetHints":{"allow":["GET"]}}],"collection":[{"href":"https:\/\/radiorevelacionfm.cl\/index.php?rest_route=\/wp\/v2\/posts"}],"about":[{"href":"https:\/\/radiorevelacionfm.cl\/index.php?rest_route=\/wp\/v2\/types\/post"}],"author":[{"embeddable":true,"href":"https:\/\/radiorevelacionfm.cl\/index.php?rest_route=\/wp\/v2\/users\/1"}],"replies":[{"embeddable":true,"href":"https:\/\/radiorevelacionfm.cl\/index.php?rest_route=%2Fwp%2Fv2%2Fcomments&post=34722"}],"version-history":[{"count":1,"href":"https:\/\/radiorevelacionfm.cl\/index.php?rest_route=\/wp\/v2\/posts\/34722\/revisions"}],"predecessor-version":[{"id":34724,"href":"https:\/\/radiorevelacionfm.cl\/index.php?rest_route=\/wp\/v2\/posts\/34722\/revisions\/34724"}],"wp:featuredmedia":[{"embeddable":true,"href":"https:\/\/radiorevelacionfm.cl\/index.php?rest_route=\/wp\/v2\/media\/34723"}],"wp:attachment":[{"href":"https:\/\/radiorevelacionfm.cl\/index.php?rest_route=%2Fwp%2Fv2%2Fmedia&parent=34722"}],"wp:term":[{"taxonomy":"category","embeddable":true,"href":"https:\/\/radiorevelacionfm.cl\/index.php?rest_route=%2Fwp%2Fv2%2Fcategories&post=34722"},{"taxonomy":"post_tag","embeddable":true,"href":"https:\/\/radiorevelacionfm.cl\/index.php?rest_route=%2Fwp%2Fv2%2Ftags&post=34722"}],"curies":[{"name":"wp","href":"https:\/\/api.w.org\/{rel}","templated":true}]}}