{"id":34719,"date":"2023-09-06T17:40:54","date_gmt":"2023-09-06T20:40:54","guid":{"rendered":"https:\/\/radiorevelacionfm.cl\/?p=34719"},"modified":"2023-09-06T17:40:54","modified_gmt":"2023-09-06T20:40:54","slug":"anuncian-reposicion-del-servicio-sanitario-rural-de-puerto-tranquilo","status":"publish","type":"post","link":"https:\/\/radiorevelacionfm.cl\/?p=34719","title":{"rendered":"Anuncian reposici\u00f3n del Servicio Sanitario Rural de Puerto Tranquilo"},"content":{"rendered":"<div class=\"flex_column av_one_full  flex_column_div av-zero-column-padding first  avia-builder-el-0  el_before_av_one_full  avia-builder-el-first  \" style='border-radius:0px; '><div  class='avia-image-container  av-styling-    avia-builder-el-1  avia-builder-el-no-sibling  avia-align-center '  itemprop=\"image\" itemscope=\"itemscope\" itemtype=\"https:\/\/schema.org\/ImageObject\"  ><div class='avia-image-container-inner'><div class='avia-image-overlay-wrap'><img decoding=\"async\" class='wp-image-34720 avia-img-lazy-loading-not-34720 avia_image' src=\"https:\/\/radiorevelacionfm.cl\/wp-content\/uploads\/2023\/09\/IMG_0551-1-1.jpg\" alt='' title='IMG_0551 (1) (1)' height=\"600\" width=\"900\"  itemprop=\"thumbnailUrl\" srcset=\"https:\/\/radiorevelacionfm.cl\/wp-content\/uploads\/2023\/09\/IMG_0551-1-1.jpg 900w, https:\/\/radiorevelacionfm.cl\/wp-content\/uploads\/2023\/09\/IMG_0551-1-1-300x200.jpg 300w, https:\/\/radiorevelacionfm.cl\/wp-content\/uploads\/2023\/09\/IMG_0551-1-1-768x512.jpg 768w, https:\/\/radiorevelacionfm.cl\/wp-content\/uploads\/2023\/09\/IMG_0551-1-1-705x470.jpg 705w, https:\/\/radiorevelacionfm.cl\/wp-content\/uploads\/2023\/09\/IMG_0551-1-1-450x300.jpg 450w, https:\/\/radiorevelacionfm.cl\/wp-content\/uploads\/2023\/09\/IMG_0551-1-1-600x400.jpg 600w\" sizes=\"(max-width: 900px) 100vw, 900px\" \/><\/div><\/div><\/div><\/div><div class=\"flex_column av_one_full  flex_column_div av-zero-column-padding first  avia-builder-el-2  el_after_av_one_full  el_before_av_one_full  column-top-margin\" style='border-radius:0px; '><section class=\"av_textblock_section \"  itemscope=\"itemscope\" itemtype=\"https:\/\/schema.org\/BlogPosting\" itemprop=\"blogPost\" ><div class='avia_textblock  '   itemprop=\"text\" ><p style=\"text-align: center;\"><span style=\"font-size: 18pt;\"><b>Anuncian reposici\u00f3n del Servicio Sanitario Rural de Puerto Tranquilo<\/b><\/span><\/p>\n<div id=\"gtx-trans\" style=\"position: absolute; left: -50px; top: 4.31534px;\">\n<div class=\"gtx-trans-icon\"><\/div>\n<\/div>\n<\/div><\/section><\/div><div class=\"flex_column av_one_full  flex_column_div av-zero-column-padding first  avia-builder-el-4  el_after_av_one_full  el_before_av_hr  column-top-margin\" style='border-radius:0px; '><section class=\"av_textblock_section \"  itemscope=\"itemscope\" itemtype=\"https:\/\/schema.org\/BlogPosting\" itemprop=\"blogPost\" ><div class='avia_textblock  '   itemprop=\"text\" ><p style=\"font-weight: 400; text-align: justify;\">Una hist\u00f3rica inversi\u00f3n realizar\u00e1 el Gobierno para mejorar el abastecimiento de agua potable en Puerto R\u00edo Tranquilo. El anuncio lo realiz\u00f3 el delegado presidencial regional, Rodrigo Araya, el mi\u00e9rcoles de la semana pasada, durante una visita a la localidad.<\/p>\n<p style=\"font-weight: 400; text-align: justify;\">La noticia fue entregada por la autoridad regional a los integrantes del Comit\u00e9 de Agua Potable Rural, a quienes se les inform\u00f3 que la iniciativa tiene un plazo de ejecuci\u00f3n de 900 d\u00edas y un presupuesto superior a los $6 mil millones entre asesor\u00eda y obras civiles.<\/p>\n<p style=\"font-weight: 400; text-align: justify;\">\u201cAcabamos de recibir esta tremenda noticia. M\u00e1s contentos no podemos estar porque sali\u00f3 aprobado el proyecto del Lago Tranquilo. Est\u00e1bamos esperando esto porque toda la gente sabe del problema que hemos tenido toda la vida en Puerto Tranquilo por el agua potable\u201d, expres\u00f3 Edita Poblete, tesorera del Comit\u00e9 de Agua Potable.<\/p>\n<p style=\"font-weight: 400; text-align: justify;\">El delegado presidencial destac\u00f3 algunas de las caracter\u00edsticas in\u00e9ditas de esta inversi\u00f3n. Una de ellas, su magnitud. \u201cEsta es la obra de agua potable rural m\u00e1s grande de nuestra regi\u00f3n. Y es producto de la demanda de la ciudadan\u00eda, el apoyo del MOP, su direcci\u00f3n del Obras Hidr\u00e1ulicas, que tuvo que ver el desarrollo del proyecto y lo hicieron en un tiempo bastante breve\u201d, indic\u00f3.<\/p>\n<p style=\"font-weight: 400; text-align: justify;\">Rodrigo Araya mencion\u00f3 que este proyecto cambiar\u00e1 radicalmente el sistema de captaci\u00f3n del agua el que \u201cactualmente se inicia en el r\u00edo Chirifo y sufre crecidas. Este nuevo proyecto incorpora la captaci\u00f3n desde el desag\u00fce del R\u00edo Tranquilo, con bombas impulsoras, caseta de filtrado y de cloraci\u00f3n, un estanque semienterrado de 200m3, cambio de todas las tuber\u00edas existente de PVC por HDPE,\u00a0 entre otros. Y por la altura en la que estar\u00e1, esperamos que garantice la presi\u00f3n del agua para todos los sectores de Tranquilo y permita que en la medida que se creen nuevos espacios habitacionales y la \u00e9poca de alta demanda, tengamos buena presi\u00f3n\u201d, explic\u00f3.<\/p>\n<p style=\"font-weight: 400; text-align: justify;\">En total, 284 familias mejorar\u00e1n sus condiciones de abastecimiento del elemento vital, con una instalaci\u00f3n nueva que cumplir\u00e1 con el nuevo est\u00e1ndar normativo.<\/p>\n<p style=\"font-weight: 400; text-align: justify;\">En palabras del director de Obras Hidr\u00e1ulicas del MOP, Francisco Real, se renovar\u00e1 toda la matriz de agua potable de la localidad, agreg\u00e1ndose una segunda captaci\u00f3n que viene del desag\u00fce del lago Tranquilo, manteniendo la actual para contar con un plan B, en caso de que alguna de las dos falle.<\/p>\n<p style=\"font-weight: 400; text-align: justify;\">Para Pablo Rojas, director de Servicios Sanitarios Rurales (MOP), esto permitir\u00e1 abordar tambi\u00e9n otro problema de los habitantes de la localidad del lago General Carrera: la alta demanda que se presenta en los meses de verano.<\/p>\n<p style=\"font-weight: 400; text-align: justify;\">El seremi de Obras P\u00fablicas, Patricio Sanhueza, manifest\u00f3 la satisfacci\u00f3n del equipo de su cartera ante este avance. \u201cEstamos muy contentos. Hace algunos d\u00edas nos han informado que contamos con el financiamiento adicional que requer\u00edamos para adjudicar el contrato de la ampliaci\u00f3n del servicio sanitario rural de Puerto R\u00edo Tranquilo. Esto va a beneficiar a una comunidad que ha sufrido d\u00e9ficit de abastecimiento de agua durante bastantes a\u00f1os\u201d, se\u00f1al\u00f3.<\/p>\n<p style=\"font-weight: 400; text-align: justify;\">El nuevo sistema de abastecimiento de agua tendr\u00e1 captaci\u00f3n en el nacimiento del r\u00edo Tranquilo, en el desag\u00fce del lago del mismo nombre. En ese punto, dos equipos de bombeo con capacidad de elevaci\u00f3n de 15 l\/s, conectados a la red p\u00fablica el\u00e9ctrica y con un equipo generador de respaldo, impulsar\u00e1n el l\u00edquido hasta el lugar de tratamiento mediante filtro de abatimiento de turbiedad y equipo de cloraci\u00f3n.<\/p>\n<p style=\"font-weight: 400; text-align: justify;\">El agua potable se almacenar\u00e1 en un estanque semienterrado de hormig\u00f3n armado, de 200 m3 de capacidad, desde donde se distribuir\u00e1 a trav\u00e9s de m\u00e1s de 11 mil metros de red en tuber\u00edas nuevas.<\/p>\n<p style=\"font-weight: 400; text-align: justify;\">El proyecto que ha dise\u00f1ado representa un gran salto respecto de las condiciones actuales de abastecimiento de agua potable en Puerto Tranquilo.<\/p>\n<p style=\"font-weight: 400; text-align: justify;\">Evaristo Berrocal, operador del actual sistema, comenta que cuando naci\u00f3 el Comit\u00e9 de Agua Potable buscaba dar cobertura a los habitantes de la localidad en ese entonces, es decir, entre 500 y 600 personas. Pero el crecimiento de la poblaci\u00f3n lo hizo insuficiente.<\/p>\n<p style=\"font-weight: 400; text-align: justify;\">\u201cYo hago la pega y el que se va a sentir m\u00e1s feliz voy a ser yo, aparte cuando se le d\u00e9 la noticia al pueblo, yo creo que van a quedar felices, felices, sobre todo el sector alto de R\u00edo Tranquilo. Ellos tienen muy baja presi\u00f3n de agua con el sistema actual. Tambi\u00e9n agradecerle al delegado que se tom\u00f3 la molestia de pasarnos a dar el notici\u00f3n este y agradecer a todos los que apoyaron a que salgan las platas para este proyecto desde el lago Tranquilo hacia Puerto Tranquilo, as\u00ed que muchas gracias\u201d, coment\u00f3 el poblador de la localidad.<\/p>\n<\/div><\/section><\/div><div  style='height:50px' class='hr hr-invisible   avia-builder-el-6  el_after_av_one_full  el_before_av_social_share '><span class='hr-inner ' ><span class='hr-inner-style'><\/span><\/span><\/div><\/p>\n<div  class='av-social-sharing-box  avia-builder-el-7  el_after_av_hr  el_before_av_hr  '><div class='av-share-box'><h5 class='av-share-link-description av-no-toc '>Compartir esta noticia<\/h5><ul class='av-share-box-list noLightbox'><li class='av-share-link av-social-link-facebook' ><a target=\"_blank\" aria-label=\"Compartir en Facebook\" href='https:\/\/www.facebook.com\/sharer.php?u=https:\/\/radiorevelacionfm.cl\/?p=34719&#038;t=Anuncian%20reposici%C3%B3n%20del%20Servicio%20Sanitario%20Rural%20de%20Puerto%20Tranquilo' aria-hidden='false' data-av_icon='\ue8f3' data-av_iconfont='entypo-fontello' title='' data-avia-related-tooltip='Compartir en Facebook' rel=\"noopener\"><span class='avia_hidden_link_text'>Compartir en Facebook<\/span><\/a><\/li><li class='av-share-link av-social-link-twitter' ><a target=\"_blank\" aria-label=\"Compartir en Twitter\" href='https:\/\/twitter.com\/share?text=Anuncian%20reposici%C3%B3n%20del%20Servicio%20Sanitario%20Rural%20de%20Puerto%20Tranquilo&#038;url=https:\/\/radiorevelacionfm.cl\/?p=34719' aria-hidden='false' data-av_icon='\ue8f1' data-av_iconfont='entypo-fontello' title='' data-avia-related-tooltip='Compartir en Twitter' rel=\"noopener\"><span class='avia_hidden_link_text'>Compartir en Twitter<\/span><\/a><\/li><li class='av-share-link av-social-link-whatsapp' ><a target=\"_blank\" aria-label=\"Compartir en Whatsapp\" href='https:\/\/api.whatsapp.com\/send?text=https:\/\/radiorevelacionfm.cl\/?p=34719' aria-hidden='false' data-av_icon='\uf232' data-av_iconfont='entypo-fontello' title='' data-avia-related-tooltip='Compartir en Whatsapp' rel=\"noopener\"><span class='avia_hidden_link_text'>Compartir en Whatsapp<\/span><\/a><\/li><li class='av-share-link av-social-link-linkedin' ><a target=\"_blank\" aria-label=\"Compartir en LinkedIn\" href='https:\/\/linkedin.com\/shareArticle?mini=true&#038;title=Anuncian%20reposici%C3%B3n%20del%20Servicio%20Sanitario%20Rural%20de%20Puerto%20Tranquilo&#038;url=https:\/\/radiorevelacionfm.cl\/?p=34719' aria-hidden='false' data-av_icon='\ue8fc' data-av_iconfont='entypo-fontello' title='' data-avia-related-tooltip='Compartir en LinkedIn' rel=\"noopener\"><span class='avia_hidden_link_text'>Compartir en LinkedIn<\/span><\/a><\/li><li class='av-share-link av-social-link-mail' ><a  aria-label=\"Compartir por correo\" href='mailto:?subject=Anuncian%20reposici%C3%B3n%20del%20Servicio%20Sanitario%20Rural%20de%20Puerto%20Tranquilo&#038;body=https:\/\/radiorevelacionfm.cl\/?p=34719' aria-hidden='false' data-av_icon='\ue805' data-av_iconfont='entypo-fontello' title='' data-avia-related-tooltip='Compartir por correo'><span class='avia_hidden_link_text'>Compartir por correo<\/span><\/a><\/li><\/ul><\/div><\/div>\n<div  style='height:50px' class='hr hr-invisible   avia-builder-el-8  el_after_av_social_share  el_before_av_comments_list '><span class='hr-inner ' ><span class='hr-inner-style'><\/span><\/span><\/div>\n<div  class='av-buildercomment  av-blog-meta-html-info-disabled av-blog-meta-tag-disabled  '><\/div>\n","protected":false},"excerpt":{"rendered":"","protected":false},"author":1,"featured_media":34720,"comment_status":"open","ping_status":"open","sticky":false,"template":"","format":"standard","meta":{"footnotes":""},"categories":[38],"tags":[],"class_list":["post-34719","post","type-post","status-publish","format-standard","has-post-thumbnail","hentry","category-regional"],"jetpack_featured_media_url":"https:\/\/radiorevelacionfm.cl\/wp-content\/uploads\/2023\/09\/IMG_0551-1-1.jpg","_links":{"self":[{"href":"https:\/\/radiorevelacionfm.cl\/index.php?rest_route=\/wp\/v2\/posts\/34719","targetHints":{"allow":["GET"]}}],"collection":[{"href":"https:\/\/radiorevelacionfm.cl\/index.php?rest_route=\/wp\/v2\/posts"}],"about":[{"href":"https:\/\/radiorevelacionfm.cl\/index.php?rest_route=\/wp\/v2\/types\/post"}],"author":[{"embeddable":true,"href":"https:\/\/radiorevelacionfm.cl\/index.php?rest_route=\/wp\/v2\/users\/1"}],"replies":[{"embeddable":true,"href":"https:\/\/radiorevelacionfm.cl\/index.php?rest_route=%2Fwp%2Fv2%2Fcomments&post=34719"}],"version-history":[{"count":1,"href":"https:\/\/radiorevelacionfm.cl\/index.php?rest_route=\/wp\/v2\/posts\/34719\/revisions"}],"predecessor-version":[{"id":34721,"href":"https:\/\/radiorevelacionfm.cl\/index.php?rest_route=\/wp\/v2\/posts\/34719\/revisions\/34721"}],"wp:featuredmedia":[{"embeddable":true,"href":"https:\/\/radiorevelacionfm.cl\/index.php?rest_route=\/wp\/v2\/media\/34720"}],"wp:attachment":[{"href":"https:\/\/radiorevelacionfm.cl\/index.php?rest_route=%2Fwp%2Fv2%2Fmedia&parent=34719"}],"wp:term":[{"taxonomy":"category","embeddable":true,"href":"https:\/\/radiorevelacionfm.cl\/index.php?rest_route=%2Fwp%2Fv2%2Fcategories&post=34719"},{"taxonomy":"post_tag","embeddable":true,"href":"https:\/\/radiorevelacionfm.cl\/index.php?rest_route=%2Fwp%2Fv2%2Ftags&post=34719"}],"curies":[{"name":"wp","href":"https:\/\/api.w.org\/{rel}","templated":true}]}}