{"id":34716,"date":"2023-09-06T16:42:36","date_gmt":"2023-09-06T19:42:36","guid":{"rendered":"https:\/\/radiorevelacionfm.cl\/?p=34716"},"modified":"2023-09-06T16:42:36","modified_gmt":"2023-09-06T19:42:36","slug":"firman-convenio-para-la-reposicion-del-cuartel-de-bomberos-de-manihuales","status":"publish","type":"post","link":"https:\/\/radiorevelacionfm.cl\/?p=34716","title":{"rendered":"Firman convenio para la \u201cReposici\u00f3n del Cuartel de Bomberos de Ma\u00f1ihuales\u201d"},"content":{"rendered":"<div class=\"flex_column av_one_full  flex_column_div av-zero-column-padding first  avia-builder-el-0  el_before_av_one_full  avia-builder-el-first  \" style='border-radius:0px; '><div  class='avia-image-container  av-styling-    avia-builder-el-1  avia-builder-el-no-sibling  avia-align-center '  itemprop=\"image\" itemscope=\"itemscope\" itemtype=\"https:\/\/schema.org\/ImageObject\"  ><div class='avia-image-container-inner'><div class='avia-image-overlay-wrap'><img decoding=\"async\" class='wp-image-34717 avia-img-lazy-loading-not-34717 avia_image' src=\"https:\/\/radiorevelacionfm.cl\/wp-content\/uploads\/2023\/09\/bomberos-manihuales-4-1-1-1_optimized-1.jpeg\" alt='' title='bomberos-ma\u00f1ihuales-4-(1)-(1)-(1)_optimized (1)' height=\"600\" width=\"1048\"  itemprop=\"thumbnailUrl\" srcset=\"https:\/\/radiorevelacionfm.cl\/wp-content\/uploads\/2023\/09\/bomberos-manihuales-4-1-1-1_optimized-1.jpeg 1048w, https:\/\/radiorevelacionfm.cl\/wp-content\/uploads\/2023\/09\/bomberos-manihuales-4-1-1-1_optimized-1-300x172.jpeg 300w, https:\/\/radiorevelacionfm.cl\/wp-content\/uploads\/2023\/09\/bomberos-manihuales-4-1-1-1_optimized-1-1030x590.jpeg 1030w, https:\/\/radiorevelacionfm.cl\/wp-content\/uploads\/2023\/09\/bomberos-manihuales-4-1-1-1_optimized-1-768x440.jpeg 768w, https:\/\/radiorevelacionfm.cl\/wp-content\/uploads\/2023\/09\/bomberos-manihuales-4-1-1-1_optimized-1-705x404.jpeg 705w, https:\/\/radiorevelacionfm.cl\/wp-content\/uploads\/2023\/09\/bomberos-manihuales-4-1-1-1_optimized-1-450x258.jpeg 450w, https:\/\/radiorevelacionfm.cl\/wp-content\/uploads\/2023\/09\/bomberos-manihuales-4-1-1-1_optimized-1-600x344.jpeg 600w\" sizes=\"(max-width: 1048px) 100vw, 1048px\" \/><\/div><\/div><\/div><\/div><div class=\"flex_column av_one_full  flex_column_div av-zero-column-padding first  avia-builder-el-2  el_after_av_one_full  el_before_av_one_full  column-top-margin\" style='border-radius:0px; '><section class=\"av_textblock_section \"  itemscope=\"itemscope\" itemtype=\"https:\/\/schema.org\/BlogPosting\" itemprop=\"blogPost\" ><div class='avia_textblock  '   itemprop=\"text\" ><p style=\"text-align: center;\"><strong><span style=\"font-size: 18pt;\">Firman convenio para la \u201cReposici\u00f3n del Cuartel de Bomberos de Ma\u00f1ihuales\u201d<\/span><\/strong><\/p>\n<div id=\"gtx-trans\" style=\"position: absolute; left: -50px; top: 4.31534px;\">\n<div class=\"gtx-trans-icon\"><\/div>\n<\/div>\n<\/div><\/section><\/div><div class=\"flex_column av_one_full  flex_column_div av-zero-column-padding first  avia-builder-el-4  el_after_av_one_full  el_before_av_hr  column-top-margin\" style='border-radius:0px; '><section class=\"av_textblock_section \"  itemscope=\"itemscope\" itemtype=\"https:\/\/schema.org\/BlogPosting\" itemprop=\"blogPost\" ><div class='avia_textblock  '   itemprop=\"text\" ><p style=\"text-align: justify;\">En el frontis del recinto que los ha albergado por casi 30 a\u00f1os, los voluntarios y voluntarias de la S\u00e9ptima Compa\u00f1\u00eda de Villa Ma\u00f1ihuales compartieron junto a las autoridades un significativo momento, donde la Gobernadora Regional Andrea Mac\u00edas Palma y el Alcalde de la comuna de Ays\u00e9n Julio Uribe Alvarado, firmaron el convenio para la Reposici\u00f3n del Cuartel de Bomberos de la localidad.<\/p>\n<p style=\"text-align: justify;\">El proyecto considera una inversi\u00f3n que supera los 500 millones de pesos y significar\u00e1 la construcci\u00f3n de un nuevo y moderno espacio para quienes son fundamentales al momento de ocurrir una emergencia, cat\u00e1strofe o cuando la comunidad requiere de ellos, siempre han mostrado la voluntad de estar presentes.<\/p>\n<p style=\"text-align: justify;\">\u201cHoy estar haciendo esta firma de convenio con nuestra Gobernadora Regional es un hito muy importante, el que tambi\u00e9n ellos se sientan participe de lo que se viene, las diferentes tramitaciones, luego este convenio se va a Contralor\u00eda y despu\u00e9s tenemos que llamar a licitaci\u00f3n, son los tiempos que tienen los procesos de los proyectos. Pero, estamos muy contentos de la fase en la que estamos, creo que debemos seguir avanzando en nuestra comuna, este es un gran proyecto para Ma\u00f1ihuales, el que tambi\u00e9n va a absorber mano de obra, por lo tanto, nos tiene muy convencidos de que va a quedar una infraestructura de alto nivel\u201d, manifest\u00f3 el Alcalde Julio Uribe.<\/p>\n<p style=\"text-align: justify;\">Por su parte, la Gobernadora Regional de Ays\u00e9n, Andrea Mac\u00edas Palma, puso en valor el importante servicio que presta Bomberos, algo que asegur\u00f3, deben hacerlo en las mejores condiciones.<\/p>\n<p style=\"text-align: justify;\">\u201cMuy contentos de este hito que es tremendamente relevante, donde firmamos convenio entre el Municipio de Ays\u00e9n y el Gobierno Regional. La verdad es que, con esto se da el vamos en t\u00e9rminos administrativos, para poder avanzar con lo que va a ser la reposici\u00f3n del Cuartel de la S\u00e9ptima Compa\u00f1\u00eda de Bomberos de Villa Ma\u00f1ihuales, que esta, adem\u00e1s, en un lugar estrat\u00e9gico y que tiene distintas especialidades. Estamos viendo que por una parte Bomberos presta un servicio a la comunidad de manera gratuita, un servicio que debe prestarse en las mejores condiciones y en eso en conjunto con el Municipio estamos plenamente conscientes y es por ello que hemos sacado adelante esta iniciativa\u201d.<\/p>\n<p style=\"text-align: justify;\">El Director de la S\u00e9ptima Compa\u00f1\u00eda de Bomberos de Villa Ma\u00f1ihuales, Claudio Cabezas, se\u00f1al\u00f3 que lograr la reposici\u00f3n del Cuartel viene a significar un hecho sumamente importante para ellos ya que, el actual recinto, \u201ces una donaci\u00f3n de una cooperativa agr\u00edcola del a\u00f1o 85, dada la necesidad por la compa\u00f1\u00eda que ya se hab\u00eda formado el a\u00f1o 83. Entonces, a ra\u00edz de eso y los requerimientos que ten\u00eda la infraestructura ya en esos a\u00f1os, se comenz\u00f3 por parte de los voluntarios de la \u00e9poca a formular un proyecto, de hecho, se compraron planos arquitect\u00f3nicos, pero no era un proyecto, sino que, era parte de un proyecto. Despu\u00e9s, todas estas ideas se fueron disipando, pero, el anhelo siempre se mantuvo, as\u00ed es que, el d\u00eda de hoy el paso que se est\u00e1 dando es la concreci\u00f3n de un sue\u00f1o que viene hace mucho tiempo\u201d.<\/p>\n<p style=\"text-align: justify;\">El proyecto de Reposici\u00f3n del Cuartel de Bomberos de Villa Ma\u00f1ihuales, corresponde a una estructura de 278 metros cuadrados, concebida en dos niveles. En el primer piso se construir\u00e1n oficinas, sala de m\u00e1quinas, bodega y cocina, mientras que en el segundo nivel estar\u00e1n las habitaciones para los voluntarios de guardia.<\/p>\n<p style=\"text-align: justify;\">Es importante se\u00f1alar que, tras la firma del convenio entre la Ilustre Municipalidad de Ays\u00e9n y el Gobierno Regional, el documento pasa a Contralor\u00eda y posterior a ello se desarrollar\u00e1 el proceso de licitaci\u00f3n, con el fin de que la empresa que se adjudique el proyecto realice las obras de construcci\u00f3n.<\/p>\n<\/div><\/section><\/div><div  style='height:50px' class='hr hr-invisible   avia-builder-el-6  el_after_av_one_full  el_before_av_social_share '><span class='hr-inner ' ><span class='hr-inner-style'><\/span><\/span><\/div><\/p>\n<div  class='av-social-sharing-box  avia-builder-el-7  el_after_av_hr  el_before_av_hr  '><div class='av-share-box'><h5 class='av-share-link-description av-no-toc '>Compartir esta noticia<\/h5><ul class='av-share-box-list noLightbox'><li class='av-share-link av-social-link-facebook' ><a target=\"_blank\" aria-label=\"Compartir en Facebook\" href='https:\/\/www.facebook.com\/sharer.php?u=https:\/\/radiorevelacionfm.cl\/?p=34716&#038;t=Firman%20convenio%20para%20la%20%E2%80%9CReposici%C3%B3n%20del%20Cuartel%20de%20Bomberos%20de%20Ma%C3%B1ihuales%E2%80%9D' aria-hidden='false' data-av_icon='\ue8f3' data-av_iconfont='entypo-fontello' title='' data-avia-related-tooltip='Compartir en Facebook' rel=\"noopener\"><span class='avia_hidden_link_text'>Compartir en Facebook<\/span><\/a><\/li><li class='av-share-link av-social-link-twitter' ><a target=\"_blank\" aria-label=\"Compartir en Twitter\" href='https:\/\/twitter.com\/share?text=Firman%20convenio%20para%20la%20%E2%80%9CReposici%C3%B3n%20del%20Cuartel%20de%20Bomberos%20de%20Ma%C3%B1ihuales%E2%80%9D&#038;url=https:\/\/radiorevelacionfm.cl\/?p=34716' aria-hidden='false' data-av_icon='\ue8f1' data-av_iconfont='entypo-fontello' title='' data-avia-related-tooltip='Compartir en Twitter' rel=\"noopener\"><span class='avia_hidden_link_text'>Compartir en Twitter<\/span><\/a><\/li><li class='av-share-link av-social-link-whatsapp' ><a target=\"_blank\" aria-label=\"Compartir en Whatsapp\" href='https:\/\/api.whatsapp.com\/send?text=https:\/\/radiorevelacionfm.cl\/?p=34716' aria-hidden='false' data-av_icon='\uf232' data-av_iconfont='entypo-fontello' title='' data-avia-related-tooltip='Compartir en Whatsapp' rel=\"noopener\"><span class='avia_hidden_link_text'>Compartir en Whatsapp<\/span><\/a><\/li><li class='av-share-link av-social-link-linkedin' ><a target=\"_blank\" aria-label=\"Compartir en LinkedIn\" href='https:\/\/linkedin.com\/shareArticle?mini=true&#038;title=Firman%20convenio%20para%20la%20%E2%80%9CReposici%C3%B3n%20del%20Cuartel%20de%20Bomberos%20de%20Ma%C3%B1ihuales%E2%80%9D&#038;url=https:\/\/radiorevelacionfm.cl\/?p=34716' aria-hidden='false' data-av_icon='\ue8fc' data-av_iconfont='entypo-fontello' title='' data-avia-related-tooltip='Compartir en LinkedIn' rel=\"noopener\"><span class='avia_hidden_link_text'>Compartir en LinkedIn<\/span><\/a><\/li><li class='av-share-link av-social-link-mail' ><a  aria-label=\"Compartir por correo\" href='mailto:?subject=Firman%20convenio%20para%20la%20%E2%80%9CReposici%C3%B3n%20del%20Cuartel%20de%20Bomberos%20de%20Ma%C3%B1ihuales%E2%80%9D&#038;body=https:\/\/radiorevelacionfm.cl\/?p=34716' aria-hidden='false' data-av_icon='\ue805' data-av_iconfont='entypo-fontello' title='' data-avia-related-tooltip='Compartir por correo'><span class='avia_hidden_link_text'>Compartir por correo<\/span><\/a><\/li><\/ul><\/div><\/div>\n<div  style='height:50px' class='hr hr-invisible   avia-builder-el-8  el_after_av_social_share  el_before_av_comments_list '><span class='hr-inner ' ><span class='hr-inner-style'><\/span><\/span><\/div>\n<div  class='av-buildercomment  av-blog-meta-html-info-disabled av-blog-meta-tag-disabled  '><\/div>\n","protected":false},"excerpt":{"rendered":"","protected":false},"author":1,"featured_media":34717,"comment_status":"open","ping_status":"open","sticky":false,"template":"","format":"standard","meta":{"footnotes":""},"categories":[38],"tags":[],"class_list":["post-34716","post","type-post","status-publish","format-standard","has-post-thumbnail","hentry","category-regional"],"jetpack_featured_media_url":"https:\/\/radiorevelacionfm.cl\/wp-content\/uploads\/2023\/09\/bomberos-manihuales-4-1-1-1_optimized-1.jpeg","_links":{"self":[{"href":"https:\/\/radiorevelacionfm.cl\/index.php?rest_route=\/wp\/v2\/posts\/34716","targetHints":{"allow":["GET"]}}],"collection":[{"href":"https:\/\/radiorevelacionfm.cl\/index.php?rest_route=\/wp\/v2\/posts"}],"about":[{"href":"https:\/\/radiorevelacionfm.cl\/index.php?rest_route=\/wp\/v2\/types\/post"}],"author":[{"embeddable":true,"href":"https:\/\/radiorevelacionfm.cl\/index.php?rest_route=\/wp\/v2\/users\/1"}],"replies":[{"embeddable":true,"href":"https:\/\/radiorevelacionfm.cl\/index.php?rest_route=%2Fwp%2Fv2%2Fcomments&post=34716"}],"version-history":[{"count":1,"href":"https:\/\/radiorevelacionfm.cl\/index.php?rest_route=\/wp\/v2\/posts\/34716\/revisions"}],"predecessor-version":[{"id":34718,"href":"https:\/\/radiorevelacionfm.cl\/index.php?rest_route=\/wp\/v2\/posts\/34716\/revisions\/34718"}],"wp:featuredmedia":[{"embeddable":true,"href":"https:\/\/radiorevelacionfm.cl\/index.php?rest_route=\/wp\/v2\/media\/34717"}],"wp:attachment":[{"href":"https:\/\/radiorevelacionfm.cl\/index.php?rest_route=%2Fwp%2Fv2%2Fmedia&parent=34716"}],"wp:term":[{"taxonomy":"category","embeddable":true,"href":"https:\/\/radiorevelacionfm.cl\/index.php?rest_route=%2Fwp%2Fv2%2Fcategories&post=34716"},{"taxonomy":"post_tag","embeddable":true,"href":"https:\/\/radiorevelacionfm.cl\/index.php?rest_route=%2Fwp%2Fv2%2Ftags&post=34716"}],"curies":[{"name":"wp","href":"https:\/\/api.w.org\/{rel}","templated":true}]}}