{"id":34713,"date":"2023-09-06T16:20:40","date_gmt":"2023-09-06T19:20:40","guid":{"rendered":"https:\/\/radiorevelacionfm.cl\/?p=34713"},"modified":"2023-09-06T16:20:40","modified_gmt":"2023-09-06T19:20:40","slug":"brigadistas-forestales-del-ejercito-reciben-instruccion-y-entrenamiento-para-el-combate-de-incendios","status":"publish","type":"post","link":"https:\/\/radiorevelacionfm.cl\/?p=34713","title":{"rendered":"Brigadistas forestales del Ej\u00e9rcito reciben instrucci\u00f3n y entrenamiento para el combate de incendios"},"content":{"rendered":"<div class=\"flex_column av_one_full  flex_column_div av-zero-column-padding first  avia-builder-el-0  el_before_av_one_full  avia-builder-el-first  \" style='border-radius:0px; '><div  class='avia-image-container  av-styling-    avia-builder-el-1  avia-builder-el-no-sibling  avia-align-center '  itemprop=\"image\" itemscope=\"itemscope\" itemtype=\"https:\/\/schema.org\/ImageObject\"  ><div class='avia-image-container-inner'><div class='avia-image-overlay-wrap'><img decoding=\"async\" class='wp-image-34714 avia-img-lazy-loading-not-34714 avia_image' src=\"https:\/\/radiorevelacionfm.cl\/wp-content\/uploads\/2023\/09\/foto-3-14a-1_optimized-1-1.jpg\" alt='' title='foto-3-(14)a-(1)_optimized (1) (1)' height=\"600\" width=\"779\"  itemprop=\"thumbnailUrl\" srcset=\"https:\/\/radiorevelacionfm.cl\/wp-content\/uploads\/2023\/09\/foto-3-14a-1_optimized-1-1.jpg 779w, https:\/\/radiorevelacionfm.cl\/wp-content\/uploads\/2023\/09\/foto-3-14a-1_optimized-1-1-300x231.jpg 300w, https:\/\/radiorevelacionfm.cl\/wp-content\/uploads\/2023\/09\/foto-3-14a-1_optimized-1-1-768x592.jpg 768w, https:\/\/radiorevelacionfm.cl\/wp-content\/uploads\/2023\/09\/foto-3-14a-1_optimized-1-1-705x543.jpg 705w, https:\/\/radiorevelacionfm.cl\/wp-content\/uploads\/2023\/09\/foto-3-14a-1_optimized-1-1-450x347.jpg 450w, https:\/\/radiorevelacionfm.cl\/wp-content\/uploads\/2023\/09\/foto-3-14a-1_optimized-1-1-600x462.jpg 600w\" sizes=\"(max-width: 779px) 100vw, 779px\" \/><\/div><\/div><\/div><\/div><div class=\"flex_column av_one_full  flex_column_div av-zero-column-padding first  avia-builder-el-2  el_after_av_one_full  el_before_av_one_full  column-top-margin\" style='border-radius:0px; '><section class=\"av_textblock_section \"  itemscope=\"itemscope\" itemtype=\"https:\/\/schema.org\/BlogPosting\" itemprop=\"blogPost\" ><div class='avia_textblock  '   itemprop=\"text\" ><p style=\"text-align: center;\"><span style=\"font-size: 18pt;\"><b><span lang=\"ES\">Brigadistas forestales del Ej\u00e9rcito reciben instrucci\u00f3n y entrenamiento para el combate de incendios<\/span><\/b><\/span><\/p>\n<div id=\"gtx-trans\" style=\"position: absolute; left: -50px; top: 4.31534px;\">\n<div class=\"gtx-trans-icon\"><\/div>\n<\/div>\n<\/div><\/section><\/div><div class=\"flex_column av_one_full  flex_column_div av-zero-column-padding first  avia-builder-el-4  el_after_av_one_full  el_before_av_hr  column-top-margin\" style='border-radius:0px; '><section class=\"av_textblock_section \"  itemscope=\"itemscope\" itemtype=\"https:\/\/schema.org\/BlogPosting\" itemprop=\"blogPost\" ><div class='avia_textblock  '   itemprop=\"text\" ><p class=\"v1MsoNormal\" style=\"text-align: justify;\"><span lang=\"ES\">Cada a\u00f1o, la Corporaci\u00f3n Nacional Forestal, Conaf, y el Ej\u00e9rcito de Chile desarrollan un programa de capacitaci\u00f3n de brigadas forestales para personal militar, el cual es parte del refuerzo de los medios sectoriales del Ministerio de Agricultura para atender situaciones de gran magnitud y riesgo para los recursos naturales y poblaci\u00f3n.<\/span><\/p>\n<p class=\"v1MsoNormal\" style=\"text-align: justify;\"><span lang=\"ES\">En ese contexto, en el Campo de Instrucci\u00f3n y Entrenamiento Las Bandurrias, a 18 kil\u00f3metros de Coyhaique, se realiz\u00f3 este martes un taller te\u00f3rico-pr\u00e1ctico destinado a capacitar a\u00a0 la Brigada de Refuerzo de Incendios Forestales del Ej\u00e9rcito (BRIFE), que en rigor es el contingente militar que estar\u00e1 a disposici\u00f3n del sistema de protecci\u00f3n de incendios forestales durante el periodo estival 2023 \u2013 2024.<\/span><\/p>\n<p class=\"v1MsoNormal\" style=\"text-align: justify;\"><span lang=\"ES\">En la oportunidad, se profundizaron contenidos sobre el comportamiento del fuego y m\u00e9todos de extinci\u00f3n, formas de abordaje y medidas de autocuidado, pero adem\u00e1s se pusieron en pr\u00e1ctica diferentes t\u00e9cnicas para el combate del fuego y se realizaron ejercicios para promover el trabajo en equipo y la coordinaci\u00f3n de acciones en situaciones reales.<\/span><\/p>\n<p class=\"v1MsoNormal\" style=\"text-align: justify;\"><span lang=\"ES\">A la actividad asistieron el Seremi de Agricultura de Ays\u00e9n, Alan Espinoza;<\/span><span lang=\"ES\">\u00a0<\/span><span lang=\"ES\">la Directora Regional de Conaf Ays\u00e9n, Mar\u00eda Loreto Pedrasa Manieu y el DR de Senapred, Sidi Bravo, adem\u00e1s del Comandante de la IV Divisi\u00f3n del Ej\u00e9rcito y del Destacamento Motorizado n\u00b0 14 Ays\u00e9n,<\/span><span lang=\"ES\">\u00a0<\/span><span lang=\"ES\">El\u00edas Abuyeres Manzur. Las autoridades coincidieron en relevar la importancia de la acci\u00f3n colaborativa entre los diferentes organismos del Estado, y destacaron el aporte de la BRIFE ante situaciones de incendios de mayor extensi\u00f3n en la regi\u00f3n de Ays\u00e9n as\u00ed como en otros lugares del pa\u00eds.<\/span><\/p>\n<p class=\"v1MsoNormal\" style=\"text-align: justify;\"><span lang=\"ES\">\u00abPara nosotros\u00a0 es\u00a0 absolutamente relevante, poder tener una fuerza preventiva que nos permita estar en todos los lugares de nuestro\u00a0 territorio, porque el 99,7%\u00a0 de los incendios forestales, son por causa humana y por eso la labor de prevenir los incendios forestales es absolutamente relevante. Pero tambi\u00e9n estamos preparados en conjunto el Ej\u00e9rcito en caso que haya que combatirlo\u00bb, subray\u00f3 el Seremi de Agricultura, Alan Espinoza Ortiz.<\/span><\/p>\n<p class=\"v1MsoNormal\" style=\"text-align: justify;\"><span lang=\"ES\">\u00abLa capacitaci\u00f3n a las BRIFE del Ej\u00e9rcito es una capacitaci\u00f3n que se da a lo largo de todo Chile, especialmente ac\u00e1 en la regi\u00f3n de Ays\u00e9n,\u00a0 como un complemento a las fuerzas de combate que tiene la Corporaci\u00f3n Nacional Forestal. Esta relaci\u00f3n tiene m\u00e1s de 20 a\u00f1os entre el Ej\u00e9rcito y el Ministerio de Agricultura, en el que cada d\u00eda se va fortaleciendo y se va conformando un equipo especializado para el combate de incendios forestales\u00bb, explic\u00f3 Loreto Pedraza Manieu, Directora Regional de Conaf.<\/span><\/p>\n<p class=\"v1MsoNormal\" style=\"text-align: justify;\"><span lang=\"ES\">\u00abY este trabajo que estamos desarrollando de instruir anualmente a nuestros soldados y nuestro integrante para poder emplearse ante una emergencia, es parte de nuestro compromiso. El Ej\u00e9rcito de Chile, por medio de sus soldados de la 4\u00aa Divisi\u00f3n y el Destacamento Motorizado n\u00famero 14 Ays\u00e9n, estamos presentes para preparar para la emergencia o la futura emergencia que podr\u00eda ocurrir\u00bb, agreg\u00f3 el Coronel El\u00edas Abuyeres Manzur, comandante del destacamento.<\/span><\/p>\n<p class=\"v1MsoNormal\" style=\"text-align: justify;\"><span lang=\"ES\">\u00abEste trabajo colaborativo se ha estado desarrollando tanto en Coyhaique, como Cochrane y\u00a0 Puerto Ays\u00e9n\u00a0 entre CONAF y Ej\u00e9rcito, para poder preparar el personal para enfrentar situaciones de emergencia y en las condiciones de hoy d\u00eda en tiempo de paz, podemos preparar en la parte operativa, como tambi\u00e9n en las relaciones de prevenci\u00f3n que deben de tener todas las personas en la Regi\u00f3n de Ays\u00e9n\u00bb a\u00f1adi\u00f3 el Director regional de Senapred, Sidi Bravo.<\/span><\/p>\n<p class=\"v1MsoNormal\" style=\"text-align: justify;\"><span lang=\"ES\">Cada a\u00f1o, la Corporaci\u00f3n Nacional Forestal, Conaf, y el Ej\u00e9rcito de Chile implementan un programa de capacitaci\u00f3n de brigadas forestales de apoyo al sistema, conformadas por personal militar. En nuestra regi\u00f3n se capacitan en total 80 efectivos del Ej\u00e9rcito, siendo 40 de Coyhaique, 20 de Puerto Ays\u00e9n y 20 de Cochrane.<\/span><\/p>\n<p class=\"v1MsoNormal\" style=\"text-align: justify;\"><span lang=\"ES\">Contar con una fuerza de combate complementaria fortalece el sistema de protecci\u00f3n y es un importante respaldo para casos de emergencia, tal como se ha demostrado en a\u00f1os anteriores.<\/span><\/p>\n<\/div><\/section><\/div><div  style='height:50px' class='hr hr-invisible   avia-builder-el-6  el_after_av_one_full  el_before_av_social_share '><span class='hr-inner ' ><span class='hr-inner-style'><\/span><\/span><\/div><\/p>\n<div  class='av-social-sharing-box  avia-builder-el-7  el_after_av_hr  el_before_av_hr  '><div class='av-share-box'><h5 class='av-share-link-description av-no-toc '>Compartir esta noticia<\/h5><ul class='av-share-box-list noLightbox'><li class='av-share-link av-social-link-facebook' ><a target=\"_blank\" aria-label=\"Compartir en Facebook\" href='https:\/\/www.facebook.com\/sharer.php?u=https:\/\/radiorevelacionfm.cl\/?p=34713&#038;t=Brigadistas%20forestales%20del%20Ej%C3%A9rcito%20reciben%20instrucci%C3%B3n%20y%20entrenamiento%20para%20el%20combate%20de%20incendios' aria-hidden='false' data-av_icon='\ue8f3' data-av_iconfont='entypo-fontello' title='' data-avia-related-tooltip='Compartir en Facebook' rel=\"noopener\"><span class='avia_hidden_link_text'>Compartir en Facebook<\/span><\/a><\/li><li class='av-share-link av-social-link-twitter' ><a target=\"_blank\" aria-label=\"Compartir en Twitter\" href='https:\/\/twitter.com\/share?text=Brigadistas%20forestales%20del%20Ej%C3%A9rcito%20reciben%20instrucci%C3%B3n%20y%20entrenamiento%20para%20el%20combate%20de%20incendios&#038;url=https:\/\/radiorevelacionfm.cl\/?p=34713' aria-hidden='false' data-av_icon='\ue8f1' data-av_iconfont='entypo-fontello' title='' data-avia-related-tooltip='Compartir en Twitter' rel=\"noopener\"><span class='avia_hidden_link_text'>Compartir en Twitter<\/span><\/a><\/li><li class='av-share-link av-social-link-whatsapp' ><a target=\"_blank\" aria-label=\"Compartir en Whatsapp\" href='https:\/\/api.whatsapp.com\/send?text=https:\/\/radiorevelacionfm.cl\/?p=34713' aria-hidden='false' data-av_icon='\uf232' data-av_iconfont='entypo-fontello' title='' data-avia-related-tooltip='Compartir en Whatsapp' rel=\"noopener\"><span class='avia_hidden_link_text'>Compartir en Whatsapp<\/span><\/a><\/li><li class='av-share-link av-social-link-linkedin' ><a target=\"_blank\" aria-label=\"Compartir en LinkedIn\" href='https:\/\/linkedin.com\/shareArticle?mini=true&#038;title=Brigadistas%20forestales%20del%20Ej%C3%A9rcito%20reciben%20instrucci%C3%B3n%20y%20entrenamiento%20para%20el%20combate%20de%20incendios&#038;url=https:\/\/radiorevelacionfm.cl\/?p=34713' aria-hidden='false' data-av_icon='\ue8fc' data-av_iconfont='entypo-fontello' title='' data-avia-related-tooltip='Compartir en LinkedIn' rel=\"noopener\"><span class='avia_hidden_link_text'>Compartir en LinkedIn<\/span><\/a><\/li><li class='av-share-link av-social-link-mail' ><a  aria-label=\"Compartir por correo\" href='mailto:?subject=Brigadistas%20forestales%20del%20Ej%C3%A9rcito%20reciben%20instrucci%C3%B3n%20y%20entrenamiento%20para%20el%20combate%20de%20incendios&#038;body=https:\/\/radiorevelacionfm.cl\/?p=34713' aria-hidden='false' data-av_icon='\ue805' data-av_iconfont='entypo-fontello' title='' data-avia-related-tooltip='Compartir por correo'><span class='avia_hidden_link_text'>Compartir por correo<\/span><\/a><\/li><\/ul><\/div><\/div>\n<div  style='height:50px' class='hr hr-invisible   avia-builder-el-8  el_after_av_social_share  el_before_av_comments_list '><span class='hr-inner ' ><span class='hr-inner-style'><\/span><\/span><\/div>\n<div  class='av-buildercomment  av-blog-meta-html-info-disabled av-blog-meta-tag-disabled  '><\/div>\n","protected":false},"excerpt":{"rendered":"","protected":false},"author":1,"featured_media":34714,"comment_status":"open","ping_status":"open","sticky":false,"template":"","format":"standard","meta":{"footnotes":""},"categories":[38],"tags":[],"class_list":["post-34713","post","type-post","status-publish","format-standard","has-post-thumbnail","hentry","category-regional"],"jetpack_featured_media_url":"https:\/\/radiorevelacionfm.cl\/wp-content\/uploads\/2023\/09\/foto-3-14a-1_optimized-1-1.jpg","_links":{"self":[{"href":"https:\/\/radiorevelacionfm.cl\/index.php?rest_route=\/wp\/v2\/posts\/34713","targetHints":{"allow":["GET"]}}],"collection":[{"href":"https:\/\/radiorevelacionfm.cl\/index.php?rest_route=\/wp\/v2\/posts"}],"about":[{"href":"https:\/\/radiorevelacionfm.cl\/index.php?rest_route=\/wp\/v2\/types\/post"}],"author":[{"embeddable":true,"href":"https:\/\/radiorevelacionfm.cl\/index.php?rest_route=\/wp\/v2\/users\/1"}],"replies":[{"embeddable":true,"href":"https:\/\/radiorevelacionfm.cl\/index.php?rest_route=%2Fwp%2Fv2%2Fcomments&post=34713"}],"version-history":[{"count":1,"href":"https:\/\/radiorevelacionfm.cl\/index.php?rest_route=\/wp\/v2\/posts\/34713\/revisions"}],"predecessor-version":[{"id":34715,"href":"https:\/\/radiorevelacionfm.cl\/index.php?rest_route=\/wp\/v2\/posts\/34713\/revisions\/34715"}],"wp:featuredmedia":[{"embeddable":true,"href":"https:\/\/radiorevelacionfm.cl\/index.php?rest_route=\/wp\/v2\/media\/34714"}],"wp:attachment":[{"href":"https:\/\/radiorevelacionfm.cl\/index.php?rest_route=%2Fwp%2Fv2%2Fmedia&parent=34713"}],"wp:term":[{"taxonomy":"category","embeddable":true,"href":"https:\/\/radiorevelacionfm.cl\/index.php?rest_route=%2Fwp%2Fv2%2Fcategories&post=34713"},{"taxonomy":"post_tag","embeddable":true,"href":"https:\/\/radiorevelacionfm.cl\/index.php?rest_route=%2Fwp%2Fv2%2Ftags&post=34713"}],"curies":[{"name":"wp","href":"https:\/\/api.w.org\/{rel}","templated":true}]}}