{"id":34710,"date":"2023-09-06T16:19:06","date_gmt":"2023-09-06T19:19:06","guid":{"rendered":"https:\/\/radiorevelacionfm.cl\/?p=34710"},"modified":"2023-09-10T16:19:24","modified_gmt":"2023-09-10T19:19:24","slug":"alcalde-uribe-y-convenio-con-codesser-busca-traer-nuevas-tecnologias-y-fomentar-el-desarrollo-productivo-de-la-comuna","status":"publish","type":"post","link":"https:\/\/radiorevelacionfm.cl\/?p=34710","title":{"rendered":"Alcalde Uribe y convenio con Codesser, busca \u201ctraer nuevas tecnolog\u00edas y fomentar el desarrollo productivo de la comuna\u201d"},"content":{"rendered":"<div class=\"flex_column av_one_full  flex_column_div av-zero-column-padding first  avia-builder-el-0  el_before_av_one_full  avia-builder-el-first  \" style='border-radius:0px; '><div  class='avia-image-container  av-styling-    avia-builder-el-1  avia-builder-el-no-sibling  avia-align-center '  itemprop=\"image\" itemscope=\"itemscope\" itemtype=\"https:\/\/schema.org\/ImageObject\"  ><div class='avia-image-container-inner'><div class='avia-image-overlay-wrap'><img decoding=\"async\" class='wp-image-34711 avia-img-lazy-loading-not-34711 avia_image' src=\"https:\/\/radiorevelacionfm.cl\/wp-content\/uploads\/2023\/09\/convenio-codesser-1_optimized.jpg\" alt='' title='convenio-codesser-1_optimized' height=\"612\" width=\"1366\"  itemprop=\"thumbnailUrl\" srcset=\"https:\/\/radiorevelacionfm.cl\/wp-content\/uploads\/2023\/09\/convenio-codesser-1_optimized.jpg 1366w, https:\/\/radiorevelacionfm.cl\/wp-content\/uploads\/2023\/09\/convenio-codesser-1_optimized-300x134.jpg 300w, https:\/\/radiorevelacionfm.cl\/wp-content\/uploads\/2023\/09\/convenio-codesser-1_optimized-1030x461.jpg 1030w, https:\/\/radiorevelacionfm.cl\/wp-content\/uploads\/2023\/09\/convenio-codesser-1_optimized-768x344.jpg 768w, https:\/\/radiorevelacionfm.cl\/wp-content\/uploads\/2023\/09\/convenio-codesser-1_optimized-705x316.jpg 705w, https:\/\/radiorevelacionfm.cl\/wp-content\/uploads\/2023\/09\/convenio-codesser-1_optimized-450x202.jpg 450w, https:\/\/radiorevelacionfm.cl\/wp-content\/uploads\/2023\/09\/convenio-codesser-1_optimized-600x269.jpg 600w\" sizes=\"(max-width: 1366px) 100vw, 1366px\" \/><\/div><\/div><\/div><\/div><div class=\"flex_column av_one_full  flex_column_div av-zero-column-padding first  avia-builder-el-2  el_after_av_one_full  el_before_av_one_full  column-top-margin\" style='border-radius:0px; '><section class=\"av_textblock_section \"  itemscope=\"itemscope\" itemtype=\"https:\/\/schema.org\/BlogPosting\" itemprop=\"blogPost\" ><div class='avia_textblock  '   itemprop=\"text\" ><p style=\"text-align: center;\"><strong><span style=\"font-size: 18pt;\">Alcalde Uribe y convenio con Codesser, busca \u201ctraer nuevas tecnolog\u00edas y fomentar el desarrollo productivo de la comuna\u201d<\/span><\/strong><\/p>\n<div id=\"gtx-trans\" style=\"position: absolute; left: -50px; top: 4.31534px;\">\n<div class=\"gtx-trans-icon\"><\/div>\n<\/div>\n<\/div><\/section><\/div><div class=\"flex_column av_one_full  flex_column_div av-zero-column-padding first  avia-builder-el-4  el_after_av_one_full  el_before_av_hr  column-top-margin\" style='border-radius:0px; '><section class=\"av_textblock_section \"  itemscope=\"itemscope\" itemtype=\"https:\/\/schema.org\/BlogPosting\" itemprop=\"blogPost\" ><div class='avia_textblock  '   itemprop=\"text\" ><p style=\"text-align: justify;\">La Municipalidad de Ays\u00e9n a trav\u00e9s del Alcalde Julio Uribe y Codesser representada por su Gerente en la regi\u00f3n, Ram\u00f3n Antiman, firmaron convenio de colaboraci\u00f3n entre ambos organismos, actividad en la que estuvo tambi\u00e9n el equipo de fomento productivo y la oficina del campesino.<\/p>\n<p style=\"text-align: justify;\">Entre los alcances m\u00e1s importantes del convenio se establece, una labor colaborativa entre una corporaci\u00f3n con gran experiencia a nivel nacional en el trabajo con instituciones p\u00fablicas, se pretende tambi\u00e9n, levantar proyectos o programas de fomento para la comuna de Ays\u00e9n.<\/p>\n<p style=\"text-align: justify;\">Adem\u00e1s, se van a potenciar iniciativas que vayan en apoyo, por ejemplo, a la agricultura familiar campesina, igualmente la idea es, poner en valor los productos forestales no madereros como el calafate, maqui, entre otros. En definitiva, apalancar recursos y as\u00ed beneficiar a los emprendedores y emprendedoras del territorio.<\/p>\n<p style=\"text-align: justify;\">El Alcalde de la comuna de Ays\u00e9n, Julio Uribe Alvarado, destac\u00f3 sobre este importante acuerdo, \u201cCodesser es una de las corporaciones m\u00e1s antiguas de nuestro pa\u00eds y por supuesto que es muy positivo generar un convenio de colaboraci\u00f3n, de apoyo, sobre todo, para atraer nuevas tecnolog\u00edas a nuestra comuna y para fomentar el desarrollo productivo hacia el \u00e1rea rural, donde ellos son especialistas. Tienen profesionales de alto nivel, los cuales postulan a proyectos tanto de Corfo como de diferentes entidades, que den garant\u00eda para que el Municipio pueda seguir apalancando recursos a trav\u00e9s del trabajo que estamos haciendo con la oficina del campesino\u201d.<\/p>\n<p style=\"text-align: justify;\">En tanto, Ram\u00f3n Antiman, gerente de Codesser en Ays\u00e9n, destac\u00f3 la posibilidad de establecer un convenio con la Municipalidad, ya que, de esta forma se pueden levantar iniciativas en distintas \u00e1reas productivas.<\/p>\n<p style=\"text-align: justify;\">\u201cEstamos muy contentos de poder firmar este convenio de colaboraci\u00f3n, entre la Municipalidad y nuestra corporaci\u00f3n Codesser, donde vamos a poder fortalecer este trabajo, para que la comunidad reciba iniciativas que podamos formular en conjunto en todas las \u00e1reas, tanto, en el \u00e1rea agr\u00edcola, comercio, turismo, construcci\u00f3n. Es un trabajo que estoy seguro va a obtener muy buenos frutos y vamos a poder contribuir de muy buena manera a la comuna de Ays\u00e9n\u201d.<\/p>\n<p style=\"text-align: justify;\">Codesser, es una corporaci\u00f3n que lleva muchos a\u00f1os realizando su labor en el territorio, con fondos Sercotec, Corfo y del Gobierno Regional de Ays\u00e9n.<\/p>\n<\/div><\/section><\/div><div  style='height:50px' class='hr hr-invisible   avia-builder-el-6  el_after_av_one_full  el_before_av_social_share '><span class='hr-inner ' ><span class='hr-inner-style'><\/span><\/span><\/div><\/p>\n<div  class='av-social-sharing-box  avia-builder-el-7  el_after_av_hr  el_before_av_hr  '><div class='av-share-box'><h5 class='av-share-link-description av-no-toc '>Compartir esta noticia<\/h5><ul class='av-share-box-list noLightbox'><li class='av-share-link av-social-link-facebook' ><a target=\"_blank\" aria-label=\"Compartir en Facebook\" href='https:\/\/www.facebook.com\/sharer.php?u=https:\/\/radiorevelacionfm.cl\/?p=34710&#038;t=Alcalde%20Uribe%20y%20convenio%20con%20Codesser%2C%20busca%20%E2%80%9Ctraer%20nuevas%20tecnolog%C3%ADas%20y%20fomentar%20el%20desarrollo%20productivo%20de%20la%20comuna%E2%80%9D' aria-hidden='false' data-av_icon='\ue8f3' data-av_iconfont='entypo-fontello' title='' data-avia-related-tooltip='Compartir en Facebook' rel=\"noopener\"><span class='avia_hidden_link_text'>Compartir en Facebook<\/span><\/a><\/li><li class='av-share-link av-social-link-twitter' ><a target=\"_blank\" aria-label=\"Compartir en Twitter\" href='https:\/\/twitter.com\/share?text=Alcalde%20Uribe%20y%20convenio%20con%20Codesser%2C%20busca%20%E2%80%9Ctraer%20nuevas%20tecnolog%C3%ADas%20y%20fomentar%20el%20desarrollo%20productivo%20de%20la%20comuna%E2%80%9D&#038;url=https:\/\/radiorevelacionfm.cl\/?p=34710' aria-hidden='false' data-av_icon='\ue8f1' data-av_iconfont='entypo-fontello' title='' data-avia-related-tooltip='Compartir en Twitter' rel=\"noopener\"><span class='avia_hidden_link_text'>Compartir en Twitter<\/span><\/a><\/li><li class='av-share-link av-social-link-whatsapp' ><a target=\"_blank\" aria-label=\"Compartir en Whatsapp\" href='https:\/\/api.whatsapp.com\/send?text=https:\/\/radiorevelacionfm.cl\/?p=34710' aria-hidden='false' data-av_icon='\uf232' data-av_iconfont='entypo-fontello' title='' data-avia-related-tooltip='Compartir en Whatsapp' rel=\"noopener\"><span class='avia_hidden_link_text'>Compartir en Whatsapp<\/span><\/a><\/li><li class='av-share-link av-social-link-linkedin' ><a target=\"_blank\" aria-label=\"Compartir en LinkedIn\" href='https:\/\/linkedin.com\/shareArticle?mini=true&#038;title=Alcalde%20Uribe%20y%20convenio%20con%20Codesser%2C%20busca%20%E2%80%9Ctraer%20nuevas%20tecnolog%C3%ADas%20y%20fomentar%20el%20desarrollo%20productivo%20de%20la%20comuna%E2%80%9D&#038;url=https:\/\/radiorevelacionfm.cl\/?p=34710' aria-hidden='false' data-av_icon='\ue8fc' data-av_iconfont='entypo-fontello' title='' data-avia-related-tooltip='Compartir en LinkedIn' rel=\"noopener\"><span class='avia_hidden_link_text'>Compartir en LinkedIn<\/span><\/a><\/li><li class='av-share-link av-social-link-mail' ><a  aria-label=\"Compartir por correo\" href='mailto:?subject=Alcalde%20Uribe%20y%20convenio%20con%20Codesser%2C%20busca%20%E2%80%9Ctraer%20nuevas%20tecnolog%C3%ADas%20y%20fomentar%20el%20desarrollo%20productivo%20de%20la%20comuna%E2%80%9D&#038;body=https:\/\/radiorevelacionfm.cl\/?p=34710' aria-hidden='false' data-av_icon='\ue805' data-av_iconfont='entypo-fontello' title='' data-avia-related-tooltip='Compartir por correo'><span class='avia_hidden_link_text'>Compartir por correo<\/span><\/a><\/li><\/ul><\/div><\/div>\n<div  style='height:50px' class='hr hr-invisible   avia-builder-el-8  el_after_av_social_share  el_before_av_comments_list '><span class='hr-inner ' ><span class='hr-inner-style'><\/span><\/span><\/div>\n<div  class='av-buildercomment  av-blog-meta-html-info-disabled av-blog-meta-tag-disabled  '><\/div>\n","protected":false},"excerpt":{"rendered":"","protected":false},"author":1,"featured_media":34711,"comment_status":"open","ping_status":"open","sticky":false,"template":"","format":"standard","meta":{"footnotes":""},"categories":[38],"tags":[],"class_list":["post-34710","post","type-post","status-publish","format-standard","has-post-thumbnail","hentry","category-regional"],"jetpack_featured_media_url":"https:\/\/radiorevelacionfm.cl\/wp-content\/uploads\/2023\/09\/convenio-codesser-1_optimized.jpg","_links":{"self":[{"href":"https:\/\/radiorevelacionfm.cl\/index.php?rest_route=\/wp\/v2\/posts\/34710","targetHints":{"allow":["GET"]}}],"collection":[{"href":"https:\/\/radiorevelacionfm.cl\/index.php?rest_route=\/wp\/v2\/posts"}],"about":[{"href":"https:\/\/radiorevelacionfm.cl\/index.php?rest_route=\/wp\/v2\/types\/post"}],"author":[{"embeddable":true,"href":"https:\/\/radiorevelacionfm.cl\/index.php?rest_route=\/wp\/v2\/users\/1"}],"replies":[{"embeddable":true,"href":"https:\/\/radiorevelacionfm.cl\/index.php?rest_route=%2Fwp%2Fv2%2Fcomments&post=34710"}],"version-history":[{"count":1,"href":"https:\/\/radiorevelacionfm.cl\/index.php?rest_route=\/wp\/v2\/posts\/34710\/revisions"}],"predecessor-version":[{"id":34712,"href":"https:\/\/radiorevelacionfm.cl\/index.php?rest_route=\/wp\/v2\/posts\/34710\/revisions\/34712"}],"wp:featuredmedia":[{"embeddable":true,"href":"https:\/\/radiorevelacionfm.cl\/index.php?rest_route=\/wp\/v2\/media\/34711"}],"wp:attachment":[{"href":"https:\/\/radiorevelacionfm.cl\/index.php?rest_route=%2Fwp%2Fv2%2Fmedia&parent=34710"}],"wp:term":[{"taxonomy":"category","embeddable":true,"href":"https:\/\/radiorevelacionfm.cl\/index.php?rest_route=%2Fwp%2Fv2%2Fcategories&post=34710"},{"taxonomy":"post_tag","embeddable":true,"href":"https:\/\/radiorevelacionfm.cl\/index.php?rest_route=%2Fwp%2Fv2%2Ftags&post=34710"}],"curies":[{"name":"wp","href":"https:\/\/api.w.org\/{rel}","templated":true}]}}