{"id":34707,"date":"2023-09-06T20:23:02","date_gmt":"2023-09-06T23:23:02","guid":{"rendered":"https:\/\/radiorevelacionfm.cl\/?p=34707"},"modified":"2023-09-06T20:23:02","modified_gmt":"2023-09-06T23:23:02","slug":"inauguran-nuevo-civil-movil-que-atendera-las-demandas-y-requerimientos-de-usuarios-de-toda-la-region-de-aysen","status":"publish","type":"post","link":"https:\/\/radiorevelacionfm.cl\/?p=34707","title":{"rendered":"Inauguran nuevo civil m\u00f3vil que atender\u00e1 las demandas y requerimientos de usuarios de toda la regi\u00f3n de Ays\u00e9n"},"content":{"rendered":"<div class=\"flex_column av_one_full  flex_column_div av-zero-column-padding first  avia-builder-el-0  el_before_av_one_full  avia-builder-el-first  \" style='border-radius:0px; '><div  class='avia-image-container  av-styling-    avia-builder-el-1  avia-builder-el-no-sibling  avia-align-center '  itemprop=\"image\" itemscope=\"itemscope\" itemtype=\"https:\/\/schema.org\/ImageObject\"  ><div class='avia-image-container-inner'><div class='avia-image-overlay-wrap'><img decoding=\"async\" class='wp-image-34708 avia-img-lazy-loading-not-34708 avia_image' src=\"https:\/\/radiorevelacionfm.cl\/wp-content\/uploads\/2023\/09\/civil-movil-1-1_optimized-1.jpg\" alt='' title='civil-movil-1-(1)_optimized (1)' height=\"600\" width=\"800\"  itemprop=\"thumbnailUrl\" srcset=\"https:\/\/radiorevelacionfm.cl\/wp-content\/uploads\/2023\/09\/civil-movil-1-1_optimized-1.jpg 800w, https:\/\/radiorevelacionfm.cl\/wp-content\/uploads\/2023\/09\/civil-movil-1-1_optimized-1-300x225.jpg 300w, https:\/\/radiorevelacionfm.cl\/wp-content\/uploads\/2023\/09\/civil-movil-1-1_optimized-1-768x576.jpg 768w, https:\/\/radiorevelacionfm.cl\/wp-content\/uploads\/2023\/09\/civil-movil-1-1_optimized-1-705x529.jpg 705w, https:\/\/radiorevelacionfm.cl\/wp-content\/uploads\/2023\/09\/civil-movil-1-1_optimized-1-450x338.jpg 450w, https:\/\/radiorevelacionfm.cl\/wp-content\/uploads\/2023\/09\/civil-movil-1-1_optimized-1-600x450.jpg 600w\" sizes=\"(max-width: 800px) 100vw, 800px\" \/><\/div><\/div><\/div><\/div><div class=\"flex_column av_one_full  flex_column_div av-zero-column-padding first  avia-builder-el-2  el_after_av_one_full  el_before_av_one_full  column-top-margin\" style='border-radius:0px; '><section class=\"av_textblock_section \"  itemscope=\"itemscope\" itemtype=\"https:\/\/schema.org\/BlogPosting\" itemprop=\"blogPost\" ><div class='avia_textblock  '   itemprop=\"text\" ><p style=\"text-align: center;\"><strong><span style=\"font-size: 18pt;\">Inauguran nuevo civil m\u00f3vil que atender\u00e1 las demandas y requerimientos de usuarios de toda la regi\u00f3n de Ays\u00e9n<\/span><\/strong><\/p>\n<div id=\"gtx-trans\" style=\"position: absolute; left: -50px; top: 4.31534px;\">\n<div class=\"gtx-trans-icon\"><\/div>\n<\/div>\n<\/div><\/section><\/div><div class=\"flex_column av_one_full  flex_column_div av-zero-column-padding first  avia-builder-el-4  el_after_av_one_full  el_before_av_hr  column-top-margin\" style='border-radius:0px; '><section class=\"av_textblock_section \"  itemscope=\"itemscope\" itemtype=\"https:\/\/schema.org\/BlogPosting\" itemprop=\"blogPost\" ><div class='avia_textblock  '   itemprop=\"text\" ><p style=\"text-align: justify;\">En las inmediaciones de la Plaza de la Bandera se llev\u00f3 a cabo este martes, la presentaci\u00f3n e inauguraci\u00f3n del nuevo civil m\u00f3vil del Servicio de Registro Civil e Identificaci\u00f3n, actividad encabezada por el Delegado Presidencial Regional Rodrigo Araya, el Seremi de Justicia y DD.HH Samuel Navarro y el Director Regional del Servicio de Registro Civil e Identificaci\u00f3n Rodrigo Aguilera, quienes presentaron a la comunidad este moderno veh\u00edculo que viene a reforzar el trabajo en terreno que realiza el servicio a nivel regional.<\/p>\n<p style=\"text-align: justify;\">Cabe mencionar que el Servicio de Registro Civil e Identificaci\u00f3n a trav\u00e9s de su unidad en terreno efect\u00faa alrededor de mil tr\u00e1mites anuales, es por ello que contar con este nuevo m\u00f3vil que cumple con los est\u00e1ndares actuales, permitiendo la atenci\u00f3n de usuarios ya que cuenta con dos m\u00f3dulos de atenci\u00f3n en su interior y un generador el\u00e9ctrico de manera fija, ciertamente aumentar\u00e1 dicha cifra, entregando adem\u00e1s mayor autonom\u00eda para atender de manera m\u00e1s oportuna a todos quienes lo necesiten.<\/p>\n<p style=\"text-align: justify;\">Respecto a este nuevo veh\u00edculo para el trabajo en terreno del Servicio de Registro Civil e Identificaci\u00f3n, el Delegado Presidencial Regional Rodrigo Araya indic\u00f3 que \u201cpara nuestro gobierno del Presidente Gabriel Boric, la descentralizaci\u00f3n de las instituciones p\u00fablicas es parte sustancial de nuestro programa de gobierno, y con esta tecnolog\u00eda, con este veh\u00edculo que est\u00e1 adquiriendo el Registro Civil, vamos a cumplir con eso tambi\u00e9n, logrando que accedan a distintos lugares, no solo en las ciudades, sino que tambi\u00e9n en los territorios de nuestra regi\u00f3n para que los vecinos puedan\u00a0 tener todas las prestaciones que entrega este servicio, ya sea c\u00e9dulas de identidad, pasaportes, claves \u00fanicas y certificados\u201d.<\/p>\n<p style=\"text-align: justify;\">Por su parte, el Seremi de Justicia y Derechos Humanos, Samuel Navarro Castro manifest\u00f3 que \u201cestamos entrenando nuestro nuevo civil m\u00f3vil que lleg\u00f3 a la regi\u00f3n de Ays\u00e9n, va a ser una herramienta muy \u00fatil, es un equipo muy moderno que tiene generador propio, lo que le da una autonom\u00eda y tiene dos m\u00f3dulos de atenci\u00f3n, donde los vecinos y vecinas de la regi\u00f3n de Ays\u00e9n van a poder sacar su c\u00e9dula de identidad, pasaporte, claves \u00fanicas y certificados, estamos muy contentos porque nos va a permitir poder llegar a las zonas m\u00e1s alejadas, y existiendo siempre la posibilidad de que cualquier organizaci\u00f3n social, vecinal o comunitaria que requiera el civil m\u00f3vil puede contactarse con la direcci\u00f3n regional para gestionar una hora de atenci\u00f3n y aprovechar esta \u00fatil herramienta, este civil m\u00f3vil viene a reemplazar un equipo antiguo que ten\u00edamos, que no cumpl\u00eda las condiciones t\u00e9cnicas exigidas en nuestra regi\u00f3n, esta es parte de una flota de 16 civil m\u00f3vil que se adquirieron durante este a\u00f1o, uno para cada regi\u00f3n del pa\u00eds y \u00e9ste es el que le corresponde a la regi\u00f3n de Ays\u00e9n\u201d.<\/p>\n<p style=\"text-align: justify;\">Mientras que el Director Regional del Servicio de Registro Civil e Identificaci\u00f3n, Rodrigo Aguilera explic\u00f3 que \u201ceste nuevo civil m\u00f3vil viene a reforzar nuestras labores de terreno para poder acercar nuestras atenciones a todos los ciudadanos de la regi\u00f3n, as\u00ed tambi\u00e9n a las organizaciones, juntas de vecinos y lugares m\u00e1s apartados, ahora es importante mencionar que nuestro servicio a trav\u00e9s de su unidad en terreno emite alrededor de 700 c\u00e9dulas anuales, sin contar las de oficina, y que con este nuevo equipo esperamos aumentar a un 30 a 40% la cantidad de c\u00e9dulas y otro tipo de documentos como certificados y claves \u00fanicas, que se requieren para todo tipo de tr\u00e1mite, y que esperamos aumentar al doble\u201d.<\/p>\n<p style=\"text-align: justify;\">Finalmente, se\u00f1alar que quienes necesiten atenci\u00f3n en terreno del Servicio de Registro Civil e Identificaci\u00f3n pueden hacer el requerimiento comunic\u00e1ndose al correo <a href=\"mailto:gsilva@registrocivil.gob.cl\">gsilva@registrocivil.gob.cl<\/a> o al tel\u00e9fono de la direcci\u00f3n regional del servicio 67-2582335.<\/p>\n<\/div><\/section><\/div><div  style='height:50px' class='hr hr-invisible   avia-builder-el-6  el_after_av_one_full  el_before_av_social_share '><span class='hr-inner ' ><span class='hr-inner-style'><\/span><\/span><\/div><\/p>\n<div  class='av-social-sharing-box  avia-builder-el-7  el_after_av_hr  el_before_av_hr  '><div class='av-share-box'><h5 class='av-share-link-description av-no-toc '>Compartir esta noticia<\/h5><ul class='av-share-box-list noLightbox'><li class='av-share-link av-social-link-facebook' ><a target=\"_blank\" aria-label=\"Compartir en Facebook\" href='https:\/\/www.facebook.com\/sharer.php?u=https:\/\/radiorevelacionfm.cl\/?p=34707&#038;t=Inauguran%20nuevo%20civil%20m%C3%B3vil%20que%20atender%C3%A1%20las%20demandas%20y%20requerimientos%20de%20usuarios%20de%20toda%20la%20regi%C3%B3n%20de%20Ays%C3%A9n' aria-hidden='false' data-av_icon='\ue8f3' data-av_iconfont='entypo-fontello' title='' data-avia-related-tooltip='Compartir en Facebook' rel=\"noopener\"><span class='avia_hidden_link_text'>Compartir en Facebook<\/span><\/a><\/li><li class='av-share-link av-social-link-twitter' ><a target=\"_blank\" aria-label=\"Compartir en Twitter\" href='https:\/\/twitter.com\/share?text=Inauguran%20nuevo%20civil%20m%C3%B3vil%20que%20atender%C3%A1%20las%20demandas%20y%20requerimientos%20de%20usuarios%20de%20toda%20la%20regi%C3%B3n%20de%20Ays%C3%A9n&#038;url=https:\/\/radiorevelacionfm.cl\/?p=34707' aria-hidden='false' data-av_icon='\ue8f1' data-av_iconfont='entypo-fontello' title='' data-avia-related-tooltip='Compartir en Twitter' rel=\"noopener\"><span class='avia_hidden_link_text'>Compartir en Twitter<\/span><\/a><\/li><li class='av-share-link av-social-link-whatsapp' ><a target=\"_blank\" aria-label=\"Compartir en Whatsapp\" href='https:\/\/api.whatsapp.com\/send?text=https:\/\/radiorevelacionfm.cl\/?p=34707' aria-hidden='false' data-av_icon='\uf232' data-av_iconfont='entypo-fontello' title='' data-avia-related-tooltip='Compartir en Whatsapp' rel=\"noopener\"><span class='avia_hidden_link_text'>Compartir en Whatsapp<\/span><\/a><\/li><li class='av-share-link av-social-link-linkedin' ><a target=\"_blank\" aria-label=\"Compartir en LinkedIn\" href='https:\/\/linkedin.com\/shareArticle?mini=true&#038;title=Inauguran%20nuevo%20civil%20m%C3%B3vil%20que%20atender%C3%A1%20las%20demandas%20y%20requerimientos%20de%20usuarios%20de%20toda%20la%20regi%C3%B3n%20de%20Ays%C3%A9n&#038;url=https:\/\/radiorevelacionfm.cl\/?p=34707' aria-hidden='false' data-av_icon='\ue8fc' data-av_iconfont='entypo-fontello' title='' data-avia-related-tooltip='Compartir en LinkedIn' rel=\"noopener\"><span class='avia_hidden_link_text'>Compartir en LinkedIn<\/span><\/a><\/li><li class='av-share-link av-social-link-mail' ><a  aria-label=\"Compartir por correo\" href='mailto:?subject=Inauguran%20nuevo%20civil%20m%C3%B3vil%20que%20atender%C3%A1%20las%20demandas%20y%20requerimientos%20de%20usuarios%20de%20toda%20la%20regi%C3%B3n%20de%20Ays%C3%A9n&#038;body=https:\/\/radiorevelacionfm.cl\/?p=34707' aria-hidden='false' data-av_icon='\ue805' data-av_iconfont='entypo-fontello' title='' data-avia-related-tooltip='Compartir por correo'><span class='avia_hidden_link_text'>Compartir por correo<\/span><\/a><\/li><\/ul><\/div><\/div>\n<div  style='height:50px' class='hr hr-invisible   avia-builder-el-8  el_after_av_social_share  el_before_av_comments_list '><span class='hr-inner ' ><span class='hr-inner-style'><\/span><\/span><\/div>\n<div  class='av-buildercomment  av-blog-meta-html-info-disabled av-blog-meta-tag-disabled  '><\/div>\n","protected":false},"excerpt":{"rendered":"","protected":false},"author":1,"featured_media":34708,"comment_status":"open","ping_status":"open","sticky":false,"template":"","format":"standard","meta":{"footnotes":""},"categories":[38],"tags":[],"class_list":["post-34707","post","type-post","status-publish","format-standard","has-post-thumbnail","hentry","category-regional"],"jetpack_featured_media_url":"https:\/\/radiorevelacionfm.cl\/wp-content\/uploads\/2023\/09\/civil-movil-1-1_optimized-1.jpg","_links":{"self":[{"href":"https:\/\/radiorevelacionfm.cl\/index.php?rest_route=\/wp\/v2\/posts\/34707","targetHints":{"allow":["GET"]}}],"collection":[{"href":"https:\/\/radiorevelacionfm.cl\/index.php?rest_route=\/wp\/v2\/posts"}],"about":[{"href":"https:\/\/radiorevelacionfm.cl\/index.php?rest_route=\/wp\/v2\/types\/post"}],"author":[{"embeddable":true,"href":"https:\/\/radiorevelacionfm.cl\/index.php?rest_route=\/wp\/v2\/users\/1"}],"replies":[{"embeddable":true,"href":"https:\/\/radiorevelacionfm.cl\/index.php?rest_route=%2Fwp%2Fv2%2Fcomments&post=34707"}],"version-history":[{"count":1,"href":"https:\/\/radiorevelacionfm.cl\/index.php?rest_route=\/wp\/v2\/posts\/34707\/revisions"}],"predecessor-version":[{"id":34709,"href":"https:\/\/radiorevelacionfm.cl\/index.php?rest_route=\/wp\/v2\/posts\/34707\/revisions\/34709"}],"wp:featuredmedia":[{"embeddable":true,"href":"https:\/\/radiorevelacionfm.cl\/index.php?rest_route=\/wp\/v2\/media\/34708"}],"wp:attachment":[{"href":"https:\/\/radiorevelacionfm.cl\/index.php?rest_route=%2Fwp%2Fv2%2Fmedia&parent=34707"}],"wp:term":[{"taxonomy":"category","embeddable":true,"href":"https:\/\/radiorevelacionfm.cl\/index.php?rest_route=%2Fwp%2Fv2%2Fcategories&post=34707"},{"taxonomy":"post_tag","embeddable":true,"href":"https:\/\/radiorevelacionfm.cl\/index.php?rest_route=%2Fwp%2Fv2%2Ftags&post=34707"}],"curies":[{"name":"wp","href":"https:\/\/api.w.org\/{rel}","templated":true}]}}