{"id":34705,"date":"2023-09-08T16:18:37","date_gmt":"2023-09-08T19:18:37","guid":{"rendered":"https:\/\/radiorevelacionfm.cl\/?p=34705"},"modified":"2023-09-08T16:18:37","modified_gmt":"2023-09-08T19:18:37","slug":"aprueban-en-general-proyecto-que-pone-fin-a-la-doble-evaluacion-docente-y-fortalece-desarrollo-profesional","status":"publish","type":"post","link":"https:\/\/radiorevelacionfm.cl\/?p=34705","title":{"rendered":"Aprueban en general proyecto que pone fin a la doble evaluaci\u00f3n docente y fortalece desarrollo profesional"},"content":{"rendered":"<div class=\"flex_column av_one_full  flex_column_div av-zero-column-padding first  avia-builder-el-0  el_before_av_one_full  avia-builder-el-first  \" style='border-radius:0px; '><div  class='avia-image-container  av-styling-    avia-builder-el-1  avia-builder-el-no-sibling  avia-align-center '  itemprop=\"image\" itemscope=\"itemscope\" itemtype=\"https:\/\/schema.org\/ImageObject\"  ><div class='avia-image-container-inner'><div class='avia-image-overlay-wrap'><img decoding=\"async\" class='wp-image-31660 avia-img-lazy-loading-not-31660 avia_image' src=\"https:\/\/radiorevelacionfm.cl\/wp-content\/uploads\/2023\/06\/Seremi-Isabel-Garrido-1-1.jpg\" alt='' title='Seremi Isabel Garrido (1) (1)' height=\"600\" width=\"899\"  itemprop=\"thumbnailUrl\" srcset=\"https:\/\/radiorevelacionfm.cl\/wp-content\/uploads\/2023\/06\/Seremi-Isabel-Garrido-1-1.jpg 899w, https:\/\/radiorevelacionfm.cl\/wp-content\/uploads\/2023\/06\/Seremi-Isabel-Garrido-1-1-300x200.jpg 300w, https:\/\/radiorevelacionfm.cl\/wp-content\/uploads\/2023\/06\/Seremi-Isabel-Garrido-1-1-768x513.jpg 768w, https:\/\/radiorevelacionfm.cl\/wp-content\/uploads\/2023\/06\/Seremi-Isabel-Garrido-1-1-705x471.jpg 705w, https:\/\/radiorevelacionfm.cl\/wp-content\/uploads\/2023\/06\/Seremi-Isabel-Garrido-1-1-450x300.jpg 450w, https:\/\/radiorevelacionfm.cl\/wp-content\/uploads\/2023\/06\/Seremi-Isabel-Garrido-1-1-600x400.jpg 600w\" sizes=\"(max-width: 899px) 100vw, 899px\" \/><\/div><\/div><\/div><\/div><div class=\"flex_column av_one_full  flex_column_div av-zero-column-padding first  avia-builder-el-2  el_after_av_one_full  el_before_av_one_full  column-top-margin\" style='border-radius:0px; '><section class=\"av_textblock_section \"  itemscope=\"itemscope\" itemtype=\"https:\/\/schema.org\/BlogPosting\" itemprop=\"blogPost\" ><div class='avia_textblock  '   itemprop=\"text\" ><p style=\"text-align: center;\"><strong><span style=\"font-size: 18pt;\">Aprueban en general proyecto que pone fin a la doble evaluaci\u00f3n docente y fortalece desarrollo profesional<\/span><\/strong><\/p>\n<div id=\"gtx-trans\" style=\"position: absolute; left: -50px; top: 4.31534px;\">\n<div class=\"gtx-trans-icon\"><\/div>\n<\/div>\n<\/div><\/section><\/div><div class=\"flex_column av_one_full  flex_column_div av-zero-column-padding first  avia-builder-el-4  el_after_av_one_full  el_before_av_hr  column-top-margin\" style='border-radius:0px; '><section class=\"av_textblock_section \"  itemscope=\"itemscope\" itemtype=\"https:\/\/schema.org\/BlogPosting\" itemprop=\"blogPost\" ><div class='avia_textblock  '   itemprop=\"text\" ><p style=\"text-align: justify;\"><span lang=\"ES\">La Sala del Senado aprob\u00f3 este martes en general el proyecto de ley que unifica el sistema evaluaci\u00f3n docente y pone t\u00e9rmino a la doble examinaci\u00f3n para el profesorado de establecimientos municipales y de Servicios Locales de Educaci\u00f3n P\u00fablica, proyecto que se enmarca entre las iniciativas del Ministerio de Educaci\u00f3n destinadas a disminuir el agobio de docentes.<\/span><\/p>\n<p style=\"text-align: justify;\">A partir de este nuevo avance, se abrir\u00e1 un espacio para la presentaci\u00f3n de nuevas indicaciones en v\u00edas de lograrse durante las pr\u00f3ximas semanas el completo despacho de la iniciativa.<\/p>\n<p style=\"text-align: justify;\"><span lang=\"ES\">\u00a0<\/span>El proyecto de ley, en su segundo tr\u00e1mite legislativo, fue aprobado en general por 31 votos a favor, 2 en contra y 1 abstenci\u00f3n. A continuaci\u00f3n, se abrir\u00e1 un periodo -hasta el mediod\u00eda del pr\u00f3ximo viernes 8 de septiembre- para la presentaci\u00f3n de indicaciones, lo cual dar\u00e1 paso a la discusi\u00f3n en particular del proyecto en v\u00edas de su aprobaci\u00f3n y despacho total.<\/p>\n<p style=\"text-align: justify;\">Con este objetivo, el ministro de Educaci\u00f3n, Nicol\u00e1s Cataldo, adelant\u00f3 la presentaci\u00f3n de una serie de indicaciones para la discusi\u00f3n particular de la iniciativa, entre las cuales destacan la exigencia de formaci\u00f3n continua para docentes de los tramos m\u00e1s avanzados (experto I y experto II) y la obligatoriedad de evaluaci\u00f3n para los docentes de establecimientos particulares subvencionados, 70% de los cuales no han ingresado a la carrera docente y permanecen en el tramo acceso.<\/p>\n<p style=\"text-align: justify;\">Sobre este avance legislativo\u00a0la Seremi de Educaci\u00f3n de Ays\u00e9n Isabel Garrido\u00a0 indic\u00f3 que \u00abla aprobaci\u00f3n en general del proyecto demuestra la voluntad\u00a0 del gobierno y, particularmente, del Ministerio de Educaci\u00f3n que ha\u00a0 comprometido un conjunto de adecuaciones que consideramos mejoran y profundizan el objetivo de este proyecto y queremos\u00a0 avanzar en la discusi\u00f3n en particular\u00bb.<\/p>\n<p style=\"text-align: justify;\"><span lang=\"ES\">A trav\u00e9s de esta eventual nueva legislaci\u00f3n, los actuales 196 mil docentes de establecimientos p\u00fablicos ser\u00edan evaluados \u00fanicamente por el sistema de evaluaci\u00f3n de la Carrera Docente, al igual como actualmente ocurre con sus pares del sector particular subvencionado.\u00a0<\/span>Cabe recordar que este proceso evaluativo, llamado Sistema de Reconocimiento, incorpora una evaluaci\u00f3n de conocimientos espec\u00edficos y pedag\u00f3gicos y la elaboraci\u00f3n de un portafolio.<\/p>\n<p style=\"text-align: justify;\"><b>Acompa\u00f1amiento y formaci\u00f3n docente<\/b><\/p>\n<p style=\"text-align: justify;\">Adem\u00e1s de la\u00a0consolidaci\u00f3n del sistema de reconocimiento y promoci\u00f3n del desarrollo profesional docente como \u00fanico sistema general de evaluaci\u00f3n, el proyecto de ley contempla una serie de medidas dirigidas a fortalecer el acompa\u00f1amiento y la formaci\u00f3n docente.<\/p>\n<p style=\"text-align: justify;\">En este sentido, y con el objetivo de aumentar la retenci\u00f3n de profesores n\u00f3veles en el sistema, el proyecto de ley ampl\u00eda el acceso a los procesos de inducci\u00f3n a trav\u00e9s de la eliminaci\u00f3n del l\u00edmite m\u00e1ximo de 38 horas contratadas que rige para los docentes principiantes que quieren participar de estos procesos de formaci\u00f3n. En la misma direcci\u00f3n, se establece un acompa\u00f1amiento prioritario por parte de la \u00abRed Maestros de Maestros\u00bb para docentes en su primer o segundo a\u00f1o de ejercicio, as\u00ed como tambi\u00e9n a aquellos que no logren progresar en el sistema de reconocimiento profesional docente.<\/p>\n<p style=\"text-align: justify;\">El proyecto de ley tambi\u00e9n considera una ampliaci\u00f3n en el porcentaje de horas no lectivas para aquellos docentes que se encuentren en etapa de evaluaci\u00f3n docente, pasando del 40% al 50% del total, adem\u00e1s de establecerse jornadas comunes de trabajo entre los equipos directivos y el profesorado en evaluaci\u00f3n.<\/p>\n<p style=\"text-align: justify;\">Por \u00faltimo, la nueva ley tambi\u00e9n aborda la situaci\u00f3n de docentes que en su proceso de evaluaci\u00f3n de 2015 obtuvieron resultados competente o destacado, permiti\u00e9ndoles acceder a un tramo, considerando los resultados de su portafolio rendido en 2015, m\u00e1s el instrumento de evaluaci\u00f3n de conocimientos espec\u00edficos y pedag\u00f3gicos rendido en el marco de la Carrera Docente.<\/p>\n<\/div><\/section><\/div><div  style='height:50px' class='hr hr-invisible   avia-builder-el-6  el_after_av_one_full  el_before_av_social_share '><span class='hr-inner ' ><span class='hr-inner-style'><\/span><\/span><\/div><\/p>\n<div  class='av-social-sharing-box  avia-builder-el-7  el_after_av_hr  el_before_av_hr  '><div class='av-share-box'><h5 class='av-share-link-description av-no-toc '>Compartir esta noticia<\/h5><ul class='av-share-box-list noLightbox'><li class='av-share-link av-social-link-facebook' ><a target=\"_blank\" aria-label=\"Compartir en Facebook\" href='https:\/\/www.facebook.com\/sharer.php?u=https:\/\/radiorevelacionfm.cl\/?p=34705&#038;t=Aprueban%20en%20general%20proyecto%20que%20pone%20fin%20a%20la%20doble%20evaluaci%C3%B3n%20docente%20y%20fortalece%20desarrollo%20profesional' aria-hidden='false' data-av_icon='\ue8f3' data-av_iconfont='entypo-fontello' title='' data-avia-related-tooltip='Compartir en Facebook' rel=\"noopener\"><span class='avia_hidden_link_text'>Compartir en Facebook<\/span><\/a><\/li><li class='av-share-link av-social-link-twitter' ><a target=\"_blank\" aria-label=\"Compartir en Twitter\" href='https:\/\/twitter.com\/share?text=Aprueban%20en%20general%20proyecto%20que%20pone%20fin%20a%20la%20doble%20evaluaci%C3%B3n%20docente%20y%20fortalece%20desarrollo%20profesional&#038;url=https:\/\/radiorevelacionfm.cl\/?p=34705' aria-hidden='false' data-av_icon='\ue8f1' data-av_iconfont='entypo-fontello' title='' data-avia-related-tooltip='Compartir en Twitter' rel=\"noopener\"><span class='avia_hidden_link_text'>Compartir en Twitter<\/span><\/a><\/li><li class='av-share-link av-social-link-whatsapp' ><a target=\"_blank\" aria-label=\"Compartir en Whatsapp\" href='https:\/\/api.whatsapp.com\/send?text=https:\/\/radiorevelacionfm.cl\/?p=34705' aria-hidden='false' data-av_icon='\uf232' data-av_iconfont='entypo-fontello' title='' data-avia-related-tooltip='Compartir en Whatsapp' rel=\"noopener\"><span class='avia_hidden_link_text'>Compartir en Whatsapp<\/span><\/a><\/li><li class='av-share-link av-social-link-linkedin' ><a target=\"_blank\" aria-label=\"Compartir en LinkedIn\" href='https:\/\/linkedin.com\/shareArticle?mini=true&#038;title=Aprueban%20en%20general%20proyecto%20que%20pone%20fin%20a%20la%20doble%20evaluaci%C3%B3n%20docente%20y%20fortalece%20desarrollo%20profesional&#038;url=https:\/\/radiorevelacionfm.cl\/?p=34705' aria-hidden='false' data-av_icon='\ue8fc' data-av_iconfont='entypo-fontello' title='' data-avia-related-tooltip='Compartir en LinkedIn' rel=\"noopener\"><span class='avia_hidden_link_text'>Compartir en LinkedIn<\/span><\/a><\/li><li class='av-share-link av-social-link-mail' ><a  aria-label=\"Compartir por correo\" href='mailto:?subject=Aprueban%20en%20general%20proyecto%20que%20pone%20fin%20a%20la%20doble%20evaluaci%C3%B3n%20docente%20y%20fortalece%20desarrollo%20profesional&#038;body=https:\/\/radiorevelacionfm.cl\/?p=34705' aria-hidden='false' data-av_icon='\ue805' data-av_iconfont='entypo-fontello' title='' data-avia-related-tooltip='Compartir por correo'><span class='avia_hidden_link_text'>Compartir por correo<\/span><\/a><\/li><\/ul><\/div><\/div>\n<div  style='height:50px' class='hr hr-invisible   avia-builder-el-8  el_after_av_social_share  el_before_av_comments_list '><span class='hr-inner ' ><span class='hr-inner-style'><\/span><\/span><\/div>\n<div  class='av-buildercomment  av-blog-meta-html-info-disabled av-blog-meta-tag-disabled  '><\/div>\n","protected":false},"excerpt":{"rendered":"","protected":false},"author":1,"featured_media":31660,"comment_status":"open","ping_status":"open","sticky":false,"template":"","format":"standard","meta":{"footnotes":""},"categories":[49],"tags":[],"class_list":["post-34705","post","type-post","status-publish","format-standard","has-post-thumbnail","hentry","category-educacion"],"jetpack_featured_media_url":"https:\/\/radiorevelacionfm.cl\/wp-content\/uploads\/2023\/06\/Seremi-Isabel-Garrido-1-1.jpg","_links":{"self":[{"href":"https:\/\/radiorevelacionfm.cl\/index.php?rest_route=\/wp\/v2\/posts\/34705","targetHints":{"allow":["GET"]}}],"collection":[{"href":"https:\/\/radiorevelacionfm.cl\/index.php?rest_route=\/wp\/v2\/posts"}],"about":[{"href":"https:\/\/radiorevelacionfm.cl\/index.php?rest_route=\/wp\/v2\/types\/post"}],"author":[{"embeddable":true,"href":"https:\/\/radiorevelacionfm.cl\/index.php?rest_route=\/wp\/v2\/users\/1"}],"replies":[{"embeddable":true,"href":"https:\/\/radiorevelacionfm.cl\/index.php?rest_route=%2Fwp%2Fv2%2Fcomments&post=34705"}],"version-history":[{"count":1,"href":"https:\/\/radiorevelacionfm.cl\/index.php?rest_route=\/wp\/v2\/posts\/34705\/revisions"}],"predecessor-version":[{"id":34706,"href":"https:\/\/radiorevelacionfm.cl\/index.php?rest_route=\/wp\/v2\/posts\/34705\/revisions\/34706"}],"wp:featuredmedia":[{"embeddable":true,"href":"https:\/\/radiorevelacionfm.cl\/index.php?rest_route=\/wp\/v2\/media\/31660"}],"wp:attachment":[{"href":"https:\/\/radiorevelacionfm.cl\/index.php?rest_route=%2Fwp%2Fv2%2Fmedia&parent=34705"}],"wp:term":[{"taxonomy":"category","embeddable":true,"href":"https:\/\/radiorevelacionfm.cl\/index.php?rest_route=%2Fwp%2Fv2%2Fcategories&post=34705"},{"taxonomy":"post_tag","embeddable":true,"href":"https:\/\/radiorevelacionfm.cl\/index.php?rest_route=%2Fwp%2Fv2%2Ftags&post=34705"}],"curies":[{"name":"wp","href":"https:\/\/api.w.org\/{rel}","templated":true}]}}