{"id":34702,"date":"2023-09-06T14:57:19","date_gmt":"2023-09-06T17:57:19","guid":{"rendered":"https:\/\/radiorevelacionfm.cl\/?p=34702"},"modified":"2023-09-06T14:57:19","modified_gmt":"2023-09-06T17:57:19","slug":"calisto-pide-a-ministra-de-desarrollo-social-cumplir-demandas-de-los-trabajadores-de-fosis-que-ya-llevan-mas-de-un-mes-en-paro","status":"publish","type":"post","link":"https:\/\/radiorevelacionfm.cl\/?p=34702","title":{"rendered":"Calisto pide a Ministra de Desarrollo Social cumplir demandas de los trabajadores de Fosis que ya llevan m\u00e1s de un mes en paro"},"content":{"rendered":"<div class=\"flex_column av_one_full  flex_column_div av-zero-column-padding first  avia-builder-el-0  el_before_av_one_full  avia-builder-el-first  \" style='border-radius:0px; '><div  class='avia-image-container  av-styling-    avia-builder-el-1  avia-builder-el-no-sibling  avia-align-center '  itemprop=\"image\" itemscope=\"itemscope\" itemtype=\"https:\/\/schema.org\/ImageObject\"  ><div class='avia-image-container-inner'><div class='avia-image-overlay-wrap'><img decoding=\"async\" class='wp-image-34703 avia-img-lazy-loading-not-34703 avia_image' src=\"https:\/\/radiorevelacionfm.cl\/wp-content\/uploads\/2023\/09\/CALISTO-FOTO-FOSIS-1-1.jpeg\" alt='' title='CALISTO FOTO FOSIS (1) (1)' height=\"600\" width=\"808\"  itemprop=\"thumbnailUrl\" srcset=\"https:\/\/radiorevelacionfm.cl\/wp-content\/uploads\/2023\/09\/CALISTO-FOTO-FOSIS-1-1.jpeg 808w, https:\/\/radiorevelacionfm.cl\/wp-content\/uploads\/2023\/09\/CALISTO-FOTO-FOSIS-1-1-300x223.jpeg 300w, https:\/\/radiorevelacionfm.cl\/wp-content\/uploads\/2023\/09\/CALISTO-FOTO-FOSIS-1-1-768x570.jpeg 768w, https:\/\/radiorevelacionfm.cl\/wp-content\/uploads\/2023\/09\/CALISTO-FOTO-FOSIS-1-1-705x524.jpeg 705w, https:\/\/radiorevelacionfm.cl\/wp-content\/uploads\/2023\/09\/CALISTO-FOTO-FOSIS-1-1-450x334.jpeg 450w, https:\/\/radiorevelacionfm.cl\/wp-content\/uploads\/2023\/09\/CALISTO-FOTO-FOSIS-1-1-600x446.jpeg 600w\" sizes=\"(max-width: 808px) 100vw, 808px\" \/><\/div><\/div><\/div><\/div><div class=\"flex_column av_one_full  flex_column_div av-zero-column-padding first  avia-builder-el-2  el_after_av_one_full  el_before_av_one_full  column-top-margin\" style='border-radius:0px; '><section class=\"av_textblock_section \"  itemscope=\"itemscope\" itemtype=\"https:\/\/schema.org\/BlogPosting\" itemprop=\"blogPost\" ><div class='avia_textblock  '   itemprop=\"text\" ><p style=\"text-align: center;\"><span style=\"font-size: 18pt;\"><b><span lang=\"ES\">Calisto pide a Ministra de Desarrollo Social cumplir demandas de los trabajadores de Fosis que ya llevan m\u00e1s de un mes en paro<\/span><\/b><\/span><\/p>\n<div id=\"gtx-trans\" style=\"position: absolute; left: -50px; top: 4.31534px;\">\n<div class=\"gtx-trans-icon\"><\/div>\n<\/div>\n<\/div><\/section><\/div><div class=\"flex_column av_one_full  flex_column_div av-zero-column-padding first  avia-builder-el-4  el_after_av_one_full  el_before_av_hr  column-top-margin\" style='border-radius:0px; '><section class=\"av_textblock_section \"  itemscope=\"itemscope\" itemtype=\"https:\/\/schema.org\/BlogPosting\" itemprop=\"blogPost\" ><div class='avia_textblock  '   itemprop=\"text\" ><p style=\"font-weight: 400; text-align: justify;\">Ante la indiferencia que ha manifestado el Gobierno con los funcionarios del Fosis, que ya llevan m\u00e1s de un mes en paro, el diputado Miguel \u00c1ngel Calisto envi\u00f3 un oficio a la Ministra de Desarrollo Social, Javiera Toro, pidiendo que se cumplan las demandas de estos trabajadores, las que apuntan principalmente a mejoras laborales.<\/p>\n<p style=\"font-weight: 400; text-align: justify;\">Seg\u00fan el diputado Calisto, \u201cnos reunimos con los trabajadores de Fosis que ya llevan varias semanas paralizados. Ellos est\u00e1n pidiendo principalmente mejoras en sus condiciones laborales, como el traspaso de funcionarios de honorarios a contrata. Lamentablemente, desde este gobierno no han tenido mayores respuestas, a pesar que hab\u00eda compromisos por todas estas demandas\u201d.<\/p>\n<p style=\"font-weight: 400; text-align: justify;\">\u201cEllos se sienten absolutamente abandonados por parte del Estado. Adem\u00e1s, los Gobiernos Regionales les han ido quitando ciertas atribuciones, entreg\u00e1ndoselas a entidades externas, como ha sido el caso de las fundaciones. Esos recursos no llegan al Fosis y terminan llegando a estas entidades, lo que va denigrando a los trabajadores de este servicio\u201d, asegur\u00f3.<\/p>\n<p style=\"font-weight: 400; text-align: justify;\">\u201cEnvi\u00e9 un oficio a la Ministra de Desarrollo Social, Javiera Toro, donde pedimos que se cumplan todas las demandas de estos trabajadores que cumplen una importante labor ayudando a personas y familiares que quieren surgir, que quieren superar la pobreza y tener m\u00e1s y mejores oportunidades\u201d, indic\u00f3 Calisto.<\/p>\n<p style=\"font-weight: 400; text-align: justify;\">\u201cMe parece incre\u00edble que un gobierno que se jacta de apoyar a los trabajadores y a la gente m\u00e1s humilde, sea indiferente a las demandas de estos funcionarios que precisamente ayudan a las personas m\u00e1s necesitadas\u201d, afirm\u00f3 el diputado.<\/p>\n<p style=\"font-weight: 400; text-align: justify;\">Seg\u00fan Artemio Espinoza, dirigente de los trabajadores a contrata del Fosis Ays\u00e9n, \u201cnosotros estamos paralizados desde el 1 de agosto. Le planteamos al diputado Miguel \u00c1ngel Calisto para que interceda por nosotros ante la Ministra recientemente designada para destrabar el problema que nosotros tenemos, que tiene que ver con los compromisos que adquiri\u00f3 nuestro director ejecutivo en noviembre del a\u00f1o pasado\u201d.<\/p>\n<p style=\"font-weight: 400; text-align: justify;\">\u201c\u00c9l se comprometi\u00f3 para que los honorarios pasaran a contrata. Primero se les dijo que si, y a \u00faltima hora se les dijo que no. Lo mismo con el mejoramiento de grado de funcionarios a contrato, que llevan a\u00f1os esper\u00e1ndolo, lo que fue ratificado en abril de este a\u00f1o. Sin embargo, a\u00fan no pasa nada con esto\u201d, se\u00f1al\u00f3.<\/p>\n<p style=\"font-weight: 400; text-align: justify;\">Por su parte, Marcela Santib\u00e1\u00f1ez, vocera del sindicato de trabajadores a honorarios, asegur\u00f3 que \u201cllevamos 37 d\u00edas movilizados, solicitando el pago de distintos derechos, como la deuda del reajuste al sector p\u00fablico. Tambi\u00e9n queremos visibilizar que el costo de vida en Ays\u00e9n es muy caro, y los grados que se nos han ofrecido para el traspaso a contrato son muy bajos, no benefician a los trabajadores\u201d.<\/p>\n<p style=\"font-weight: 400; text-align: justify;\">Finalmente, asegur\u00f3 que \u201cse castiga el hecho de vivir aqu\u00ed, no nos permite tener una remuneraci\u00f3n digna en comparaci\u00f3n con el resto del pa\u00eds, lo que nos parece muy injusto. Esperamos que esto se resuelva pronto con una respuesta favorable, tenemos toda la disponibilidad para volver a trabajar, porque los m\u00e1s perjudicados con la movilizaci\u00f3n son nuestras usuarias y usuarios\u201d.<\/p>\n<\/div><\/section><\/div><div  style='height:50px' class='hr hr-invisible   avia-builder-el-6  el_after_av_one_full  el_before_av_social_share '><span class='hr-inner ' ><span class='hr-inner-style'><\/span><\/span><\/div><\/p>\n<div  class='av-social-sharing-box  avia-builder-el-7  el_after_av_hr  el_before_av_hr  '><div class='av-share-box'><h5 class='av-share-link-description av-no-toc '>Compartir esta noticia<\/h5><ul class='av-share-box-list noLightbox'><li class='av-share-link av-social-link-facebook' ><a target=\"_blank\" aria-label=\"Compartir en Facebook\" href='https:\/\/www.facebook.com\/sharer.php?u=https:\/\/radiorevelacionfm.cl\/?p=34702&#038;t=Calisto%20pide%20a%20Ministra%20de%20Desarrollo%20Social%20cumplir%20demandas%20de%20los%20trabajadores%20de%20Fosis%20que%20ya%20llevan%20m%C3%A1s%20de%20un%20mes%20en%20paro' aria-hidden='false' data-av_icon='\ue8f3' data-av_iconfont='entypo-fontello' title='' data-avia-related-tooltip='Compartir en Facebook' rel=\"noopener\"><span class='avia_hidden_link_text'>Compartir en Facebook<\/span><\/a><\/li><li class='av-share-link av-social-link-twitter' ><a target=\"_blank\" aria-label=\"Compartir en Twitter\" href='https:\/\/twitter.com\/share?text=Calisto%20pide%20a%20Ministra%20de%20Desarrollo%20Social%20cumplir%20demandas%20de%20los%20trabajadores%20de%20Fosis%20que%20ya%20llevan%20m%C3%A1s%20de%20un%20mes%20en%20paro&#038;url=https:\/\/radiorevelacionfm.cl\/?p=34702' aria-hidden='false' data-av_icon='\ue8f1' data-av_iconfont='entypo-fontello' title='' data-avia-related-tooltip='Compartir en Twitter' rel=\"noopener\"><span class='avia_hidden_link_text'>Compartir en Twitter<\/span><\/a><\/li><li class='av-share-link av-social-link-whatsapp' ><a target=\"_blank\" aria-label=\"Compartir en Whatsapp\" href='https:\/\/api.whatsapp.com\/send?text=https:\/\/radiorevelacionfm.cl\/?p=34702' aria-hidden='false' data-av_icon='\uf232' data-av_iconfont='entypo-fontello' title='' data-avia-related-tooltip='Compartir en Whatsapp' rel=\"noopener\"><span class='avia_hidden_link_text'>Compartir en Whatsapp<\/span><\/a><\/li><li class='av-share-link av-social-link-linkedin' ><a target=\"_blank\" aria-label=\"Compartir en LinkedIn\" href='https:\/\/linkedin.com\/shareArticle?mini=true&#038;title=Calisto%20pide%20a%20Ministra%20de%20Desarrollo%20Social%20cumplir%20demandas%20de%20los%20trabajadores%20de%20Fosis%20que%20ya%20llevan%20m%C3%A1s%20de%20un%20mes%20en%20paro&#038;url=https:\/\/radiorevelacionfm.cl\/?p=34702' aria-hidden='false' data-av_icon='\ue8fc' data-av_iconfont='entypo-fontello' title='' data-avia-related-tooltip='Compartir en LinkedIn' rel=\"noopener\"><span class='avia_hidden_link_text'>Compartir en LinkedIn<\/span><\/a><\/li><li class='av-share-link av-social-link-mail' ><a  aria-label=\"Compartir por correo\" href='mailto:?subject=Calisto%20pide%20a%20Ministra%20de%20Desarrollo%20Social%20cumplir%20demandas%20de%20los%20trabajadores%20de%20Fosis%20que%20ya%20llevan%20m%C3%A1s%20de%20un%20mes%20en%20paro&#038;body=https:\/\/radiorevelacionfm.cl\/?p=34702' aria-hidden='false' data-av_icon='\ue805' data-av_iconfont='entypo-fontello' title='' data-avia-related-tooltip='Compartir por correo'><span class='avia_hidden_link_text'>Compartir por correo<\/span><\/a><\/li><\/ul><\/div><\/div>\n<div  style='height:50px' class='hr hr-invisible   avia-builder-el-8  el_after_av_social_share  el_before_av_comments_list '><span class='hr-inner ' ><span class='hr-inner-style'><\/span><\/span><\/div>\n<div  class='av-buildercomment  av-blog-meta-html-info-disabled av-blog-meta-tag-disabled  '><\/div>\n","protected":false},"excerpt":{"rendered":"","protected":false},"author":1,"featured_media":34703,"comment_status":"open","ping_status":"open","sticky":false,"template":"","format":"standard","meta":{"footnotes":""},"categories":[35],"tags":[],"class_list":["post-34702","post","type-post","status-publish","format-standard","has-post-thumbnail","hentry","category-politica"],"jetpack_featured_media_url":"https:\/\/radiorevelacionfm.cl\/wp-content\/uploads\/2023\/09\/CALISTO-FOTO-FOSIS-1-1.jpeg","_links":{"self":[{"href":"https:\/\/radiorevelacionfm.cl\/index.php?rest_route=\/wp\/v2\/posts\/34702","targetHints":{"allow":["GET"]}}],"collection":[{"href":"https:\/\/radiorevelacionfm.cl\/index.php?rest_route=\/wp\/v2\/posts"}],"about":[{"href":"https:\/\/radiorevelacionfm.cl\/index.php?rest_route=\/wp\/v2\/types\/post"}],"author":[{"embeddable":true,"href":"https:\/\/radiorevelacionfm.cl\/index.php?rest_route=\/wp\/v2\/users\/1"}],"replies":[{"embeddable":true,"href":"https:\/\/radiorevelacionfm.cl\/index.php?rest_route=%2Fwp%2Fv2%2Fcomments&post=34702"}],"version-history":[{"count":1,"href":"https:\/\/radiorevelacionfm.cl\/index.php?rest_route=\/wp\/v2\/posts\/34702\/revisions"}],"predecessor-version":[{"id":34704,"href":"https:\/\/radiorevelacionfm.cl\/index.php?rest_route=\/wp\/v2\/posts\/34702\/revisions\/34704"}],"wp:featuredmedia":[{"embeddable":true,"href":"https:\/\/radiorevelacionfm.cl\/index.php?rest_route=\/wp\/v2\/media\/34703"}],"wp:attachment":[{"href":"https:\/\/radiorevelacionfm.cl\/index.php?rest_route=%2Fwp%2Fv2%2Fmedia&parent=34702"}],"wp:term":[{"taxonomy":"category","embeddable":true,"href":"https:\/\/radiorevelacionfm.cl\/index.php?rest_route=%2Fwp%2Fv2%2Fcategories&post=34702"},{"taxonomy":"post_tag","embeddable":true,"href":"https:\/\/radiorevelacionfm.cl\/index.php?rest_route=%2Fwp%2Fv2%2Ftags&post=34702"}],"curies":[{"name":"wp","href":"https:\/\/api.w.org\/{rel}","templated":true}]}}