{"id":34696,"date":"2023-09-06T19:30:33","date_gmt":"2023-09-06T22:30:33","guid":{"rendered":"https:\/\/radiorevelacionfm.cl\/?p=34696"},"modified":"2023-09-06T19:35:20","modified_gmt":"2023-09-06T22:35:20","slug":"fiscalizan-la-figura-de-operador-de-tienda-en-establecimientos-de-supermercados-y-retail-en-la-region","status":"publish","type":"post","link":"https:\/\/radiorevelacionfm.cl\/?p=34696","title":{"rendered":"Fiscalizar\u00e1n la figura de \u00aboperador de tienda\u00bb en establecimientos de supermercados y retail en la regi\u00f3n"},"content":{"rendered":"<div class=\"flex_column av_one_full  flex_column_div av-zero-column-padding first  avia-builder-el-0  el_before_av_one_full  avia-builder-el-first  \" style='border-radius:0px; '><div  class='avia-image-container  av-styling-    avia-builder-el-1  avia-builder-el-no-sibling  avia-align-center '  itemprop=\"image\" itemscope=\"itemscope\" itemtype=\"https:\/\/schema.org\/ImageObject\"  ><div class='avia-image-container-inner'><div class='avia-image-overlay-wrap'><img decoding=\"async\" class='wp-image-34697 avia-img-lazy-loading-not-34697 avia_image' src=\"https:\/\/radiorevelacionfm.cl\/wp-content\/uploads\/2023\/09\/fiscalizacion-dt-multioperador-2-1_optimized-1.jpg\" alt='' title='fiscalizacion-dt-multioperador-2-(1)_optimized (1)' height=\"600\" width=\"1061\"  itemprop=\"thumbnailUrl\" srcset=\"https:\/\/radiorevelacionfm.cl\/wp-content\/uploads\/2023\/09\/fiscalizacion-dt-multioperador-2-1_optimized-1.jpg 1061w, https:\/\/radiorevelacionfm.cl\/wp-content\/uploads\/2023\/09\/fiscalizacion-dt-multioperador-2-1_optimized-1-300x170.jpg 300w, https:\/\/radiorevelacionfm.cl\/wp-content\/uploads\/2023\/09\/fiscalizacion-dt-multioperador-2-1_optimized-1-1030x582.jpg 1030w, https:\/\/radiorevelacionfm.cl\/wp-content\/uploads\/2023\/09\/fiscalizacion-dt-multioperador-2-1_optimized-1-768x434.jpg 768w, https:\/\/radiorevelacionfm.cl\/wp-content\/uploads\/2023\/09\/fiscalizacion-dt-multioperador-2-1_optimized-1-705x399.jpg 705w, https:\/\/radiorevelacionfm.cl\/wp-content\/uploads\/2023\/09\/fiscalizacion-dt-multioperador-2-1_optimized-1-450x254.jpg 450w, https:\/\/radiorevelacionfm.cl\/wp-content\/uploads\/2023\/09\/fiscalizacion-dt-multioperador-2-1_optimized-1-600x339.jpg 600w\" sizes=\"(max-width: 1061px) 100vw, 1061px\" \/><\/div><\/div><\/div><\/div>\n<div class=\"flex_column av_one_full  flex_column_div av-zero-column-padding first  avia-builder-el-2  el_after_av_one_full  el_before_av_one_full  column-top-margin\" style='border-radius:0px; '><section class=\"av_textblock_section \"  itemscope=\"itemscope\" itemtype=\"https:\/\/schema.org\/BlogPosting\" itemprop=\"blogPost\" ><div class='avia_textblock  '   itemprop=\"text\" ><p style=\"text-align: center;\"><strong><span style=\"font-size: 18pt;\">Fiscalizar\u00e1n la figura de \u00aboperador de tienda\u00bb en establecimientos de supermercados y retail en la regi\u00f3n<\/span><\/strong><\/p>\n<div id=\"gtx-trans\" style=\"position: absolute; left: -50px; top: 4.31534px;\">\n<div class=\"gtx-trans-icon\"><\/div>\n<\/div>\n<\/div><\/section><\/div><div class=\"flex_column av_one_full  flex_column_div av-zero-column-padding first  avia-builder-el-4  el_after_av_one_full  el_before_av_hr  column-top-margin\" style='border-radius:0px; '><section class=\"av_textblock_section \"  itemscope=\"itemscope\" itemtype=\"https:\/\/schema.org\/BlogPosting\" itemprop=\"blogPost\" ><div class='avia_textblock  '   itemprop=\"text\" ><p class=\"v1MsoNormal\" style=\"text-align: justify;\">La Direcci\u00f3n Regional del Trabajo (DT) comenz\u00f3 este lunes un programa inspectivo en establecimientos de supermercados y grandes tiendas para fiscalizar la figura del \u00aboperador de tienda\u00bb, una nueva categor\u00eda de trabajadores y trabajadoras con desempe\u00f1os multifuncionales que ha sido impugnada por el servicio inspectivo.<\/p>\n<p class=\"v1MsoNormal\" style=\"text-align: justify;\">Se trata de un programa fiscalizador que en todo el pa\u00eds comprende un total de 461 fiscalizaciones para verificar denuncias hechas por federaciones y sindicatos de las cadenas de supermercados y retail que se oponen a la multifuncionalidad.<\/p>\n<p class=\"v1MsoNormal\" style=\"text-align: justify;\">En esta regi\u00f3n, las fiscalizaciones se extender\u00e1n durante septiembre, abarcando a locales de la cadena Unimarc.<\/p>\n<p class=\"v1MsoNormal\" style=\"text-align: justify;\">El director regional del Trabajo, Christian Aros, explic\u00f3 que\u00a0<i>\u00abEstamos lanzando un programa de fiscalizaci\u00f3n a nivel nacional, que implica la fiscalizaci\u00f3n de 461 tiendas de distintas empresas de retail nacional, para fiscalizar precisamente tres puntos, el m\u00e1s importante relativo a la multi o polifuncionalidad de los trabajadores al interior de las tiendas. Este es el segundo programa que realizamos, el a\u00f1o pasado ya realizamos uno. En nuestra regi\u00f3n corresponde fiscalizar a dos supermercados de una cadena nacional, que son los \u00fanicos que existen en nuestra regi\u00f3n y que, adem\u00e1s del tema de la polifuncionalidad, vamos a estar revisando materias de higiene y seguridad para los trabajadores\u00bb<\/i>.<\/p>\n<p class=\"v1MsoNormal\" style=\"text-align: justify;\">La autoridad record\u00f3 tambi\u00e9n que este programa inspectivo no es el primero aplicado para detectar a trabajadoras y trabajadores obligados a desempe\u00f1ar funciones m\u00faltiples.<\/p>\n<p class=\"v1MsoNormal\" style=\"text-align: justify;\">Por ejemplo, entre abril y mayo pasados, la DT fiscaliz\u00f3 a 105 locales de Administradora de Supermercados Hiper Ltda. y Administradora de Supermercados Express Ltda. de todo el pa\u00eds. Solo en 3 supermercados no se detectaron infracciones. Las inspecciones a nivel nacional culminaron con la aplicaci\u00f3n de 102 sanciones por un total de 6.108 Unidades Tributarias Mensuales (UTM), equivalentes en ese entonces a $386.410.404.<\/p>\n<p class=\"v1MsoNormal\" style=\"text-align: justify;\">Entretanto, el Seremi del Trabajo y Previsi\u00f3n Social, Rodrigo D\u00edaz Cordaro, mencion\u00f3 con respecto a este programa,\u00a0<i>\u00abEste es un programa que yo destaco de la Direcci\u00f3n del Trabajo, que se va a realizar en todo Chile, es fundamental, porque hoy d\u00eda los derechos de los trabajadores nuestro Gobierno est\u00e1 trabajando para que se respeten, para que tengamos efectivamente un trabajo decente para el buen vivir. Por eso esto es importante, porque los trabajadores tienen que saber que funci\u00f3n van a realizar y no estar d\u00eda a d\u00eda, como dijo la dirigenta, viendo qu\u00e9 van a hacer, a d\u00f3nde los van a mandar, eso no corresponde, y eso adem\u00e1s atenta contra la seguridad y salud en el trabajo; as\u00ed es que esto es una gran labor, donde esperamos tener resultados de esta fiscalizaci\u00f3n\u00bb<\/i>.<\/p>\n<p class=\"v1MsoNormal\" style=\"text-align: justify;\"><b>Infracciones denunciadas por los sindicatos<\/b><\/p>\n<p class=\"v1MsoNormal\" style=\"text-align: justify;\">Este programa fue motivado por las denuncias de las organizaciones sindicales -federaciones y sindicatos. Danitza Cort\u00e9s, dirigenta del Sindicato Hipermas de Unimarc, afirm\u00f3,\u00a0<i>\u00abPara nosotros es s\u00faper importante porque vivimos todos los d\u00edas la inseguridad de nuestros compa\u00f1eros, de no saber qu\u00e9 funci\u00f3n van a cumplir, por eso para nosotros es muy importante este programa\u00bb<\/i>.<\/p>\n<p class=\"v1MsoNormal\" style=\"text-align: justify;\">Las denuncias nacionales son las siguientes:<\/p>\n<p style=\"text-align: justify;\">\u00b7\u00a0\u00a0\u00a0\u00a0\u00a0\u00a0\u00a0\u00a0Funciones que desarrollan ciertos cargos que se han incorporado en los \u00faltimos per\u00edodos, tales como \u00aboperador de tienda\u00bb, \u00abomnioperador\u00bb, \u00abmultioperador\u00bb, \u00abasistente omnicanal\u00bb o cualquier otro que involucre la fusi\u00f3n de funciones de dos o m\u00e1s cargos que dan cuenta de la polifuncionalidad.<\/p>\n<p style=\"text-align: justify;\">\u00b7\u00a0\u00a0\u00a0\u00a0\u00a0\u00a0\u00a0\u00a0No tener en uso registro de asistencia respecto de los jefes de secci\u00f3n por parte de cargos de mayor jerarqu\u00eda, especialmente quienes desarrollan funciones de supervisi\u00f3n y\/o jefaturas de \u00e1reas o departamentos.<\/p>\n<p style=\"text-align: justify;\">\u00b7\u00a0\u00a0\u00a0\u00a0\u00a0\u00a0\u00a0\u00a0Pertinencia de prestaci\u00f3n de servicios por parte de empresas de servicios transitorios para efectuar labores de car\u00e1cter permanente en los locales de supermercados y tiendas del retail.<\/p>\n<p class=\"v1MsoNormal\" style=\"text-align: justify;\"><b>Materias fiscalizables<\/b><\/p>\n<p class=\"v1MsoNormal\" style=\"text-align: justify;\">Sobre las materias fiscalizables, el coordinador inspectivo de la DT, Manuel Lillo, asever\u00f3,\u00a0<i>\u00abTiene por objetivo verificar lo que establece el art\u00edculo 10, del C\u00f3digo del Trabajo, que es la naturaleza de los servicios, respecto de las funciones que presta cada trabajador, ya que desde hace un par de a\u00f1os, en las grandes empresas, en el retail, en las grandes cadenas, los supermercados fundamentalmente, han incorporado una pr\u00e1ctica de polifuncionalidad en ellos, lo que hace justamente lo que dec\u00eda la dirigente, no entregar certeza respecto a las funciones que debe cumplir los trabajadores, eso ser\u00eda una infracci\u00f3n y por lo tanto, esa es la materia fundamental que se est\u00e1 fiscalizando\u00bb.<\/i><\/p>\n<p class=\"v1MsoNormal\" style=\"text-align: justify;\">Las materias que est\u00e1n siendo fiscalizadas son:<\/p>\n<p style=\"text-align: justify;\">\u00b7\u00a0\u00a0\u00a0\u00a0\u00a0\u00a0\u00a0\u00a0No especificar en el contrato de trabajo la determinaci\u00f3n precisa de la naturaleza de los servicios.<\/p>\n<p style=\"text-align: justify;\">\u00b7\u00a0\u00a0\u00a0\u00a0\u00a0\u00a0\u00a0\u00a0No llevar registro de asistencia y determinaci\u00f3n de las horas de trabajo.<\/p>\n<p style=\"text-align: justify;\">\u00b7\u00a0\u00a0\u00a0\u00a0\u00a0\u00a0\u00a0\u00a0No consignar por escrito las modificaciones del contrato de trabajo.<\/p>\n<p style=\"text-align: justify;\">\u00b7\u00a0\u00a0\u00a0\u00a0\u00a0\u00a0\u00a0\u00a0Celebrar contratos de trabajo de servicios transitorios con supuestos distintos a los legales.<\/p>\n<p class=\"v1MsoNormal\" style=\"text-align: justify;\"><b>Procedimiento de fiscalizaci\u00f3n<\/b><\/p>\n<p class=\"v1MsoNormal\" style=\"text-align: justify;\">La fiscalizaci\u00f3n comprende entrevistas en sus lugares de trabajo a los trabajadores\/as que, seg\u00fan las denuncias sindicales, han sido obligados a asumir funciones m\u00faltiples y a aquellos que en ese momento est\u00e9n laborando a trav\u00e9s de empresas de servicios transitorios.<\/p>\n<p class=\"v1MsoNormal\" style=\"text-align: justify;\">Asimismo, el acto inspectivo incluye la entrega por parte de la empresa de los anexos de contrato respectivos para cotejar esta informaci\u00f3n documental con la entregada verbalmente por los trabajadores\/as.<\/p>\n<p class=\"v1MsoNormal\" style=\"text-align: justify;\">De detectarse infracciones, se sancionar\u00e1 sin plazo de correcci\u00f3n a las empresas con una multa de hasta 60 Unidades Tributarias Mensuales. En pesos, esto alcanza la suma de $3.807.120 (al valor de septiembre).<\/p>\n<p class=\"v1MsoNormal\" style=\"text-align: justify;\"><b>Pronunciamientos jur\u00eddicos de la DT<\/b><\/p>\n<p class=\"v1MsoNormal\" style=\"text-align: justify;\">El \u00aboperador de tienda\u00bb cumple diversas funciones en los supermercados y tiendas del retail de forma alternada. Por ejemplo, durante un turno puede ser reponedor, en otro, cajero y en uno siguiente, asistente en otra \u00e1rea.<\/p>\n<p class=\"v1MsoNormal\" style=\"text-align: justify;\">Para su implantaci\u00f3n, las cadenas de supermercados y retail que ser\u00e1n fiscalizadas se han basado en el art\u00edculo 10, n\u00famero 3, del C\u00f3digo del Trabajo, que se\u00f1ala que \u00ab&#8230;el contrato podr\u00e1 se\u00f1alar dos o m\u00e1s funciones espec\u00edficas, sean estas alternativas o complementarias\u00bb.<\/p>\n<p class=\"v1MsoNormal\" style=\"text-align: justify;\">La DT se ha pronunciado al respecto mediante ordinarios en respuesta a consultas hechas por las organizaciones sindicales. En sus an\u00e1lisis jur\u00eddicos la conclusi\u00f3n ha sido que \u00abno se ajusta a derecho el cargo denominado &#8216;Operador de Tienda&#8217; (&#8230;) al no otorgar un m\u00ednimo de certeza a los trabajadores acerca de las labores a realizar en el supermercado\u00bb.<\/p>\n<p class=\"v1MsoNormal\" style=\"text-align: justify;\">En el ordinario 1722\u00a0(25.06.2021) sostuvo que la ley establece la obligaci\u00f3n de dar un m\u00ednimo de certeza en favor del trabajador y que la posibilidad de las funciones espec\u00edficas, alternativas o complementarias consideradas en el art\u00edculo 10, n\u00famero 3, del c\u00f3digo laboral, debe darse \u00absiempre dentro del contexto de una \u00fanica naturaleza de servicios determinadas\u00bb y que no puede admitirse \u00abla posibilidad de establecer servicios que correspondan a naturalezas dis\u00edmiles\u00bb.<\/p>\n<p class=\"v1MsoNormal\" style=\"text-align: justify;\">En el ordinario 503 (30.03.2022) se\u00f1al\u00f3 que \u00ab&#8230;tampoco la multiplicidad de funciones pactadas, cumple con el concepto de ser alternativas o complementarias, dado que las labores establecidas en el contrato son tan variadas, que no es posible precisar cu\u00e1les ser\u00edan las alternativas y cu\u00e1les las complementarias, a modo ejemplar, no podemos decir que las labores de aseo y mantenci\u00f3n son complementarias a las de hornear, trozar, moler todo tipo de perecibles\u00bb.<\/p>\n<p class=\"v1MsoNormal\" style=\"text-align: justify;\">Finalmente, en el ordinario 734 (11.05.2022) la DT reitera la doctrina y a\u00f1ade que: \u00ab1) no resulta conforme a derecho que el empleador defina unilateralmente cu\u00e1les son las zonas principales y de apoyo en que el trabajador deber\u00e1 prestar servicios cada mes. 2) No es procedente jur\u00eddicamente que el trabajador pueda ser enviado a ejecutar labores distintas en zonas diferentes del establecimiento, en m\u00e1s de una oportunidad en el mismo d\u00eda. 3) Contraviene a la normativa aplicable que el dependiente pueda ser enviado a ejecutar cualquiera de las labores que se desarrollan en la sala de ventas de los establecimientos del empleador del rubro supermercados\u00bb.<\/p>\n<\/div><\/section><\/div><\/p>\n<div  style='height:50px' class='hr hr-invisible   avia-builder-el-6  el_after_av_one_full  el_before_av_social_share '><span class='hr-inner ' ><span class='hr-inner-style'><\/span><\/span><\/div>\n<div  class='av-social-sharing-box  avia-builder-el-7  el_after_av_hr  el_before_av_hr  '><div class='av-share-box'><h5 class='av-share-link-description av-no-toc '>Compartir esta noticia<\/h5><ul class='av-share-box-list noLightbox'><li class='av-share-link av-social-link-facebook' ><a target=\"_blank\" aria-label=\"Compartir en Facebook\" href='https:\/\/www.facebook.com\/sharer.php?u=https:\/\/radiorevelacionfm.cl\/?p=34696&#038;t=Fiscalizar%C3%A1n%20la%20figura%20de%20%C2%ABoperador%20de%20tienda%C2%BB%20en%20establecimientos%20de%20supermercados%20y%20retail%20en%20la%20regi%C3%B3n' aria-hidden='false' data-av_icon='\ue8f3' data-av_iconfont='entypo-fontello' title='' data-avia-related-tooltip='Compartir en Facebook' rel=\"noopener\"><span class='avia_hidden_link_text'>Compartir en Facebook<\/span><\/a><\/li><li class='av-share-link av-social-link-twitter' ><a target=\"_blank\" aria-label=\"Compartir en Twitter\" href='https:\/\/twitter.com\/share?text=Fiscalizar%C3%A1n%20la%20figura%20de%20%C2%ABoperador%20de%20tienda%C2%BB%20en%20establecimientos%20de%20supermercados%20y%20retail%20en%20la%20regi%C3%B3n&#038;url=https:\/\/radiorevelacionfm.cl\/?p=34696' aria-hidden='false' data-av_icon='\ue8f1' data-av_iconfont='entypo-fontello' title='' data-avia-related-tooltip='Compartir en Twitter' rel=\"noopener\"><span class='avia_hidden_link_text'>Compartir en Twitter<\/span><\/a><\/li><li class='av-share-link av-social-link-whatsapp' ><a target=\"_blank\" aria-label=\"Compartir en Whatsapp\" href='https:\/\/api.whatsapp.com\/send?text=https:\/\/radiorevelacionfm.cl\/?p=34696' aria-hidden='false' data-av_icon='\uf232' data-av_iconfont='entypo-fontello' title='' data-avia-related-tooltip='Compartir en Whatsapp' rel=\"noopener\"><span class='avia_hidden_link_text'>Compartir en Whatsapp<\/span><\/a><\/li><li class='av-share-link av-social-link-linkedin' ><a target=\"_blank\" aria-label=\"Compartir en LinkedIn\" href='https:\/\/linkedin.com\/shareArticle?mini=true&#038;title=Fiscalizar%C3%A1n%20la%20figura%20de%20%C2%ABoperador%20de%20tienda%C2%BB%20en%20establecimientos%20de%20supermercados%20y%20retail%20en%20la%20regi%C3%B3n&#038;url=https:\/\/radiorevelacionfm.cl\/?p=34696' aria-hidden='false' data-av_icon='\ue8fc' data-av_iconfont='entypo-fontello' title='' data-avia-related-tooltip='Compartir en LinkedIn' rel=\"noopener\"><span class='avia_hidden_link_text'>Compartir en LinkedIn<\/span><\/a><\/li><li class='av-share-link av-social-link-mail' ><a  aria-label=\"Compartir por correo\" href='mailto:?subject=Fiscalizar%C3%A1n%20la%20figura%20de%20%C2%ABoperador%20de%20tienda%C2%BB%20en%20establecimientos%20de%20supermercados%20y%20retail%20en%20la%20regi%C3%B3n&#038;body=https:\/\/radiorevelacionfm.cl\/?p=34696' aria-hidden='false' data-av_icon='\ue805' data-av_iconfont='entypo-fontello' title='' data-avia-related-tooltip='Compartir por correo'><span class='avia_hidden_link_text'>Compartir por correo<\/span><\/a><\/li><\/ul><\/div><\/div>\n<div  style='height:50px' class='hr hr-invisible   avia-builder-el-8  el_after_av_social_share  el_before_av_comments_list '><span class='hr-inner ' ><span class='hr-inner-style'><\/span><\/span><\/div>\n<div  class='av-buildercomment  av-blog-meta-html-info-disabled av-blog-meta-tag-disabled  '><\/div>\n","protected":false},"excerpt":{"rendered":"","protected":false},"author":1,"featured_media":34697,"comment_status":"open","ping_status":"open","sticky":false,"template":"","format":"standard","meta":{"footnotes":""},"categories":[56],"tags":[],"class_list":["post-34696","post","type-post","status-publish","format-standard","has-post-thumbnail","hentry","category-trabajo"],"jetpack_featured_media_url":"https:\/\/radiorevelacionfm.cl\/wp-content\/uploads\/2023\/09\/fiscalizacion-dt-multioperador-2-1_optimized-1.jpg","_links":{"self":[{"href":"https:\/\/radiorevelacionfm.cl\/index.php?rest_route=\/wp\/v2\/posts\/34696","targetHints":{"allow":["GET"]}}],"collection":[{"href":"https:\/\/radiorevelacionfm.cl\/index.php?rest_route=\/wp\/v2\/posts"}],"about":[{"href":"https:\/\/radiorevelacionfm.cl\/index.php?rest_route=\/wp\/v2\/types\/post"}],"author":[{"embeddable":true,"href":"https:\/\/radiorevelacionfm.cl\/index.php?rest_route=\/wp\/v2\/users\/1"}],"replies":[{"embeddable":true,"href":"https:\/\/radiorevelacionfm.cl\/index.php?rest_route=%2Fwp%2Fv2%2Fcomments&post=34696"}],"version-history":[{"count":2,"href":"https:\/\/radiorevelacionfm.cl\/index.php?rest_route=\/wp\/v2\/posts\/34696\/revisions"}],"predecessor-version":[{"id":34731,"href":"https:\/\/radiorevelacionfm.cl\/index.php?rest_route=\/wp\/v2\/posts\/34696\/revisions\/34731"}],"wp:featuredmedia":[{"embeddable":true,"href":"https:\/\/radiorevelacionfm.cl\/index.php?rest_route=\/wp\/v2\/media\/34697"}],"wp:attachment":[{"href":"https:\/\/radiorevelacionfm.cl\/index.php?rest_route=%2Fwp%2Fv2%2Fmedia&parent=34696"}],"wp:term":[{"taxonomy":"category","embeddable":true,"href":"https:\/\/radiorevelacionfm.cl\/index.php?rest_route=%2Fwp%2Fv2%2Fcategories&post=34696"},{"taxonomy":"post_tag","embeddable":true,"href":"https:\/\/radiorevelacionfm.cl\/index.php?rest_route=%2Fwp%2Fv2%2Ftags&post=34696"}],"curies":[{"name":"wp","href":"https:\/\/api.w.org\/{rel}","templated":true}]}}