{"id":34693,"date":"2023-09-06T14:42:41","date_gmt":"2023-09-06T17:42:41","guid":{"rendered":"https:\/\/radiorevelacionfm.cl\/?p=34693"},"modified":"2023-09-06T14:42:41","modified_gmt":"2023-09-06T17:42:41","slug":"seremi-de-las-culturas-firma-agenda-de-desarrollo-cultural-comunal-con-municipalidad-de-guaitecas","status":"publish","type":"post","link":"https:\/\/radiorevelacionfm.cl\/?p=34693","title":{"rendered":"Seremi de las Culturas firma Agenda de Desarrollo Cultural Comunal con Municipalidad de Guaitecas"},"content":{"rendered":"<div class=\"flex_column av_one_full  flex_column_div av-zero-column-padding first  avia-builder-el-0  el_before_av_one_full  avia-builder-el-first  \" style='border-radius:0px; '><div  class='avia-image-container  av-styling-    avia-builder-el-1  avia-builder-el-no-sibling  avia-align-center '  itemprop=\"image\" itemscope=\"itemscope\" itemtype=\"https:\/\/schema.org\/ImageObject\"  ><div class='avia-image-container-inner'><div class='avia-image-overlay-wrap'><img decoding=\"async\" class='wp-image-34694 avia-img-lazy-loading-not-34694 avia_image' src=\"https:\/\/radiorevelacionfm.cl\/wp-content\/uploads\/2023\/09\/Firma-Agenda-Seremi-Felipe-Quiroz-y-alcalde-Marcos-Silva-1-1.jpg\" alt='' title='Firma Agenda - Seremi Felipe Quiroz y alcalde Marcos Silva (1) (1)' height=\"600\" width=\"900\"  itemprop=\"thumbnailUrl\" srcset=\"https:\/\/radiorevelacionfm.cl\/wp-content\/uploads\/2023\/09\/Firma-Agenda-Seremi-Felipe-Quiroz-y-alcalde-Marcos-Silva-1-1.jpg 900w, https:\/\/radiorevelacionfm.cl\/wp-content\/uploads\/2023\/09\/Firma-Agenda-Seremi-Felipe-Quiroz-y-alcalde-Marcos-Silva-1-1-300x200.jpg 300w, https:\/\/radiorevelacionfm.cl\/wp-content\/uploads\/2023\/09\/Firma-Agenda-Seremi-Felipe-Quiroz-y-alcalde-Marcos-Silva-1-1-768x512.jpg 768w, https:\/\/radiorevelacionfm.cl\/wp-content\/uploads\/2023\/09\/Firma-Agenda-Seremi-Felipe-Quiroz-y-alcalde-Marcos-Silva-1-1-705x470.jpg 705w, https:\/\/radiorevelacionfm.cl\/wp-content\/uploads\/2023\/09\/Firma-Agenda-Seremi-Felipe-Quiroz-y-alcalde-Marcos-Silva-1-1-450x300.jpg 450w, https:\/\/radiorevelacionfm.cl\/wp-content\/uploads\/2023\/09\/Firma-Agenda-Seremi-Felipe-Quiroz-y-alcalde-Marcos-Silva-1-1-600x400.jpg 600w\" sizes=\"(max-width: 900px) 100vw, 900px\" \/><\/div><\/div><\/div><\/div><div class=\"flex_column av_one_full  flex_column_div av-zero-column-padding first  avia-builder-el-2  el_after_av_one_full  el_before_av_one_full  column-top-margin\" style='border-radius:0px; '><section class=\"av_textblock_section \"  itemscope=\"itemscope\" itemtype=\"https:\/\/schema.org\/BlogPosting\" itemprop=\"blogPost\" ><div class='avia_textblock  '   itemprop=\"text\" ><p style=\"text-align: center;\"><span style=\"font-size: 18pt;\"><strong>Seremi de las Culturas firma Agenda de Desarrollo Cultural Comunal con Municipalidad de Guaitecas<\/strong><\/span><\/p>\n<div id=\"gtx-trans\" style=\"position: absolute; left: -50px; top: 4.31534px;\">\n<div class=\"gtx-trans-icon\"><\/div>\n<\/div>\n<\/div><\/section><\/div><div class=\"flex_column av_one_full  flex_column_div av-zero-column-padding first  avia-builder-el-4  el_after_av_one_full  el_before_av_hr  column-top-margin\" style='border-radius:0px; '><section class=\"av_textblock_section \"  itemscope=\"itemscope\" itemtype=\"https:\/\/schema.org\/BlogPosting\" itemprop=\"blogPost\" ><div class='avia_textblock  '   itemprop=\"text\" ><p style=\"text-align: justify;\"><em>Antes de concluir el a\u00f1o, Guaitecas ser\u00e1 punto neur\u00e1lgico de las artes tras validaci\u00f3n del Plan Municipal de Cultura, la suscripci\u00f3n de la Agenda de Desarrollo Cultural Comunal y el Encuentro Regional.<\/em><\/p>\n<p style=\"text-align: justify;\">El programa Red Cultura de la Seremi de las Culturas Ays\u00e9n contin\u00faa su compromiso con el tejido comunitario y gobiernos locales a meses de concretarse el Encuentro Regional en Melinka, luego de firmar con la Municipalidad de Guaitecas la Agenda de Desarrollo Cultural Comunal en Coyhaique.<\/p>\n<p style=\"text-align: justify;\">El hito fortalece la gesti\u00f3n de ambas instituciones como garantes e intermediarios en el acceso a los lenguajes art\u00edsticos, la producci\u00f3n simb\u00f3lica de pr\u00e1cticas patrimoniales y acuerdos intersectoriales para promover la participaci\u00f3n ciudadana, el respeto por las culturas vivas y la descentralizaci\u00f3n de las pol\u00edticas p\u00fablicas desde localidades insulares.<\/p>\n<p style=\"text-align: justify;\">\u201cLa Ilustre Municipalidad de Guaitecas ha demostrado un inter\u00e9s genuino por desarrollar y gestionar el acervo cultural, art\u00edstico y patrimonial de su comuna, es por ello que hemos suscrito una Agenda Cultural\u201d, sostuvo el seremi de Culturas Ays\u00e9n, Felipe Quiroz en relaci\u00f3n a los trabajos mancomunados con las casas edilicias que involucran herramientas de planificaci\u00f3n territorial y el fortalecimiento en base a una mirada transformadora.<\/p>\n<p style=\"text-align: justify;\">El convenio contempla la implementaci\u00f3n del Plan Municipal de Cultura (PMC), recientemente validado por la comunidad y el Concejo Municipal en abril, la disposici\u00f3n de una persona con dedicaci\u00f3n exclusiva para el \u00e1mbito de cultura, el compromiso de avanzar progresivamente hacia una inversi\u00f3n m\u00ednima del 2% en el presupuesto anual municipal que garantice la adecuada cobertura del PMC, adem\u00e1s de reuniones anuales entre instituciones.<\/p>\n<p style=\"text-align: justify;\">\u00abPara la Municipalidad de Guaitecas firmar la Agenda de Desarrollo Cultural Comunal significa un gran desaf\u00edo, que lo hemos asumido con mucha responsabilidad, creando este a\u00f1o la Unidad de Cultura del municipio, a cargo de Samir Barrientos y organizar desde all\u00ed todas las actividades de promoci\u00f3n cultural de la comuna\u201d, manifest\u00f3 el alcalde Marcos Silva. Y agreg\u00f3 en esa l\u00ednea la significancia del convenio al permitir la gesti\u00f3n de recursos destinados a acercar las culturas y las artes a los habitantes, esto con especial \u00e9nfasis en las ra\u00edces e historias de Guaitecas.<\/p>\n<p style=\"text-align: justify;\">A la agenda se a\u00f1aden los esfuerzos log\u00edsticos y de coordinaci\u00f3n para efectuar el 30 de noviembre, 1 y 2 de diciembre el Encuentro Regional en Melinka, que contar\u00e1 con una comitiva de 30 representantes de agrupaciones culturales, encargados de espacios art\u00edsticos, autoridades y parte del equipo de la Corporaci\u00f3n Arte y Vida que desde mayo brindan una capacitaci\u00f3n en planes de gesti\u00f3n a agentes de las 10 comunas de Ays\u00e9n.<\/p>\n<p style=\"text-align: justify;\">\u201cTenemos intencionado que el Encuentro Regional de organizaciones culturales comunitarias, y adem\u00e1s el festival mar\u00edtimo con el cual se va a efectuar el cierre de \u00e9sta, se desarrolle en Guaitecas, porque creemos que es importante no simplemente dar se\u00f1ales, sino estar presente en los territorios donde el Estado siempre se requiere\u201d, a\u00f1adi\u00f3 Quiroz.<\/p>\n<p style=\"text-align: justify;\">Para finalizar, el alcalde Silva complement\u00f3: \u201cGuaitecas es la comunidad m\u00e1s antigua de la regi\u00f3n y sin duda tenemos expresiones muy distintas a las de otras comunas de la regi\u00f3n y tambi\u00e9n queremos mostrar eso, la diversidad y riqueza de nuestra cultura, ligada siempre al mar\u201d.<\/p>\n<\/div><\/section><\/div><div  style='height:50px' class='hr hr-invisible   avia-builder-el-6  el_after_av_one_full  el_before_av_social_share '><span class='hr-inner ' ><span class='hr-inner-style'><\/span><\/span><\/div><\/p>\n<div  class='av-social-sharing-box  avia-builder-el-7  el_after_av_hr  el_before_av_hr  '><div class='av-share-box'><h5 class='av-share-link-description av-no-toc '>Compartir esta noticia<\/h5><ul class='av-share-box-list noLightbox'><li class='av-share-link av-social-link-facebook' ><a target=\"_blank\" aria-label=\"Compartir en Facebook\" href='https:\/\/www.facebook.com\/sharer.php?u=https:\/\/radiorevelacionfm.cl\/?p=34693&#038;t=Seremi%20de%20las%20Culturas%20firma%20Agenda%20de%20Desarrollo%20Cultural%20Comunal%20con%20Municipalidad%20de%20Guaitecas' aria-hidden='false' data-av_icon='\ue8f3' data-av_iconfont='entypo-fontello' title='' data-avia-related-tooltip='Compartir en Facebook' rel=\"noopener\"><span class='avia_hidden_link_text'>Compartir en Facebook<\/span><\/a><\/li><li class='av-share-link av-social-link-twitter' ><a target=\"_blank\" aria-label=\"Compartir en Twitter\" href='https:\/\/twitter.com\/share?text=Seremi%20de%20las%20Culturas%20firma%20Agenda%20de%20Desarrollo%20Cultural%20Comunal%20con%20Municipalidad%20de%20Guaitecas&#038;url=https:\/\/radiorevelacionfm.cl\/?p=34693' aria-hidden='false' data-av_icon='\ue8f1' data-av_iconfont='entypo-fontello' title='' data-avia-related-tooltip='Compartir en Twitter' rel=\"noopener\"><span class='avia_hidden_link_text'>Compartir en Twitter<\/span><\/a><\/li><li class='av-share-link av-social-link-whatsapp' ><a target=\"_blank\" aria-label=\"Compartir en Whatsapp\" href='https:\/\/api.whatsapp.com\/send?text=https:\/\/radiorevelacionfm.cl\/?p=34693' aria-hidden='false' data-av_icon='\uf232' data-av_iconfont='entypo-fontello' title='' data-avia-related-tooltip='Compartir en Whatsapp' rel=\"noopener\"><span class='avia_hidden_link_text'>Compartir en Whatsapp<\/span><\/a><\/li><li class='av-share-link av-social-link-linkedin' ><a target=\"_blank\" aria-label=\"Compartir en LinkedIn\" href='https:\/\/linkedin.com\/shareArticle?mini=true&#038;title=Seremi%20de%20las%20Culturas%20firma%20Agenda%20de%20Desarrollo%20Cultural%20Comunal%20con%20Municipalidad%20de%20Guaitecas&#038;url=https:\/\/radiorevelacionfm.cl\/?p=34693' aria-hidden='false' data-av_icon='\ue8fc' data-av_iconfont='entypo-fontello' title='' data-avia-related-tooltip='Compartir en LinkedIn' rel=\"noopener\"><span class='avia_hidden_link_text'>Compartir en LinkedIn<\/span><\/a><\/li><li class='av-share-link av-social-link-mail' ><a  aria-label=\"Compartir por correo\" href='mailto:?subject=Seremi%20de%20las%20Culturas%20firma%20Agenda%20de%20Desarrollo%20Cultural%20Comunal%20con%20Municipalidad%20de%20Guaitecas&#038;body=https:\/\/radiorevelacionfm.cl\/?p=34693' aria-hidden='false' data-av_icon='\ue805' data-av_iconfont='entypo-fontello' title='' data-avia-related-tooltip='Compartir por correo'><span class='avia_hidden_link_text'>Compartir por correo<\/span><\/a><\/li><\/ul><\/div><\/div>\n<div  style='height:50px' class='hr hr-invisible   avia-builder-el-8  el_after_av_social_share  el_before_av_comments_list '><span class='hr-inner ' ><span class='hr-inner-style'><\/span><\/span><\/div>\n<div  class='av-buildercomment  av-blog-meta-html-info-disabled av-blog-meta-tag-disabled  '><\/div>\n","protected":false},"excerpt":{"rendered":"","protected":false},"author":1,"featured_media":34694,"comment_status":"open","ping_status":"open","sticky":false,"template":"","format":"standard","meta":{"footnotes":""},"categories":[52],"tags":[],"class_list":["post-34693","post","type-post","status-publish","format-standard","has-post-thumbnail","hentry","category-cultura"],"jetpack_featured_media_url":"https:\/\/radiorevelacionfm.cl\/wp-content\/uploads\/2023\/09\/Firma-Agenda-Seremi-Felipe-Quiroz-y-alcalde-Marcos-Silva-1-1.jpg","_links":{"self":[{"href":"https:\/\/radiorevelacionfm.cl\/index.php?rest_route=\/wp\/v2\/posts\/34693","targetHints":{"allow":["GET"]}}],"collection":[{"href":"https:\/\/radiorevelacionfm.cl\/index.php?rest_route=\/wp\/v2\/posts"}],"about":[{"href":"https:\/\/radiorevelacionfm.cl\/index.php?rest_route=\/wp\/v2\/types\/post"}],"author":[{"embeddable":true,"href":"https:\/\/radiorevelacionfm.cl\/index.php?rest_route=\/wp\/v2\/users\/1"}],"replies":[{"embeddable":true,"href":"https:\/\/radiorevelacionfm.cl\/index.php?rest_route=%2Fwp%2Fv2%2Fcomments&post=34693"}],"version-history":[{"count":1,"href":"https:\/\/radiorevelacionfm.cl\/index.php?rest_route=\/wp\/v2\/posts\/34693\/revisions"}],"predecessor-version":[{"id":34695,"href":"https:\/\/radiorevelacionfm.cl\/index.php?rest_route=\/wp\/v2\/posts\/34693\/revisions\/34695"}],"wp:featuredmedia":[{"embeddable":true,"href":"https:\/\/radiorevelacionfm.cl\/index.php?rest_route=\/wp\/v2\/media\/34694"}],"wp:attachment":[{"href":"https:\/\/radiorevelacionfm.cl\/index.php?rest_route=%2Fwp%2Fv2%2Fmedia&parent=34693"}],"wp:term":[{"taxonomy":"category","embeddable":true,"href":"https:\/\/radiorevelacionfm.cl\/index.php?rest_route=%2Fwp%2Fv2%2Fcategories&post=34693"},{"taxonomy":"post_tag","embeddable":true,"href":"https:\/\/radiorevelacionfm.cl\/index.php?rest_route=%2Fwp%2Fv2%2Ftags&post=34693"}],"curies":[{"name":"wp","href":"https:\/\/api.w.org\/{rel}","templated":true}]}}