{"id":3469,"date":"2021-04-23T20:37:24","date_gmt":"2021-04-23T23:37:24","guid":{"rendered":"https:\/\/radiorevelacionfm.cl\/?p=3469"},"modified":"2021-04-23T20:58:01","modified_gmt":"2021-04-23T23:58:01","slug":"carabineros-de-cochrane-indaga-invernadero-con-plantas-de-marihuana-en-predio-particular","status":"publish","type":"post","link":"https:\/\/radiorevelacionfm.cl\/?p=3469","title":{"rendered":"Carabineros de Cochrane indaga invernadero con plantas de marihuana en predio particular"},"content":{"rendered":"<div class=\"flex_column av_one_full  flex_column_div av-zero-column-padding first  avia-builder-el-0  el_before_av_one_full  avia-builder-el-first  \" style='border-radius:0px; '><div  class='avia-image-container  av-styling-    avia-builder-el-1  avia-builder-el-no-sibling  avia-align-center '  itemprop=\"image\" itemscope=\"itemscope\" itemtype=\"https:\/\/schema.org\/ImageObject\"  ><div class='avia-image-container-inner'><div class='avia-image-overlay-wrap'><img decoding=\"async\" class='wp-image-0 avia-img-lazy-loading-not-0 avia_image' src=\"https:\/\/radiorevelacionfm.cl\/wp-content\/uploads\/2021\/04\/c_cochrane2-1_optimized.jpg\" alt='' title=''   itemprop=\"thumbnailUrl\"  \/><\/div><\/div><\/div><\/div><div class=\"flex_column av_one_full  flex_column_div av-zero-column-padding first  avia-builder-el-2  el_after_av_one_full  el_before_av_one_full  column-top-margin\" style='border-radius:0px; '><section class=\"av_textblock_section \"  itemscope=\"itemscope\" itemtype=\"https:\/\/schema.org\/BlogPosting\" itemprop=\"blogPost\" ><div class='avia_textblock  '   itemprop=\"text\" ><p style=\"text-align: center;\"><span style=\"font-size: 18pt;\"><strong>Carabineros de Cochrane indaga invernadero con plantas de marihuana en predio particular<\/strong><\/span><\/p>\n<div id=\"gtx-trans\" style=\"position: absolute; left: -50px; top: 4.31534px;\">\n<div class=\"gtx-trans-icon\"><\/div>\n<\/div>\n<\/div><\/section><\/div><\/p>\n<div class=\"flex_column av_one_full  flex_column_div av-zero-column-padding first  avia-builder-el-4  el_after_av_one_full  el_before_av_hr  column-top-margin\" style='border-radius:0px; '><section class=\"av_textblock_section \"  itemscope=\"itemscope\" itemtype=\"https:\/\/schema.org\/BlogPosting\" itemprop=\"blogPost\" ><div class='avia_textblock  '   itemprop=\"text\" ><p class=\"v1MsoNormal\" style=\"text-align: justify;\">Se trata de vegetales en proceso de desarrollo ubicadas en el subsuelo, las cuales estaban cubiertas por un nylon y oculto entre \u00e1rboles y matorrales. Los antecedentes del procedimiento fueron informados a la Fiscal\u00eda, en tanto que las diligencias est\u00e1n a cargo de personal especializado de la S.I.P.<\/p>\n<p class=\"v1MsoNormal\" style=\"text-align: justify;\">La oportuna denuncia por parte de un residente sobre la presencia de un aparente cultivo de plantas de marihuana al interior de un invernadero artesanal, motiv\u00f3 la concurrencia por parte de Carabineros de la 4ta. Comisar\u00eda Cochrane (F) hasta un predio particular de esta comuna, logrando ratificar el hecho informado.<\/p>\n<p class=\"v1MsoNormal\" style=\"text-align: justify;\">El Teniente Diego Lira Benza, Subcomisario Administrativo de esta Unidad, se\u00f1al\u00f3 que un lugare\u00f1o advirti\u00f3 al personal que tras recorrer uno de sus campos ubicado a unos cinco minutos del sector urbano, se percat\u00f3 de la presencia de este invernadero instalado de manera clandestina e ilegal al interior de su propiedad.<\/p>\n<p class=\"v1MsoNormal\" style=\"text-align: justify;\">\u00ab\u00c9l nos inform\u00f3 que en uno de sus predios, observ\u00f3 entre unos \u00e1rboles y matorrales, un invernadero en el subsuelo, el cual estaba cubierto por una lona pl\u00e1stica y en el interior exist\u00edan distintos baldes, que conten\u00edan cinco plantas que hasta el momento parec\u00edan ser de cannabis sativa\u00bb.<\/p>\n<p class=\"v1MsoNormal\" style=\"text-align: justify;\">Frente a lo anterior Carabineros de la Secci\u00f3n de Investigaci\u00f3n Policial (S.I.P) de esta Unidad fronteriza se traslad\u00f3 al lugar, pudiendo constatar la veracidad del hecho.<\/p>\n<p class=\"v1MsoNormal\" style=\"text-align: justify;\">\u00abMediante pruebas t\u00e9cnicas y cient\u00edficas, lograron corroborar que efectivamente las plantas correspond\u00edan a cannabis sativa. Se procedi\u00f3 al decomiso, a la toma de declaraciones y a la denuncia correspondiente ante el Ministerio P\u00fablico\u00bb, expres\u00f3 el Oficial.<\/p>\n<p class=\"v1MsoNormal\" style=\"text-align: justify;\">Asimismo el Teniente Lira resalt\u00f3 las buenas relaciones existentes entre Carabineros de la 4ta. Comisar\u00eda de Cochrane (F) y la comunidad, lo cual se tradujo en una denuncia oportuna que posibilit\u00f3 una pronta intervenci\u00f3n por parte del personal.<\/p>\n<p class=\"v1MsoNormal\" style=\"text-align: justify;\">Hasta el cierre de esta edici\u00f3n, contin\u00faan las diligencias en coordinaci\u00f3n con la Fiscal\u00eda con la finalidad de establecer y dar con el o los responsable de este cultivo ilegal en el sur de la regi\u00f3n de Ays\u00e9n.<\/p>\n<\/div><\/section><\/div>\n<div  style='height:50px' class='hr hr-invisible   avia-builder-el-6  el_after_av_one_full  el_before_av_social_share '><span class='hr-inner ' ><span class='hr-inner-style'><\/span><\/span><\/div>\n<div  class='av-social-sharing-box  avia-builder-el-7  el_after_av_hr  el_before_av_hr  '><div class='av-share-box'><h5 class='av-share-link-description av-no-toc '>Compartir esta noticia<\/h5><ul class='av-share-box-list noLightbox'><li class='av-share-link av-social-link-facebook' ><a target=\"_blank\" aria-label=\"Compartir en Facebook\" href='https:\/\/www.facebook.com\/sharer.php?u=https:\/\/radiorevelacionfm.cl\/?p=3469&#038;t=Carabineros%20de%20Cochrane%20indaga%20invernadero%20con%20plantas%20de%20marihuana%20en%20predio%20particular' aria-hidden='false' data-av_icon='\ue8f3' data-av_iconfont='entypo-fontello' title='' data-avia-related-tooltip='Compartir en Facebook' rel=\"noopener\"><span class='avia_hidden_link_text'>Compartir en Facebook<\/span><\/a><\/li><li class='av-share-link av-social-link-twitter' ><a target=\"_blank\" aria-label=\"Compartir en Twitter\" href='https:\/\/twitter.com\/share?text=Carabineros%20de%20Cochrane%20indaga%20invernadero%20con%20plantas%20de%20marihuana%20en%20predio%20particular&#038;url=https:\/\/radiorevelacionfm.cl\/?p=3469' aria-hidden='false' data-av_icon='\ue8f1' data-av_iconfont='entypo-fontello' title='' data-avia-related-tooltip='Compartir en Twitter' rel=\"noopener\"><span class='avia_hidden_link_text'>Compartir en Twitter<\/span><\/a><\/li><li class='av-share-link av-social-link-whatsapp' ><a target=\"_blank\" aria-label=\"Compartir en Whatsapp\" href='https:\/\/api.whatsapp.com\/send?text=https:\/\/radiorevelacionfm.cl\/?p=3469' aria-hidden='false' data-av_icon='\uf232' data-av_iconfont='entypo-fontello' title='' data-avia-related-tooltip='Compartir en Whatsapp' rel=\"noopener\"><span class='avia_hidden_link_text'>Compartir en Whatsapp<\/span><\/a><\/li><li class='av-share-link av-social-link-linkedin' ><a target=\"_blank\" aria-label=\"Compartir en LinkedIn\" href='https:\/\/linkedin.com\/shareArticle?mini=true&#038;title=Carabineros%20de%20Cochrane%20indaga%20invernadero%20con%20plantas%20de%20marihuana%20en%20predio%20particular&#038;url=https:\/\/radiorevelacionfm.cl\/?p=3469' aria-hidden='false' data-av_icon='\ue8fc' data-av_iconfont='entypo-fontello' title='' data-avia-related-tooltip='Compartir en LinkedIn' rel=\"noopener\"><span class='avia_hidden_link_text'>Compartir en LinkedIn<\/span><\/a><\/li><li class='av-share-link av-social-link-mail' ><a  aria-label=\"Compartir por correo\" href='mailto:?subject=Carabineros%20de%20Cochrane%20indaga%20invernadero%20con%20plantas%20de%20marihuana%20en%20predio%20particular&#038;body=https:\/\/radiorevelacionfm.cl\/?p=3469' aria-hidden='false' data-av_icon='\ue805' data-av_iconfont='entypo-fontello' title='' data-avia-related-tooltip='Compartir por correo'><span class='avia_hidden_link_text'>Compartir por correo<\/span><\/a><\/li><\/ul><\/div><\/div>\n<div  style='height:50px' class='hr hr-invisible   avia-builder-el-8  el_after_av_social_share  el_before_av_comments_list '><span class='hr-inner ' ><span class='hr-inner-style'><\/span><\/span><\/div>\n<div  class='av-buildercomment  av-blog-meta-html-info-disabled av-blog-meta-tag-disabled  '><\/div>\n","protected":false},"excerpt":{"rendered":"","protected":false},"author":1,"featured_media":0,"comment_status":"open","ping_status":"open","sticky":false,"template":"","format":"standard","meta":{"footnotes":""},"categories":[36],"tags":[],"class_list":["post-3469","post","type-post","status-publish","format-standard","hentry","category-policial"],"jetpack_featured_media_url":"","_links":{"self":[{"href":"https:\/\/radiorevelacionfm.cl\/index.php?rest_route=\/wp\/v2\/posts\/3469","targetHints":{"allow":["GET"]}}],"collection":[{"href":"https:\/\/radiorevelacionfm.cl\/index.php?rest_route=\/wp\/v2\/posts"}],"about":[{"href":"https:\/\/radiorevelacionfm.cl\/index.php?rest_route=\/wp\/v2\/types\/post"}],"author":[{"embeddable":true,"href":"https:\/\/radiorevelacionfm.cl\/index.php?rest_route=\/wp\/v2\/users\/1"}],"replies":[{"embeddable":true,"href":"https:\/\/radiorevelacionfm.cl\/index.php?rest_route=%2Fwp%2Fv2%2Fcomments&post=3469"}],"version-history":[{"count":4,"href":"https:\/\/radiorevelacionfm.cl\/index.php?rest_route=\/wp\/v2\/posts\/3469\/revisions"}],"predecessor-version":[{"id":3476,"href":"https:\/\/radiorevelacionfm.cl\/index.php?rest_route=\/wp\/v2\/posts\/3469\/revisions\/3476"}],"wp:attachment":[{"href":"https:\/\/radiorevelacionfm.cl\/index.php?rest_route=%2Fwp%2Fv2%2Fmedia&parent=3469"}],"wp:term":[{"taxonomy":"category","embeddable":true,"href":"https:\/\/radiorevelacionfm.cl\/index.php?rest_route=%2Fwp%2Fv2%2Fcategories&post=3469"},{"taxonomy":"post_tag","embeddable":true,"href":"https:\/\/radiorevelacionfm.cl\/index.php?rest_route=%2Fwp%2Fv2%2Ftags&post=3469"}],"curies":[{"name":"wp","href":"https:\/\/api.w.org\/{rel}","templated":true}]}}