{"id":34687,"date":"2023-09-06T12:23:12","date_gmt":"2023-09-06T15:23:12","guid":{"rendered":"https:\/\/radiorevelacionfm.cl\/?p=34687"},"modified":"2023-09-06T12:23:12","modified_gmt":"2023-09-06T15:23:12","slug":"realizan-dialogo-ciudadano-con-personas-mayores-en-villa-manihuales","status":"publish","type":"post","link":"https:\/\/radiorevelacionfm.cl\/?p=34687","title":{"rendered":"Realizan Di\u00e1logo Ciudadano con personas mayores en Villa Ma\u00f1ihuales"},"content":{"rendered":"<div class=\"flex_column av_one_full  flex_column_div av-zero-column-padding first  avia-builder-el-0  el_before_av_one_full  avia-builder-el-first  \" style='border-radius:0px; '><div  class='avia-image-container  av-styling-    avia-builder-el-1  avia-builder-el-no-sibling  avia-align-center '  itemprop=\"image\" itemscope=\"itemscope\" itemtype=\"https:\/\/schema.org\/ImageObject\"  ><div class='avia-image-container-inner'><div class='avia-image-overlay-wrap'><img decoding=\"async\" class='wp-image-34688 avia-img-lazy-loading-not-34688 avia_image' src=\"https:\/\/radiorevelacionfm.cl\/wp-content\/uploads\/2023\/09\/mnihuales1-4-1_optimized-1.jpeg\" alt='' title='m\u00f1ihuales1-(4)-(1)_optimized (1)' height=\"600\" width=\"1333\"  itemprop=\"thumbnailUrl\" srcset=\"https:\/\/radiorevelacionfm.cl\/wp-content\/uploads\/2023\/09\/mnihuales1-4-1_optimized-1.jpeg 1333w, https:\/\/radiorevelacionfm.cl\/wp-content\/uploads\/2023\/09\/mnihuales1-4-1_optimized-1-300x135.jpeg 300w, https:\/\/radiorevelacionfm.cl\/wp-content\/uploads\/2023\/09\/mnihuales1-4-1_optimized-1-1030x464.jpeg 1030w, https:\/\/radiorevelacionfm.cl\/wp-content\/uploads\/2023\/09\/mnihuales1-4-1_optimized-1-768x346.jpeg 768w, https:\/\/radiorevelacionfm.cl\/wp-content\/uploads\/2023\/09\/mnihuales1-4-1_optimized-1-705x317.jpeg 705w, https:\/\/radiorevelacionfm.cl\/wp-content\/uploads\/2023\/09\/mnihuales1-4-1_optimized-1-450x203.jpeg 450w, https:\/\/radiorevelacionfm.cl\/wp-content\/uploads\/2023\/09\/mnihuales1-4-1_optimized-1-600x270.jpeg 600w\" sizes=\"(max-width: 1333px) 100vw, 1333px\" \/><\/div><\/div><\/div><\/div><div class=\"flex_column av_one_full  flex_column_div av-zero-column-padding first  avia-builder-el-2  el_after_av_one_full  el_before_av_one_full  column-top-margin\" style='border-radius:0px; '><section class=\"av_textblock_section \"  itemscope=\"itemscope\" itemtype=\"https:\/\/schema.org\/BlogPosting\" itemprop=\"blogPost\" ><div class='avia_textblock  '   itemprop=\"text\" ><p style=\"text-align: center;\"><strong><span style=\"font-size: 18pt;\">Realizan Di\u00e1logo Ciudadano con personas mayores en Villa Ma\u00f1ihuales<\/span><\/strong><\/p>\n<div id=\"gtx-trans\" style=\"position: absolute; left: -50px; top: 4.31534px;\">\n<div class=\"gtx-trans-icon\"><\/div>\n<\/div>\n<\/div><\/section><\/div><div class=\"flex_column av_one_full  flex_column_div av-zero-column-padding first  avia-builder-el-4  el_after_av_one_full  el_before_av_hr  column-top-margin\" style='border-radius:0px; '><section class=\"av_textblock_section \"  itemscope=\"itemscope\" itemtype=\"https:\/\/schema.org\/BlogPosting\" itemprop=\"blogPost\" ><div class='avia_textblock  '   itemprop=\"text\" ><p style=\"text-align: justify;\">En el marco del programa Escuela de Formaci\u00f3n de Dirigentes Mayores en jornadas participativas territoriales que desarrolla el Servicio Nacional del Adulto Mayor (SENAMA), la Divisi\u00f3n de Organizaciones Sociales (DOS), dependiente de la SEREMI de Gobierno; realiz\u00f3 un Di\u00e1logo Ciudadano en villa Ma\u00f1ihuales sobre la Reforma de Pensiones, en el contexto del despliegue territorial, liderado por SEREMI del Trabajo y Previsi\u00f3n Social, en la sede del Adulto Mayor de la localidad.<\/p>\n<p style=\"text-align: justify;\">Tatiana Pl\u00e1 \u00c1lvarez, Seremi de Gobierno, destac\u00f3: \u201cFue una actividad muy buena la que realizamos en Ma\u00f1ihuales en conjunto con Senama, las personas mayores son las m\u00e1s interesadas en saber en qu\u00e9 est\u00e1 la\u00a0 Reforma de Pensiones porque son quienes actualmente tienen que sobrevivir con estas pensiones, las que no s\u00f3lo empobrecen m\u00e1s su situaci\u00f3n econ\u00f3mica, sino que\u00a0 muchas veces a eso se agregan carencias en temas de salud, vivienda, cuidados, entre otras. Entonces esto se transforma en un problema grave para nuestras personas mayores. Por eso, como Gobierno del Presidente Gabriel Boric, hemos asumido esta tarea y hoy estamos teniendo la oportunidad de realizar una tremenda labor para reparar esta injusticia a trav\u00e9s de un acuerdo transversal de todos los sectores. La Reforma de Pensiones busca mejorar las condiciones de los actuales y futuros pensionados\u201d.<\/p>\n<p style=\"text-align: justify;\">El programa de SENAMA ofrece espacios de participaci\u00f3n y formaci\u00f3n a personas mayores integrantes de organizaciones que no cuentan con toda la informaci\u00f3n sobre pol\u00edticas y oferta p\u00fablica dirigida a ellos, con el fin de que puedan conocer y hacer valer sus derechos.<\/p>\n<p style=\"text-align: justify;\">Esto se hace a trav\u00e9s de jornadas con metodolog\u00edas participativas, di\u00e1logos e intercambio de experiencias. Con este programa, SENAMA implementa la Ley N\u00b020.500 sobre Participaci\u00f3n Ciudadana, dando cumplimiento al instructivo presidencial de esta materia. Esta actividad realizada en Ma\u00f1ihuales responde a una de las l\u00edneas de trabajo de este servicio.<\/p>\n<p style=\"text-align: justify;\">Nicol\u00e1s Quilodr\u00e1n, Coordinador regional de SENAMA, indic\u00f3: \u201cLas jornadas participativas territoriales tienen como objetivo vincularse con el territorio. A trav\u00e9s de esta instancia, nosotros presentamos como servicio nuestra oferta program\u00e1tica y hacemos un levantamiento de informaci\u00f3n de las necesidades que tiene el territorio. Envejecer en Ays\u00e9n no es lo mismo que envejecer en otras regiones y tambi\u00e9n dentro de esta misma regi\u00f3n tenemos distintas realidades, envejecer en Ma\u00f1ihuales no es lo mismo que en Coyhaique y si lo comparamos con Puerto Tranquilo, Cochrane, villa O\u2019 Higgins, vamos a encontrarnos con algunas similitudes, pero tambi\u00e9n con dimensiones que son propias de cada lugar y para ello, nosotros levantamos esta informaci\u00f3n y conversamos con las personas mayores, con las organizaciones, para ver qu\u00e9 necesidades tienen y as\u00ed responder a aquellas demandas. El Presidente, nos ha mandatado a crear espacios de participaci\u00f3n y que debemos estar s\u00ed o s\u00ed en terreno\u201d.<\/p>\n<\/div><\/section><\/div><div  style='height:50px' class='hr hr-invisible   avia-builder-el-6  el_after_av_one_full  el_before_av_social_share '><span class='hr-inner ' ><span class='hr-inner-style'><\/span><\/span><\/div><\/p>\n<div  class='av-social-sharing-box  avia-builder-el-7  el_after_av_hr  el_before_av_hr  '><div class='av-share-box'><h5 class='av-share-link-description av-no-toc '>Compartir esta noticia<\/h5><ul class='av-share-box-list noLightbox'><li class='av-share-link av-social-link-facebook' ><a target=\"_blank\" aria-label=\"Compartir en Facebook\" href='https:\/\/www.facebook.com\/sharer.php?u=https:\/\/radiorevelacionfm.cl\/?p=34687&#038;t=Realizan%20Di%C3%A1logo%20Ciudadano%20con%20personas%20mayores%20en%20Villa%20Ma%C3%B1ihuales' aria-hidden='false' data-av_icon='\ue8f3' data-av_iconfont='entypo-fontello' title='' data-avia-related-tooltip='Compartir en Facebook' rel=\"noopener\"><span class='avia_hidden_link_text'>Compartir en Facebook<\/span><\/a><\/li><li class='av-share-link av-social-link-twitter' ><a target=\"_blank\" aria-label=\"Compartir en Twitter\" href='https:\/\/twitter.com\/share?text=Realizan%20Di%C3%A1logo%20Ciudadano%20con%20personas%20mayores%20en%20Villa%20Ma%C3%B1ihuales&#038;url=https:\/\/radiorevelacionfm.cl\/?p=34687' aria-hidden='false' data-av_icon='\ue8f1' data-av_iconfont='entypo-fontello' title='' data-avia-related-tooltip='Compartir en Twitter' rel=\"noopener\"><span class='avia_hidden_link_text'>Compartir en Twitter<\/span><\/a><\/li><li class='av-share-link av-social-link-whatsapp' ><a target=\"_blank\" aria-label=\"Compartir en Whatsapp\" href='https:\/\/api.whatsapp.com\/send?text=https:\/\/radiorevelacionfm.cl\/?p=34687' aria-hidden='false' data-av_icon='\uf232' data-av_iconfont='entypo-fontello' title='' data-avia-related-tooltip='Compartir en Whatsapp' rel=\"noopener\"><span class='avia_hidden_link_text'>Compartir en Whatsapp<\/span><\/a><\/li><li class='av-share-link av-social-link-linkedin' ><a target=\"_blank\" aria-label=\"Compartir en LinkedIn\" href='https:\/\/linkedin.com\/shareArticle?mini=true&#038;title=Realizan%20Di%C3%A1logo%20Ciudadano%20con%20personas%20mayores%20en%20Villa%20Ma%C3%B1ihuales&#038;url=https:\/\/radiorevelacionfm.cl\/?p=34687' aria-hidden='false' data-av_icon='\ue8fc' data-av_iconfont='entypo-fontello' title='' data-avia-related-tooltip='Compartir en LinkedIn' rel=\"noopener\"><span class='avia_hidden_link_text'>Compartir en LinkedIn<\/span><\/a><\/li><li class='av-share-link av-social-link-mail' ><a  aria-label=\"Compartir por correo\" href='mailto:?subject=Realizan%20Di%C3%A1logo%20Ciudadano%20con%20personas%20mayores%20en%20Villa%20Ma%C3%B1ihuales&#038;body=https:\/\/radiorevelacionfm.cl\/?p=34687' aria-hidden='false' data-av_icon='\ue805' data-av_iconfont='entypo-fontello' title='' data-avia-related-tooltip='Compartir por correo'><span class='avia_hidden_link_text'>Compartir por correo<\/span><\/a><\/li><\/ul><\/div><\/div>\n<div  style='height:50px' class='hr hr-invisible   avia-builder-el-8  el_after_av_social_share  el_before_av_comments_list '><span class='hr-inner ' ><span class='hr-inner-style'><\/span><\/span><\/div>\n<div  class='av-buildercomment  av-blog-meta-html-info-disabled av-blog-meta-tag-disabled  '><\/div>\n","protected":false},"excerpt":{"rendered":"","protected":false},"author":1,"featured_media":34688,"comment_status":"open","ping_status":"open","sticky":false,"template":"","format":"standard","meta":{"footnotes":""},"categories":[38],"tags":[],"class_list":["post-34687","post","type-post","status-publish","format-standard","has-post-thumbnail","hentry","category-regional"],"jetpack_featured_media_url":"https:\/\/radiorevelacionfm.cl\/wp-content\/uploads\/2023\/09\/mnihuales1-4-1_optimized-1.jpeg","_links":{"self":[{"href":"https:\/\/radiorevelacionfm.cl\/index.php?rest_route=\/wp\/v2\/posts\/34687","targetHints":{"allow":["GET"]}}],"collection":[{"href":"https:\/\/radiorevelacionfm.cl\/index.php?rest_route=\/wp\/v2\/posts"}],"about":[{"href":"https:\/\/radiorevelacionfm.cl\/index.php?rest_route=\/wp\/v2\/types\/post"}],"author":[{"embeddable":true,"href":"https:\/\/radiorevelacionfm.cl\/index.php?rest_route=\/wp\/v2\/users\/1"}],"replies":[{"embeddable":true,"href":"https:\/\/radiorevelacionfm.cl\/index.php?rest_route=%2Fwp%2Fv2%2Fcomments&post=34687"}],"version-history":[{"count":1,"href":"https:\/\/radiorevelacionfm.cl\/index.php?rest_route=\/wp\/v2\/posts\/34687\/revisions"}],"predecessor-version":[{"id":34689,"href":"https:\/\/radiorevelacionfm.cl\/index.php?rest_route=\/wp\/v2\/posts\/34687\/revisions\/34689"}],"wp:featuredmedia":[{"embeddable":true,"href":"https:\/\/radiorevelacionfm.cl\/index.php?rest_route=\/wp\/v2\/media\/34688"}],"wp:attachment":[{"href":"https:\/\/radiorevelacionfm.cl\/index.php?rest_route=%2Fwp%2Fv2%2Fmedia&parent=34687"}],"wp:term":[{"taxonomy":"category","embeddable":true,"href":"https:\/\/radiorevelacionfm.cl\/index.php?rest_route=%2Fwp%2Fv2%2Fcategories&post=34687"},{"taxonomy":"post_tag","embeddable":true,"href":"https:\/\/radiorevelacionfm.cl\/index.php?rest_route=%2Fwp%2Fv2%2Ftags&post=34687"}],"curies":[{"name":"wp","href":"https:\/\/api.w.org\/{rel}","templated":true}]}}